{"id":967,"date":"2025-09-10T14:10:12","date_gmt":"2025-09-10T12:10:12","guid":{"rendered":"https:\/\/droitemoderniste.be\/?p=967"},"modified":"2025-09-10T14:10:12","modified_gmt":"2025-09-10T12:10:12","slug":"mecanismes-de-financement-prive-pour-des-projets-animalistes","status":"publish","type":"post","link":"https:\/\/droitemoderniste.be\/index.php\/2025\/09\/10\/mecanismes-de-financement-prive-pour-des-projets-animalistes\/","title":{"rendered":"M\u00e9canismes de financement priv\u00e9 pour des projets animalistes"},"content":{"rendered":"\n<figure class=\"wp-block-image size-large\"><img loading=\"lazy\" decoding=\"async\" width=\"1024\" height=\"505\" src=\"https:\/\/droitemoderniste.be\/wp-content\/uploads\/2025\/09\/chat-dormir-1024x505.jpg\" alt=\"\" class=\"wp-image-968\" srcset=\"https:\/\/droitemoderniste.be\/wp-content\/uploads\/2025\/09\/chat-dormir-1024x505.jpg 1024w, https:\/\/droitemoderniste.be\/wp-content\/uploads\/2025\/09\/chat-dormir-300x148.jpg 300w, https:\/\/droitemoderniste.be\/wp-content\/uploads\/2025\/09\/chat-dormir-768x379.jpg 768w, https:\/\/droitemoderniste.be\/wp-content\/uploads\/2025\/09\/chat-dormir.jpg 1060w\" sizes=\"auto, (max-width: 1024px) 100vw, 1024px\" \/><\/figure>\n\n\n\n<p class=\"wp-block-paragraph\">Pour remplacer une part des subventions publiques, plusieurs m\u00e9canismes de financement priv\u00e9 peuvent \u00eatre mobilis\u00e9s, adapt\u00e9s au contexte des projets sociaux ou animalistes :<\/p>\n\n\n\n<p class=\"wp-block-paragraph\"><strong>M\u00e9c\u00e9nat et philanthropie d\u2019entreprise<\/strong><\/p>\n\n\n\n<p class=\"wp-block-paragraph\">Les entreprises et fondations priv\u00e9es peuvent financer des projets sp\u00e9cifiques, exp\u00e9rimentaux ou d\u2019ampleur croissante via des dons mon\u00e9taires ou en nature. Le m\u00e9c\u00e9nat de comp\u00e9tence (mise \u00e0 disposition de salari\u00e9s) est aussi une pratique efficace. Ce mod\u00e8le n\u00e9cessite un r\u00e9seau solide, une bonne communication et des projets attractifs.<\/p>\n\n\n\n<p class=\"wp-block-paragraph\"><strong>Crowdfunding et appels \u00e0 la g\u00e9n\u00e9rosit\u00e9 publique<\/strong><\/p>\n\n\n\n<p class=\"wp-block-paragraph\">La collecte de dons par des campagnes de financement participatif en ligne permet de mobiliser un large public, \u00e0 condition de disposer d\u2019une forte notori\u00e9t\u00e9 ou d\u2019un bon marketing. C\u2019est une source de financement compl\u00e9mentaire int\u00e9ressante pour les d\u00e9penses de fonctionnement et les projets cibl\u00e9s.<\/p>\n\n\n\n<p class=\"wp-block-paragraph\"><strong>Pr\u00eats participatifs et coop\u00e9ratives<\/strong><\/p>\n\n\n\n<p class=\"wp-block-paragraph\">Les pr\u00eats participatifs, assimilables \u00e0 des fonds propres, permettent d\u2019obtenir des financements sans dilution de propri\u00e9t\u00e9. Les banques coop\u00e9ratives et solidaires comme Cr\u00e9dit Coop\u00e9ratif, La Nef, ou Cr\u00e9dal facilitent l\u2019acc\u00e8s au cr\u00e9dit pour les associations ou projets sociaux. Ces financements sont moins co\u00fbteux que les cr\u00e9dits classiques et renforcent la confiance des bailleurs.<\/p>\n\n\n\n<p class=\"wp-block-paragraph\"><strong>\u00c9missions obligataires et financement par \u00e9pargne solidaire<\/strong><\/p>\n\n\n\n<p class=\"wp-block-paragraph\">Certaines organisations \u00e9mettent des obligations aupr\u00e8s d\u2019investisseurs priv\u00e9s (particuliers ou institutions) pour financer leurs activit\u00e9s. Ce m\u00e9canisme leur permet de lever des fonds importants \u00e0 des conditions financi\u00e8res avantageuses, favorisant l\u2019investissement priv\u00e9 responsable.<\/p>\n\n\n\n<p class=\"wp-block-paragraph\"><strong>Partenariats public-priv\u00e9 (PPP)<\/strong><\/p>\n\n\n\n<p class=\"wp-block-paragraph\">Le secteur priv\u00e9 peut s\u2019associer aux pouvoirs publics via des PPP, apportant capital, innovation et gestion efficace \u00e0 des projets d\u2019int\u00e9r\u00eat public, tout en limitant la charge budg\u00e9taire publique. Ces partenariats permettent un partage des risques et des responsabilit\u00e9s.<\/p>\n\n\n\n<p class=\"wp-block-paragraph\">Ces leviers combin\u00e9s offrent des pistes solides pour r\u00e9duire la d\u00e9pendance aux subventions publiques tout en garantissant des financements stables et adapt\u00e9s aux projets de protection animale ou sociaux.<\/p>\n","protected":false},"excerpt":{"rendered":"<p>Pour remplacer une part des subventions publiques, plusieurs m\u00e9canismes de financement priv\u00e9 peuvent \u00eatre mobilis\u00e9s, adapt\u00e9s au contexte des projets sociaux ou animalistes : M\u00e9c\u00e9nat et philanthropie d\u2019entreprise Les entreprises et fondations priv\u00e9es peuvent financer des projets sp\u00e9cifiques, exp\u00e9rimentaux ou d\u2019ampleur croissante via des dons mon\u00e9taires ou en nature. Le m\u00e9c\u00e9nat de comp\u00e9tence (mise \u00e0 [&hellip;]<\/p>\n","protected":false},"author":1,"featured_media":0,"comment_status":"open","ping_status":"open","sticky":false,"template":"","format":"standard","meta":{"_monsterinsights_skip_tracking":false,"_uf_show_specific_survey":0,"_uf_disable_surveys":false,"footnotes":""},"categories":[30],"tags":[],"class_list":["post-967","post","type-post","status-publish","format-standard","hentry","category-animalisme"],"_links":{"self":[{"href":"https:\/\/droitemoderniste.be\/index.php\/wp-json\/wp\/v2\/posts\/967","targetHints":{"allow":["GET"]}}],"collection":[{"href":"https:\/\/droitemoderniste.be\/index.php\/wp-json\/wp\/v2\/posts"}],"about":[{"href":"https:\/\/droitemoderniste.be\/index.php\/wp-json\/wp\/v2\/types\/post"}],"author":[{"embeddable":true,"href":"https:\/\/droitemoderniste.be\/index.php\/wp-json\/wp\/v2\/users\/1"}],"replies":[{"embeddable":true,"href":"https:\/\/droitemoderniste.be\/index.php\/wp-json\/wp\/v2\/comments?post=967"}],"version-history":[{"count":1,"href":"https:\/\/droitemoderniste.be\/index.php\/wp-json\/wp\/v2\/posts\/967\/revisions"}],"predecessor-version":[{"id":969,"href":"https:\/\/droitemoderniste.be\/index.php\/wp-json\/wp\/v2\/posts\/967\/revisions\/969"}],"wp:attachment":[{"href":"https:\/\/droitemoderniste.be\/index.php\/wp-json\/wp\/v2\/media?parent=967"}],"wp:term":[{"taxonomy":"category","embeddable":true,"href":"https:\/\/droitemoderniste.be\/index.php\/wp-json\/wp\/v2\/categories?post=967"},{"taxonomy":"post_tag","embeddable":true,"href":"https:\/\/droitemoderniste.be\/index.php\/wp-json\/wp\/v2\/tags?post=967"}],"curies":[{"name":"wp","href":"https:\/\/api.w.org\/{rel}","templated":true}]}}