{"id":961,"date":"2025-09-09T10:35:20","date_gmt":"2025-09-09T08:35:20","guid":{"rendered":"https:\/\/droitemoderniste.be\/?p=961"},"modified":"2025-09-09T10:35:20","modified_gmt":"2025-09-09T08:35:20","slug":"sus-au-black-out-moral-du-parlement-bruxellois","status":"publish","type":"post","link":"https:\/\/droitemoderniste.be\/index.php\/2025\/09\/09\/sus-au-black-out-moral-du-parlement-bruxellois\/","title":{"rendered":"Sus au black-out moral du Parlement bruxellois\u00a0!"},"content":{"rendered":"\n<figure class=\"wp-block-image size-full\"><img loading=\"lazy\" decoding=\"async\" width=\"275\" height=\"183\" src=\"https:\/\/droitemoderniste.be\/wp-content\/uploads\/2025\/09\/parlement-bxl.jpg\" alt=\"\" class=\"wp-image-962\"\/><\/figure>\n\n\n\n<p class=\"wp-block-paragraph\">L\u2019UE touch\u00e9e de plein fouet par le \u00ab&nbsp;Qatargate&nbsp;\u00bb, le \u00ab&nbsp;Moroccangate&nbsp;\u00bb, l\u2019&nbsp;\u00ab&nbsp;Irangate&nbsp;\u00bb, le Parlement wallon par les tartufferies de son ancien greffier et l\u2019incurable somnolence de sa pr\u00e9sidence\u2026<\/p>\n\n\n\n<p class=\"wp-block-paragraph\">Et personne ne pr\u00eate attention au silence assourdissant du \u00ab\u00a0petit poucet\u00a0\u00bb qu\u2019est le Parlement bruxellois dont le personnel, les membres, et la pr\u00e9sidence, pr\u00e9f\u00e8rent longer les murs en toute discr\u00e9tion de peur d\u2019attirer l\u2019attention et d\u2019\u00eatre eux aussi expos\u00e9s \u00e0 une v\u00e9rit\u00e9 g\u00eanante. Et ils ont bien raison, car en cette p\u00e9riode de \u00ab\u00a0black-out\u00a0\u00bb moral, pour vivre heureux mieux vaut vivre cach\u00e9.<\/p>\n\n\n\n<p class=\"wp-block-paragraph\">Pourrait-on parler pour le Parlement bruxellois d\u2019une insouciance \u00e9thique ayant encourag\u00e9 une culture de l\u2019impunit\u00e9\u00a0? C\u2019est plus que probable \u00e9tant donn\u00e9 que dans cette instance bruxelloise, et c\u2019est assez troublant, <strong>il n\u2019existe tout simplement pas de syst\u00e8me effectif de surveillance \u00e9thique<\/strong>. <\/p>\n\n\n\n<p class=\"wp-block-paragraph\">Donc il sera vain de reprocher et d\u00e9montrer l\u2019incapacit\u00e9 du syst\u00e8me actuel de surveillance \u00e9thique du Parlement bruxellois \u00e0 r\u00e9duire les risques d\u2019abus et\/ou de conflits d\u2019int\u00e9r\u00eats possibles, patents ou latents\u00a0: rien d\u2019op\u00e9rationnel n\u2019est pr\u00e9vu, rien de concret n\u2019a jamais \u00e9t\u00e9 actionn\u00e9.<\/p>\n\n\n\n<p class=\"wp-block-paragraph\">Il y avait pourtant un faisceau d\u2019indices montrant ici aussi que l\u2019argent ach\u00e8te l\u2019influence dans la capitale europ\u00e9enne, notamment les interventions\u00a0 de parlementaires d\u2019origine turque vantant les m\u00e9rites de la politique ext\u00e9rieure du r\u00e9gime Erdogan, sp\u00e9cifiquement celle concernant les Kurdes de Syrie. <\/p>\n\n\n\n<p class=\"wp-block-paragraph\">De m\u00eame, plusieurs discours (t\u00e9moignant au passage de l\u2019entrisme musulman) de plusieurs parlementaires d\u2019origine maghr\u00e9bine et turque, vantant eux aussi les bienfaits et l\u2019avant-gardisme du Qatar en mati\u00e8re sociale au Moyen-Orient. <\/p>\n\n\n\n<p class=\"wp-block-paragraph\">Et si l\u2019on en juge par les discours de certains d\u00e9put\u00e9s bruxellois on peut se demander si nous ne verrions pas bient\u00f4t surgir un \u00ab\u00a0Moroccangate\u00a0\u00bb sp\u00e9cifique \u00e0 la R\u00e9gion Bruxelles-Capitale\u2026<\/p>\n\n\n\n<p class=\"wp-block-paragraph\">Le parlement bruxellois est lui aussi un maillon faible du syst\u00e8me d\u2019int\u00e9grit\u00e9 de la d\u00e9mocratie belge et de la d\u00e9mocratie europ\u00e9enne, du fait d\u2019une application tr\u00e8s d\u00e9ficiente de r\u00e8gles qui, de toute fa\u00e7on, sont d\u00e9j\u00e0 \u00e0 la base laxistes.<\/p>\n\n\n\n<p class=\"wp-block-paragraph\">Les membres du Parlement bruxellois sont eux aussi autoris\u00e9s \u00e0 avoir des emplois secondaires (un quart des d\u00e9put\u00e9s bruxellois d\u00e9clarent le faire), et ils ne sont responsables de leur conduite que devant leurs pairs, toujours \u00e9tonnamment tol\u00e9rants et bienveillants (peut-\u00eatre de peur d\u2019\u00eatre tax\u00e9 de stigmatisation d\u2019autrui\u00a0?). <\/p>\n\n\n\n<p class=\"wp-block-paragraph\">\u00c9tant donn\u00e9 la proportion de d\u00e9put\u00e9s bruxellois qui profitent de cette complaisance, il n\u2019est pas surprenant que m\u00eames les hypoth\u00e9tiques enqu\u00eates (elles sont tellement rares qu\u2019on ne parle plus que d\u2019hypoth\u00e8ses) n\u2019aboutissent \u00e0 rien et laissent les manquements \u00e9thiques impunis. Par ailleurs, les d\u00e9put\u00e9s bruxellois, eux non plus ne sont pas tenus de d\u00e9clarer toutes leurs r\u00e9unions.<\/p>\n\n\n\n<p class=\"wp-block-paragraph\">Et les protections existantes pour les assistants parlementaires qui agiraient comme lanceurs d\u2019alerte ne fonctionnent pas dans la pratique, car leur emploi d\u00e9pend de la relation de confiance avec leur d\u00e9put\u00e9 bruxellois.<\/p>\n\n\n\n<p class=\"wp-block-paragraph\">Et puis, l\u2019institution parlementaire bruxelloise est affubl\u00e9e d\u2019un handicap majeur pour enqu\u00eater sur la capacit\u00e9, ou l\u2019incapacit\u00e9, morale de ses membres\u00a0: \u00e0 Bruxelles, plus que partout ailleurs, \u00e9tant donn\u00e9 que 75 % des habitants ont une origine \u00e9trang\u00e8re, toute tentative de contr\u00f4le \u00e9thique est susceptible d\u2019engranger automatiquement des r\u00e9criminations de stigmatisation communautaire ou religieuse. <\/p>\n\n\n\n<p class=\"wp-block-paragraph\">Donc la r\u00e8gle non \u00e9crite, non dite, c\u2019est\u00a0: pas de surveillance (ou alors la plus minime possible) pour ne pas provoquer de malaise ou de dispute entre repr\u00e9sentants de communaut\u00e9s qui vivent c\u00f4te \u00e0 c\u00f4te plus qu\u2019ensemble.<\/p>\n\n\n\n<p class=\"wp-block-paragraph\">En somme, enqu\u00eater sur toute affaire de collusion, concussion, corruption, trafic d\u2019influences, c\u2019est ouvrir la bo\u00eete de Pandore du cosmopolitisme bruxellois. <\/p>\n\n\n\n<p class=\"wp-block-paragraph\">Sous cet angle, l\u2019insouciance \u00e9thique du Parlement bruxellois qui a encourag\u00e9 une culture de l\u2019impunit\u00e9 se comprend mieux, m\u00eame si elle nuit non seulement \u00e0 la confiance des citoyens bruxellois dans les institutions d\u00e9mocratiques mais aussi aux int\u00e9r\u00eats de la R\u00e9gion Bruxelles-Capitale, car elle entra\u00eene des comportements contraires \u00e0 ses valeurs d\u00e9clar\u00e9es, dans une p\u00e9riode de r\u00e9alignement g\u00e9opolitique (prochaine r\u00e9forme de l\u2019\u00c9tat f\u00e9d\u00e9ral, projets de conf\u00e9d\u00e9ralisme voire de s\u00e9cession de la Flandre\u2026) sans pr\u00e9c\u00e9dent pour notre Royaume.<\/p>\n\n\n\n<p class=\"wp-block-paragraph\"><\/p>\n","protected":false},"excerpt":{"rendered":"<p>L\u2019UE touch\u00e9e de plein fouet par le \u00ab&nbsp;Qatargate&nbsp;\u00bb, le \u00ab&nbsp;Moroccangate&nbsp;\u00bb, l\u2019&nbsp;\u00ab&nbsp;Irangate&nbsp;\u00bb, le Parlement wallon par les tartufferies de son ancien greffier et l\u2019incurable somnolence de sa pr\u00e9sidence\u2026 Et personne ne pr\u00eate attention au silence assourdissant du \u00ab\u00a0petit poucet\u00a0\u00bb qu\u2019est le Parlement bruxellois dont le personnel, les membres, et la pr\u00e9sidence, pr\u00e9f\u00e8rent longer les murs en [&hellip;]<\/p>\n","protected":false},"author":1,"featured_media":0,"comment_status":"open","ping_status":"open","sticky":false,"template":"","format":"standard","meta":{"_monsterinsights_skip_tracking":false,"_uf_show_specific_survey":0,"_uf_disable_surveys":false,"footnotes":""},"categories":[21],"tags":[],"class_list":["post-961","post","type-post","status-publish","format-standard","hentry","category-institutions"],"_links":{"self":[{"href":"https:\/\/droitemoderniste.be\/index.php\/wp-json\/wp\/v2\/posts\/961","targetHints":{"allow":["GET"]}}],"collection":[{"href":"https:\/\/droitemoderniste.be\/index.php\/wp-json\/wp\/v2\/posts"}],"about":[{"href":"https:\/\/droitemoderniste.be\/index.php\/wp-json\/wp\/v2\/types\/post"}],"author":[{"embeddable":true,"href":"https:\/\/droitemoderniste.be\/index.php\/wp-json\/wp\/v2\/users\/1"}],"replies":[{"embeddable":true,"href":"https:\/\/droitemoderniste.be\/index.php\/wp-json\/wp\/v2\/comments?post=961"}],"version-history":[{"count":1,"href":"https:\/\/droitemoderniste.be\/index.php\/wp-json\/wp\/v2\/posts\/961\/revisions"}],"predecessor-version":[{"id":963,"href":"https:\/\/droitemoderniste.be\/index.php\/wp-json\/wp\/v2\/posts\/961\/revisions\/963"}],"wp:attachment":[{"href":"https:\/\/droitemoderniste.be\/index.php\/wp-json\/wp\/v2\/media?parent=961"}],"wp:term":[{"taxonomy":"category","embeddable":true,"href":"https:\/\/droitemoderniste.be\/index.php\/wp-json\/wp\/v2\/categories?post=961"},{"taxonomy":"post_tag","embeddable":true,"href":"https:\/\/droitemoderniste.be\/index.php\/wp-json\/wp\/v2\/tags?post=961"}],"curies":[{"name":"wp","href":"https:\/\/api.w.org\/{rel}","templated":true}]}}