{"id":958,"date":"2025-09-08T10:37:35","date_gmt":"2025-09-08T08:37:35","guid":{"rendered":"https:\/\/droitemoderniste.be\/?p=958"},"modified":"2025-09-08T10:37:35","modified_gmt":"2025-09-08T08:37:35","slug":"protection-animale-et-reduction-des-depenses-publiques-sont-liees","status":"publish","type":"post","link":"https:\/\/droitemoderniste.be\/index.php\/2025\/09\/08\/protection-animale-et-reduction-des-depenses-publiques-sont-liees\/","title":{"rendered":"Protection animale et r\u00e9duction des d\u00e9penses publiques sont li\u00e9es!"},"content":{"rendered":"\n<figure class=\"wp-block-image size-full\"><img loading=\"lazy\" decoding=\"async\" width=\"1024\" height=\"576\" src=\"https:\/\/droitemoderniste.be\/wp-content\/uploads\/2025\/09\/jul17-07-526192642-1024x576-1.jpg\" alt=\"\" class=\"wp-image-959\" srcset=\"https:\/\/droitemoderniste.be\/wp-content\/uploads\/2025\/09\/jul17-07-526192642-1024x576-1.jpg 1024w, https:\/\/droitemoderniste.be\/wp-content\/uploads\/2025\/09\/jul17-07-526192642-1024x576-1-300x169.jpg 300w, https:\/\/droitemoderniste.be\/wp-content\/uploads\/2025\/09\/jul17-07-526192642-1024x576-1-768x432.jpg 768w\" sizes=\"auto, (max-width: 1024px) 100vw, 1024px\" \/><\/figure>\n\n\n\n<p class=\"wp-block-paragraph\">Nous sommes convaincus que la protection animale peut engendrer des \u00e9conomies publiques et am\u00e9liorer la gestion des fonds publics.<\/p>\n\n\n\n<p class=\"wp-block-paragraph\">Voici nos principaux arguments et mesures concr\u00e8tes :<\/p>\n\n\n\n<p class=\"wp-block-paragraph\"><strong>R\u00e9duction des co\u00fbts li\u00e9s \u00e0 la sant\u00e9 publique<\/strong><\/p>\n\n\n\n<p class=\"wp-block-paragraph\">Une meilleure protection animale, notamment par la r\u00e9duction de l\u2019\u00e9levage intensif et la promotion d\u2019une alimentation v\u00e9g\u00e9tale, peut contribuer \u00e0 am\u00e9liorer la sant\u00e9 humaine en diminuant les maladies li\u00e9es \u00e0 la consommation excessive de viande (maladies cardiovasculaires, cancers, diab\u00e8te). Cela peut r\u00e9duire les d\u00e9penses de sant\u00e9 publique \u00e0 long terme.<\/p>\n\n\n\n<p class=\"wp-block-paragraph\"><strong>Moins de co\u00fbts li\u00e9s \u00e0 la gestion des nuisances et des accidents<\/strong><\/p>\n\n\n\n<p class=\"wp-block-paragraph\">La maltraitance ou n\u00e9gligence animale g\u00e9n\u00e8rent des nuisances (pollution, nuisibles, accidents) qui engendrent des d\u00e9penses publiques. Am\u00e9liorer le bien-\u00eatre des animaux domestiques et sauvages r\u00e9duit ces co\u00fbts indirects pour les services publics locaux et nationaux.<\/p>\n\n\n\n<p class=\"wp-block-paragraph\"><strong>Diminution des co\u00fbts li\u00e9s aux abattoirs et contr\u00f4les sanitaires<\/strong><\/p>\n\n\n\n<p class=\"wp-block-paragraph\">Un meilleur encadrement des pratiques d\u2019\u00e9levage et d\u2019abattage, avec des normes plus strictes et des m\u00e9thodes \u00e9thiques, permet d\u2019\u00e9viter des contaminations, maladies et probl\u00e8mes sanitaires co\u00fbteux. Des inspections plus efficaces r\u00e9duisent les risques de crises sanitaires.<\/p>\n\n\n\n<p class=\"wp-block-paragraph\"><strong>Soutien aux refuges et accompagnement social<\/strong><\/p>\n\n\n\n<p class=\"wp-block-paragraph\">Le financement cibl\u00e9 pour les refuges et soins v\u00e9t\u00e9rinaires permet de pr\u00e9venir la prolif\u00e9ration d\u2019animaux errants et maltrait\u00e9s qui engendrent des co\u00fbts publics importants (capture, st\u00e9rilisation, euthanasie). Cela s&rsquo;accompagne d\u2019une meilleure int\u00e9gration sociale et sant\u00e9 animale.<\/p>\n\n\n\n<p class=\"wp-block-paragraph\"><strong>Promotion d\u2019une \u00e9conomie verte et durable<\/strong><\/p>\n\n\n\n<p class=\"wp-block-paragraph\">Investir dans des alternatives agricoles respectueuses du bien-\u00eatre animal favorise une \u00e9conomie plus durable et r\u00e9silience face aux crises, avec des impacts positifs sur l\u2019emploi local et les d\u00e9penses publiques li\u00e9es \u00e0 la gestion environnementale.<\/p>\n\n\n\n<p class=\"wp-block-paragraph\">Ainsi, associer protection animale et r\u00e9duction des d\u00e9penses publiques revient \u00e0 d\u00e9montrer que le bien-\u00eatre animal engendre des \u00e9conomies r\u00e9elles en sant\u00e9, gestion urbaine, s\u00e9curit\u00e9 sanitaire, et d\u00e9veloppement durable, tout en \u00e9tant socialement responsable.<\/p>\n","protected":false},"excerpt":{"rendered":"<p>Nous sommes convaincus que la protection animale peut engendrer des \u00e9conomies publiques et am\u00e9liorer la gestion des fonds publics. Voici nos principaux arguments et mesures concr\u00e8tes : R\u00e9duction des co\u00fbts li\u00e9s \u00e0 la sant\u00e9 publique Une meilleure protection animale, notamment par la r\u00e9duction de l\u2019\u00e9levage intensif et la promotion d\u2019une alimentation v\u00e9g\u00e9tale, peut contribuer \u00e0 [&hellip;]<\/p>\n","protected":false},"author":1,"featured_media":0,"comment_status":"open","ping_status":"open","sticky":false,"template":"","format":"standard","meta":{"_monsterinsights_skip_tracking":false,"_uf_show_specific_survey":0,"_uf_disable_surveys":false,"footnotes":""},"categories":[30],"tags":[],"class_list":["post-958","post","type-post","status-publish","format-standard","hentry","category-animalisme"],"_links":{"self":[{"href":"https:\/\/droitemoderniste.be\/index.php\/wp-json\/wp\/v2\/posts\/958","targetHints":{"allow":["GET"]}}],"collection":[{"href":"https:\/\/droitemoderniste.be\/index.php\/wp-json\/wp\/v2\/posts"}],"about":[{"href":"https:\/\/droitemoderniste.be\/index.php\/wp-json\/wp\/v2\/types\/post"}],"author":[{"embeddable":true,"href":"https:\/\/droitemoderniste.be\/index.php\/wp-json\/wp\/v2\/users\/1"}],"replies":[{"embeddable":true,"href":"https:\/\/droitemoderniste.be\/index.php\/wp-json\/wp\/v2\/comments?post=958"}],"version-history":[{"count":1,"href":"https:\/\/droitemoderniste.be\/index.php\/wp-json\/wp\/v2\/posts\/958\/revisions"}],"predecessor-version":[{"id":960,"href":"https:\/\/droitemoderniste.be\/index.php\/wp-json\/wp\/v2\/posts\/958\/revisions\/960"}],"wp:attachment":[{"href":"https:\/\/droitemoderniste.be\/index.php\/wp-json\/wp\/v2\/media?parent=958"}],"wp:term":[{"taxonomy":"category","embeddable":true,"href":"https:\/\/droitemoderniste.be\/index.php\/wp-json\/wp\/v2\/categories?post=958"},{"taxonomy":"post_tag","embeddable":true,"href":"https:\/\/droitemoderniste.be\/index.php\/wp-json\/wp\/v2\/tags?post=958"}],"curies":[{"name":"wp","href":"https:\/\/api.w.org\/{rel}","templated":true}]}}