{"id":939,"date":"2025-09-07T11:20:54","date_gmt":"2025-09-07T09:20:54","guid":{"rendered":"https:\/\/droitemoderniste.be\/?p=939"},"modified":"2025-09-07T11:20:54","modified_gmt":"2025-09-07T09:20:54","slug":"ne-restez-pas-indifferents-a-la-cause-animale","status":"publish","type":"post","link":"https:\/\/droitemoderniste.be\/index.php\/2025\/09\/07\/ne-restez-pas-indifferents-a-la-cause-animale\/","title":{"rendered":"Ne restez pas indiff\u00e9rents \u00e0 la cause animale"},"content":{"rendered":"\n<figure class=\"wp-block-image size-large\"><img loading=\"lazy\" decoding=\"async\" width=\"1024\" height=\"505\" src=\"https:\/\/droitemoderniste.be\/wp-content\/uploads\/2025\/09\/chiens-traineau-1024x505.jpg\" alt=\"\" class=\"wp-image-940\" srcset=\"https:\/\/droitemoderniste.be\/wp-content\/uploads\/2025\/09\/chiens-traineau-1024x505.jpg 1024w, https:\/\/droitemoderniste.be\/wp-content\/uploads\/2025\/09\/chiens-traineau-300x148.jpg 300w, https:\/\/droitemoderniste.be\/wp-content\/uploads\/2025\/09\/chiens-traineau-768x379.jpg 768w, https:\/\/droitemoderniste.be\/wp-content\/uploads\/2025\/09\/chiens-traineau.jpg 1060w\" sizes=\"auto, (max-width: 1024px) 100vw, 1024px\" \/><\/figure>\n\n\n\n<p class=\"wp-block-paragraph\">Voyez ses b\u00e9n\u00e9fices sociaux tangibles qui touchent directement la qualit\u00e9 de vie des humains et la coh\u00e9sion soci\u00e9tale. Voici les b\u00e9n\u00e9fices sociaux cl\u00e9s que <mark style=\"background-color:rgba(0, 0, 0, 0);color:#ff6900\" class=\"has-inline-color\">MDM <\/mark>promeut :<\/p>\n\n\n\n<p class=\"wp-block-paragraph\"><strong>Am\u00e9lioration de la sant\u00e9 publique<\/strong><\/p>\n\n\n\n<p class=\"wp-block-paragraph\">En r\u00e9duisant la consommation de viande et en favorisant une alimentation plus v\u00e9g\u00e9tale, on diminue non seulement la souffrance animale mais aussi les risques li\u00e9s aux maladies cardio-vasculaires, au diab\u00e8te et \u00e0 certains cancers. Cela contribue \u00e0 une population en meilleure sant\u00e9 et \u00e0 une baisse des co\u00fbts de sant\u00e9 publique.<\/p>\n\n\n\n<p class=\"wp-block-paragraph\"><strong>Cr\u00e9ation d\u2019emplois durables et \u00e9thiques<\/strong><\/p>\n\n\n\n<p class=\"wp-block-paragraph\">Le d\u00e9veloppement des secteurs alternatifs \u00e0 l\u2019\u00e9levage intensif, comme les prot\u00e9ines v\u00e9g\u00e9tales, les substituts de viande, et la recherche en agro-environnementalisme, peut g\u00e9n\u00e9rer des emplois innovants, locaux et respectueux de l\u2019environnement. Cela dynamise l\u2019\u00e9conomie tout en s\u2019alignant sur les valeurs soci\u00e9tales modernes.<\/p>\n\n\n\n<p class=\"wp-block-paragraph\"><strong>Lutte contre les in\u00e9galit\u00e9s sociales<\/strong><\/p>\n\n\n\n<p class=\"wp-block-paragraph\">Un bien-\u00eatre animal renforc\u00e9 va souvent de pair avec une meilleure qualit\u00e9 environnementale (air, eau, sol), qui b\u00e9n\u00e9ficie aux zones d\u00e9favoris\u00e9es. Adopter une politique animaliste peut contribuer \u00e0 rendre les milieux de vie plus sains et plus agr\u00e9ables pour toutes et tous.<\/p>\n\n\n\n<p class=\"wp-block-paragraph\"><strong>Renforcement du vivre-ensemble et de l\u2019empathie<\/strong><\/p>\n\n\n\n<p class=\"wp-block-paragraph\">Sensibiliser \u00e0 la cause animale encourage des valeurs d\u2019empathie, de respect et de solidarit\u00e9, fondements du lien social. Cela peut favoriser la coh\u00e9sion sociale et pr\u00e9venir des comportements violents ou destructeurs.<\/p>\n\n\n\n<p class=\"wp-block-paragraph\"><strong>Transition juste et environnementale<\/strong><\/p>\n\n\n\n<p class=\"wp-block-paragraph\">L\u2019animalisme s\u2019inscrit dans une vision plus large de transition environnementale qui vise \u00e0 prot\u00e9ger la biodiversit\u00e9 et \u00e0 lutter contre le changement climatique, enjeu majeur pour les g\u00e9n\u00e9rations futures. Cette vision partag\u00e9e peut rassembler au-del\u00e0 des seuls d\u00e9fenseurs des animaux.<\/p>\n","protected":false},"excerpt":{"rendered":"<p>Voyez ses b\u00e9n\u00e9fices sociaux tangibles qui touchent directement la qualit\u00e9 de vie des humains et la coh\u00e9sion soci\u00e9tale. Voici les b\u00e9n\u00e9fices sociaux cl\u00e9s que MDM promeut : Am\u00e9lioration de la sant\u00e9 publique En r\u00e9duisant la consommation de viande et en favorisant une alimentation plus v\u00e9g\u00e9tale, on diminue non seulement la souffrance animale mais aussi les [&hellip;]<\/p>\n","protected":false},"author":1,"featured_media":0,"comment_status":"open","ping_status":"open","sticky":false,"template":"","format":"standard","meta":{"_monsterinsights_skip_tracking":false,"_uf_show_specific_survey":0,"_uf_disable_surveys":false,"footnotes":""},"categories":[30],"tags":[],"class_list":["post-939","post","type-post","status-publish","format-standard","hentry","category-animalisme"],"_links":{"self":[{"href":"https:\/\/droitemoderniste.be\/index.php\/wp-json\/wp\/v2\/posts\/939","targetHints":{"allow":["GET"]}}],"collection":[{"href":"https:\/\/droitemoderniste.be\/index.php\/wp-json\/wp\/v2\/posts"}],"about":[{"href":"https:\/\/droitemoderniste.be\/index.php\/wp-json\/wp\/v2\/types\/post"}],"author":[{"embeddable":true,"href":"https:\/\/droitemoderniste.be\/index.php\/wp-json\/wp\/v2\/users\/1"}],"replies":[{"embeddable":true,"href":"https:\/\/droitemoderniste.be\/index.php\/wp-json\/wp\/v2\/comments?post=939"}],"version-history":[{"count":1,"href":"https:\/\/droitemoderniste.be\/index.php\/wp-json\/wp\/v2\/posts\/939\/revisions"}],"predecessor-version":[{"id":941,"href":"https:\/\/droitemoderniste.be\/index.php\/wp-json\/wp\/v2\/posts\/939\/revisions\/941"}],"wp:attachment":[{"href":"https:\/\/droitemoderniste.be\/index.php\/wp-json\/wp\/v2\/media?parent=939"}],"wp:term":[{"taxonomy":"category","embeddable":true,"href":"https:\/\/droitemoderniste.be\/index.php\/wp-json\/wp\/v2\/categories?post=939"},{"taxonomy":"post_tag","embeddable":true,"href":"https:\/\/droitemoderniste.be\/index.php\/wp-json\/wp\/v2\/tags?post=939"}],"curies":[{"name":"wp","href":"https:\/\/api.w.org\/{rel}","templated":true}]}}