{"id":913,"date":"2025-09-04T14:17:27","date_gmt":"2025-09-04T12:17:27","guid":{"rendered":"https:\/\/droitemoderniste.be\/?p=913"},"modified":"2025-09-04T14:17:27","modified_gmt":"2025-09-04T12:17:27","slug":"soins-hospitaliers-trop-pour-les-adultes-pas-assez-pour-les-enfants","status":"publish","type":"post","link":"https:\/\/droitemoderniste.be\/index.php\/2025\/09\/04\/soins-hospitaliers-trop-pour-les-adultes-pas-assez-pour-les-enfants\/","title":{"rendered":"Soins hospitaliers\u00a0: trop pour les adultes, pas assez pour les enfants\u00a0!"},"content":{"rendered":"\n<figure class=\"wp-block-image size-full\"><img loading=\"lazy\" decoding=\"async\" width=\"277\" height=\"182\" src=\"https:\/\/droitemoderniste.be\/wp-content\/uploads\/2025\/09\/soins-pedia2.jpg\" alt=\"\" class=\"wp-image-914\"\/><\/figure>\n\n\n\n<p class=\"wp-block-paragraph\"><strong><em>Nous voulons garantir un \u00e9gal acc\u00e8s pour les enfants \u00e0 des soins de qualit\u00e9<\/em><\/strong><\/p>\n\n\n\n<p class=\"wp-block-paragraph\">Les soins hospitaliers p\u00e9diatriques sont en totale d\u00e9sh\u00e9rence et <mark style=\"background-color:rgba(0, 0, 0, 0);color:#ff6900\" class=\"has-inline-color\">MDM<\/mark>\u00a0 veut mettre en garde contre l\u2019oubli des enfants, et des maladies rares dont ils peuvent souffrir, alors que les ressources de la sant\u00e9 publique sont en grande partie allou\u00e9es aux pathologies chroniques des adultes.<\/p>\n\n\n\n<p class=\"wp-block-paragraph\">L\u2019\u00e9volution d\u00e9mographique, la progression des connaissances, les r\u00e9volutions techniques qui les accompagnent et les modifications r\u00e9glementaires et soci\u00e9tales qui en d\u00e9coulent ont entra\u00een\u00e9 une crise organisationnelle majeure dans notre syst\u00e8me hospitalier. Si une r\u00e9forme de l\u2019offre de soins est indispensable pour r\u00e9pondre \u00e0 ces d\u00e9fis, elle doit absolument tenir compte des sp\u00e9cificit\u00e9s des enfants et des adolescents.<\/p>\n\n\n\n<p class=\"wp-block-paragraph\">Les soins p\u00e9diatriques englobent de nombreux domaines de sant\u00e9, de la m\u00e9decine pr\u00e9ventive au diagnostic et au traitement des maladies aigu\u00ebs et chroniques. En Belgique, plus de 800 p\u00e9diatres travaillent en milieu hospitalier et se consacrent au syst\u00e8me public pour 80 % d\u2019entre eux. Ils assurent chaque ann\u00e9e l\u2019accueil des urgences vingt-quatre heures sur vingt-quatre, l\u2019examen de tous les nouveau-n\u00e9s en maternit\u00e9, la prise en charge diagnostique et th\u00e9rapeutique des enfants hospitalis\u00e9s ou accueillis dans les unit\u00e9s de soins de suite et de r\u00e9adaptation.<\/p>\n\n\n\n<p class=\"wp-block-paragraph\">\u00c0 l\u2019heure o\u00f9 les politiques publiques affichent fi\u00e8rement les n\u00e9cessaires mesures ax\u00e9es sur la pr\u00e9vention et la protection des enfants (politique de protection de l\u2019enfance en danger, etc.), les soins hospitaliers p\u00e9diatriques se retrouvent en totale d\u00e9sh\u00e9rence.<\/p>\n\n\n\n<p class=\"wp-block-paragraph\">Les soins p\u00e9diatriques ont \u00e9t\u00e9 r\u00e9volutionn\u00e9s par les avanc\u00e9es scientifiques et m\u00e9dicales de ces derni\u00e8res d\u00e9cennies. L\u2019Acad\u00e9mie am\u00e9ricaine de p\u00e9diatrie a r\u00e9cemment class\u00e9 parmi les progr\u00e8s majeurs en p\u00e9diatrie la pr\u00e9vention des maladies infectieuses avec la vaccination, la gu\u00e9rison de cancers de l\u2019enfant, les progr\u00e8s consid\u00e9rables dans la prise en charge des pr\u00e9matur\u00e9s, ou encore l\u2019augmentation de l\u2019esp\u00e9rance de vie des enfants souffrant de maladies chroniques.<\/p>\n\n\n\n<p class=\"wp-block-paragraph\">Ces progr\u00e8s n\u2019ont pu \u00eatre obtenus que gr\u00e2ce au d\u00e9veloppement d\u2019expertises p\u00e9diatriques dans les diff\u00e9rents domaines concern\u00e9s. Des sur-sp\u00e9cialit\u00e9s p\u00e9diatriques ont permis une prise en charge sp\u00e9cifique des enfants, tout en pr\u00e9servant la mission premi\u00e8re de chaque p\u00e9diatre d\u2019avoir une vision globale de l\u2019enfant et de son d\u00e9veloppement. Ces sur-sp\u00e9cialit\u00e9s se sont notamment particuli\u00e8rement investies dans la prise en charge des maladies rares et complexes de l\u2019enfant, ainsi que dans toutes les maladies chroniques.<\/p>\n\n\n\n<p class=\"wp-block-paragraph\">En Belgique, pr\u00e8s de 50 000 enfants de moins de 15 ans sont concern\u00e9s par une pathologie chronique reconnue en affection de longue dur\u00e9e, et les services de sp\u00e9cialit\u00e9s p\u00e9diatriques repr\u00e9sentent 40 % des centres de r\u00e9f\u00e9rence pour les maladies rares. Ces progr\u00e8s acquis au terme d\u2019un long parcours sont aujourd\u2019hui menac\u00e9s.<\/p>\n\n\n\n<p class=\"wp-block-paragraph\">Une grande partie des ressources allou\u00e9es au syst\u00e8me de sant\u00e9 est actuellement orient\u00e9e vers la prise en charge des maladies chroniques des adultes. Les enfants ne doivent pas \u00eatre oubli\u00e9s.<\/p>\n\n\n\n<p class=\"wp-block-paragraph\">Les aspects sp\u00e9cifiques de leur prise en charge semblent actuellement se diluer au point de dispara\u00eetre dans l\u2019organisation pr\u00e9vue pour les adultes, emp\u00eachant la prise en compte des besoins sp\u00e9cifiques des enfants, comme la croissance, la pubert\u00e9, la scolarit\u00e9 ou encore la construction de l\u2019autonomie. Autant d\u2019\u00e9l\u00e9ments qui leur permettront de devenir des adultes comme les autres, actifs et bien ins\u00e9r\u00e9s dans la soci\u00e9t\u00e9. Si la contrainte \u00e9conomique existe, la r\u00e9ponse soci\u00e9tale concernant les soins apport\u00e9s aux enfants souffrant de maladies chroniques m\u00e9rite une r\u00e9flexion profonde.<\/p>\n\n\n\n<p class=\"wp-block-paragraph\">La plupart des d\u00e9cideurs, qu\u2019ils soient dans les directions hospitali\u00e8res et universitaires, ou dans les agences r\u00e9gionales de sant\u00e9, sont aveugles \u00e0 ces savoir-faire sp\u00e9cifiques et consid\u00e8rent tous les p\u00e9diatres comme interchangeables, leur seule sp\u00e9cificit\u00e9 \u00e9tant de savoir s\u2019occuper de \u00ab&nbsp;petits enfants&nbsp;\u00bb. Cette vision r\u00e9ductrice am\u00e8ne certains \u00e9tablissements, y compris parmi les CHU, \u00e0 purement et simplement renoncer \u00e0 certaines activit\u00e9s sans concertation et r\u00e9organisation pr\u00e9alables, construisant ainsi par la d\u00e9gradation de l\u2019acc\u00e8s aux soins les d\u00e9serts m\u00e9dicaux dans les territoires concern\u00e9s.<\/p>\n\n\n\n<p class=\"wp-block-paragraph\">Il devient urgent de r\u00e9viser l\u2019organisation des soins p\u00e9diatriques pour construire des parcours de soins coh\u00e9rents, permettant de r\u00e9pondre \u00e0 la fois aux soins primaires aigus, et aux demandes d\u2019expertise sur l\u2019ensemble du territoire.<\/p>\n\n\n\n<p class=\"wp-block-paragraph\">Les patients, leurs familles et les associations doivent \u00eatre entendus pour aider \u00e0 positionner au mieux le curseur entre proximit\u00e9 et niveau d\u2019expertise. Chaque agence f\u00e9d\u00e9rale ou r\u00e9gionale de sant\u00e9 doit identifier un r\u00e9f\u00e9rent p\u00e9diatrique pour garantir la meilleure organisation et un \u00e9gal acc\u00e8s pour les enfants \u00e0 des soins de qualit\u00e9.<\/p>\n\n\n\n<p class=\"wp-block-paragraph\">L\u2019Organisation mondiale de la sant\u00e9 dit que \u00ab\u00a0<em>l\u2019avenir de toutes soci\u00e9t\u00e9s repose sur les enfants, dont il faut absolument assurer la sant\u00e9, la croissance et le d\u00e9veloppement<\/em>\u00a0\u00bb. Il est vital et urgent qu\u2019un sursaut permette de d\u00e9finir ces objectifs et d\u2019envisager les moyens pour les atteindre, \u00e9tape indispensable avant de se pencher sur le probl\u00e8me de la d\u00e9mographie m\u00e9dicale.<\/p>\n","protected":false},"excerpt":{"rendered":"<p>Nous voulons garantir un \u00e9gal acc\u00e8s pour les enfants \u00e0 des soins de qualit\u00e9 Les soins hospitaliers p\u00e9diatriques sont en totale d\u00e9sh\u00e9rence et MDM\u00a0 veut mettre en garde contre l\u2019oubli des enfants, et des maladies rares dont ils peuvent souffrir, alors que les ressources de la sant\u00e9 publique sont en grande partie allou\u00e9es aux pathologies [&hellip;]<\/p>\n","protected":false},"author":1,"featured_media":0,"comment_status":"open","ping_status":"open","sticky":false,"template":"","format":"standard","meta":{"_monsterinsights_skip_tracking":false,"_uf_show_specific_survey":0,"_uf_disable_surveys":false,"footnotes":""},"categories":[27],"tags":[],"class_list":["post-913","post","type-post","status-publish","format-standard","hentry","category-sante-publique"],"_links":{"self":[{"href":"https:\/\/droitemoderniste.be\/index.php\/wp-json\/wp\/v2\/posts\/913","targetHints":{"allow":["GET"]}}],"collection":[{"href":"https:\/\/droitemoderniste.be\/index.php\/wp-json\/wp\/v2\/posts"}],"about":[{"href":"https:\/\/droitemoderniste.be\/index.php\/wp-json\/wp\/v2\/types\/post"}],"author":[{"embeddable":true,"href":"https:\/\/droitemoderniste.be\/index.php\/wp-json\/wp\/v2\/users\/1"}],"replies":[{"embeddable":true,"href":"https:\/\/droitemoderniste.be\/index.php\/wp-json\/wp\/v2\/comments?post=913"}],"version-history":[{"count":1,"href":"https:\/\/droitemoderniste.be\/index.php\/wp-json\/wp\/v2\/posts\/913\/revisions"}],"predecessor-version":[{"id":915,"href":"https:\/\/droitemoderniste.be\/index.php\/wp-json\/wp\/v2\/posts\/913\/revisions\/915"}],"wp:attachment":[{"href":"https:\/\/droitemoderniste.be\/index.php\/wp-json\/wp\/v2\/media?parent=913"}],"wp:term":[{"taxonomy":"category","embeddable":true,"href":"https:\/\/droitemoderniste.be\/index.php\/wp-json\/wp\/v2\/categories?post=913"},{"taxonomy":"post_tag","embeddable":true,"href":"https:\/\/droitemoderniste.be\/index.php\/wp-json\/wp\/v2\/tags?post=913"}],"curies":[{"name":"wp","href":"https:\/\/api.w.org\/{rel}","templated":true}]}}