{"id":907,"date":"2025-09-03T09:58:37","date_gmt":"2025-09-03T07:58:37","guid":{"rendered":"https:\/\/droitemoderniste.be\/?p=907"},"modified":"2025-09-03T09:58:37","modified_gmt":"2025-09-03T07:58:37","slug":"hopitaux-silence-on-coule","status":"publish","type":"post","link":"https:\/\/droitemoderniste.be\/index.php\/2025\/09\/03\/hopitaux-silence-on-coule\/","title":{"rendered":"H\u00f4pitaux: silence, on coule!"},"content":{"rendered":"\n<figure class=\"wp-block-image size-full\"><img loading=\"lazy\" decoding=\"async\" width=\"318\" height=\"158\" src=\"https:\/\/droitemoderniste.be\/wp-content\/uploads\/2025\/09\/titanic.jpeg\" alt=\"\" class=\"wp-image-908\" srcset=\"https:\/\/droitemoderniste.be\/wp-content\/uploads\/2025\/09\/titanic.jpeg 318w, https:\/\/droitemoderniste.be\/wp-content\/uploads\/2025\/09\/titanic-300x149.jpeg 300w\" sizes=\"auto, (max-width: 318px) 100vw, 318px\" \/><\/figure>\n\n\n\n<p class=\"wp-block-paragraph\">Le navire h\u00f4pital est en train de couler et l\u2019amiral aux commandes semble \u00eatre aux abonn\u00e9s absents.<\/p>\n\n\n\n<p class=\"wp-block-paragraph\">\u00ab\u00a0<mark style=\"background-color:rgba(0, 0, 0, 0);color:#ff6900\" class=\"has-inline-color\">Mouvement Droite Moderniste\u00a0<\/mark>\u00bb appelle les doyens de facult\u00e9s de m\u00e9decine, les syndicats de m\u00e9decins, les personnels param\u00e9dicaux, les internes, les \u00e9tudiants en m\u00e9decine \u00e0 se mobiliser pour \u00ab\u00a0sauver l\u2019h\u00f4pital public\u00a0\u00bb.<\/p>\n\n\n\n<p class=\"wp-block-paragraph\">Notre syst\u00e8me de sant\u00e9 s\u2019\u00e9croule et il n\u2019est plus en mesure d\u2019assurer ses missions dans de bonnes conditions de qualit\u00e9 et de s\u00e9curit\u00e9 des soins. <strong>L\u2019h\u00f4pital craque de partout<\/strong> (il ne s\u2019agit plus seulement des urgences ou de la gr\u00e8ve) et c\u2019est son fonctionnement qui est gravement en p\u00e9ril.<\/p>\n\n\n\n<p class=\"wp-block-paragraph\">Difficult\u00e9s \u00e0 recruter et \u00e0 faire tourner les services, sous-financement organis\u00e9 de l\u2019h\u00f4pital&nbsp;: cette incapacit\u00e9 \u00e0 r\u00e9pondre aux besoins de personnel concerne 97 % des \u00e9tablissements de soins publics. Les signes de ce malaise s\u2019accumulent. \u00c7a et l\u00e0, les urgences risquent de fermer, faute de m\u00e9decins. La maternit\u00e9 est amen\u00e9e \u00e0 suspendre les accouchements.<\/p>\n\n\n\n<p class=\"wp-block-paragraph\">Au centre de la mobilisation que nous appelons de nos v\u0153ux, la cr\u00e9ation de milliers d\u2019emplois suppl\u00e9mentaires doit \u00eatre mise en avant, ainsi que l\u2019exigence d\u2019une hausse imm\u00e9diate de 300 euros net mensuels pour tous les salaires et, une fois la pand\u00e9mie termin\u00e9e, l\u2019arr\u00eat des fermetures de lits d\u2019hospitalisation. Il nous faut concevoir un pacte de refondation pour r\u00e9pondre \u00e0 la crise des urgences dans l\u2019h\u00f4pital public.<\/p>\n","protected":false},"excerpt":{"rendered":"<p>Le navire h\u00f4pital est en train de couler et l\u2019amiral aux commandes semble \u00eatre aux abonn\u00e9s absents. \u00ab\u00a0Mouvement Droite Moderniste\u00a0\u00bb appelle les doyens de facult\u00e9s de m\u00e9decine, les syndicats de m\u00e9decins, les personnels param\u00e9dicaux, les internes, les \u00e9tudiants en m\u00e9decine \u00e0 se mobiliser pour \u00ab\u00a0sauver l\u2019h\u00f4pital public\u00a0\u00bb. Notre syst\u00e8me de sant\u00e9 s\u2019\u00e9croule et il n\u2019est [&hellip;]<\/p>\n","protected":false},"author":1,"featured_media":0,"comment_status":"open","ping_status":"open","sticky":false,"template":"","format":"standard","meta":{"_monsterinsights_skip_tracking":false,"_uf_show_specific_survey":0,"_uf_disable_surveys":false,"footnotes":""},"categories":[27],"tags":[],"class_list":["post-907","post","type-post","status-publish","format-standard","hentry","category-sante-publique"],"_links":{"self":[{"href":"https:\/\/droitemoderniste.be\/index.php\/wp-json\/wp\/v2\/posts\/907","targetHints":{"allow":["GET"]}}],"collection":[{"href":"https:\/\/droitemoderniste.be\/index.php\/wp-json\/wp\/v2\/posts"}],"about":[{"href":"https:\/\/droitemoderniste.be\/index.php\/wp-json\/wp\/v2\/types\/post"}],"author":[{"embeddable":true,"href":"https:\/\/droitemoderniste.be\/index.php\/wp-json\/wp\/v2\/users\/1"}],"replies":[{"embeddable":true,"href":"https:\/\/droitemoderniste.be\/index.php\/wp-json\/wp\/v2\/comments?post=907"}],"version-history":[{"count":1,"href":"https:\/\/droitemoderniste.be\/index.php\/wp-json\/wp\/v2\/posts\/907\/revisions"}],"predecessor-version":[{"id":909,"href":"https:\/\/droitemoderniste.be\/index.php\/wp-json\/wp\/v2\/posts\/907\/revisions\/909"}],"wp:attachment":[{"href":"https:\/\/droitemoderniste.be\/index.php\/wp-json\/wp\/v2\/media?parent=907"}],"wp:term":[{"taxonomy":"category","embeddable":true,"href":"https:\/\/droitemoderniste.be\/index.php\/wp-json\/wp\/v2\/categories?post=907"},{"taxonomy":"post_tag","embeddable":true,"href":"https:\/\/droitemoderniste.be\/index.php\/wp-json\/wp\/v2\/tags?post=907"}],"curies":[{"name":"wp","href":"https:\/\/api.w.org\/{rel}","templated":true}]}}