{"id":900,"date":"2025-09-02T11:48:23","date_gmt":"2025-09-02T09:48:23","guid":{"rendered":"https:\/\/droitemoderniste.be\/?p=900"},"modified":"2025-09-02T11:48:23","modified_gmt":"2025-09-02T09:48:23","slug":"plaidoyer-pour-un-nouveau-systeme-politique","status":"publish","type":"post","link":"https:\/\/droitemoderniste.be\/index.php\/2025\/09\/02\/plaidoyer-pour-un-nouveau-systeme-politique\/","title":{"rendered":"Plaidoyer pour un nouveau syst\u00e8me politique"},"content":{"rendered":"\n<figure class=\"wp-block-image size-full\"><img loading=\"lazy\" decoding=\"async\" width=\"275\" height=\"183\" src=\"https:\/\/droitemoderniste.be\/wp-content\/uploads\/2025\/09\/particratie.jpg\" alt=\"\" class=\"wp-image-901\"\/><\/figure>\n\n\n\n<p class=\"wp-block-paragraph\">Notre syst\u00e8me politique ne fonctionne pas bien et se compare \u00e0 une usine produisant des \u00e9lus plus m\u00e9diocres les uns que les autres.<\/p>\n\n\n\n<p class=\"wp-block-paragraph\">La gestion chaotique de la crise sanitaire en 2020 (pand\u00e9mie du corona-19), le sabordage inutile de notre \u00e9conomie en 2022 (Ukraine), l\u2019incomp\u00e9tence end\u00e9mique de notre classe politique, illustrent \u00e0 qui le mieux combien notre d\u00e9mocratie est v\u00e9rol\u00e9e par une particratie cupide et vorace.<\/p>\n\n\n\n<p class=\"wp-block-paragraph\">Nous nous pronon\u00e7ons en faveur d\u2019un nouveau syst\u00e8me politique. Notre Royaume doit en finir avec le syst\u00e8me actuel qui d\u00e9pouille le peuple de son mot \u00e0 dire dans la gestion publique. La particratie accapare le pouvoir et la d\u00e9mocratie. C\u2019est un syst\u00e8me de l\u2019entre-soi o\u00f9 l\u2019incomp\u00e9tence et l\u2019incurie ne sont jamais punies, o\u00f9 les petits accommodements de nos \u00e9lus avec la r\u00e8gle sont monnaie courante, o\u00f9 la gabegie, l\u2019impr\u00e9voyance et l\u2019impr\u00e9paration sont des marques de fabrique des politiques belges.<\/p>\n\n\n\n<p class=\"wp-block-paragraph\">Nos commissions parlementaires sont devenues des \u00ab&nbsp;farces politiques&nbsp;\u00bb visant \u00e0 excuser les imp\u00e9rities, inepties, malversations des membres de l\u2019ex\u00e9cutif. En effet, les parlementaires, plus politiques que d\u00e9mocrates, ne tirent jamais dans les pattes de ministres, qui sont en fait des coll\u00e8gues de partis, eux aussi plus redevables \u00e0 la particratie qu\u2019\u00e0 la d\u00e9mocratie.<\/p>\n\n\n\n<p class=\"wp-block-paragraph\">Nous pr\u00f4nons une r\u00e9novation compl\u00e8te de notre syst\u00e8me politique, en envisageant une proc\u00e9dure similaire \u00e0 celle pr\u00e9valant pour r\u00e9diger une nouvelle Constitution.<\/p>\n\n\n\n<p class=\"wp-block-paragraph\">Nous souhaitons confier la r\u00e9daction du texte de r\u00e9novation de notre syst\u00e8me politique \u00e0 une \u00ab&nbsp;<strong>Convention constituante<\/strong>&nbsp;\u00bb \u00e9lue plut\u00f4t qu\u2019aux parlementaires.<\/p>\n\n\n\n<p class=\"wp-block-paragraph\">La r\u00e9daction d\u2019un nouveau texte dans l\u2019espoir que les choses changent enfin&nbsp;: que tous les Belges puissent b\u00e9n\u00e9ficier de minist\u00e8res qui fonctionnement de mani\u00e8re efficace et d\u00e9sint\u00e9ress\u00e9e pour le bien public, et qui ne soient plus gangr\u00e9n\u00e9s par l\u2019imp\u00e9ritie des ministres et de leurs l\u00e9gions de \u00ab&nbsp;cabinettards&nbsp;\u00bb, nomm\u00e9s et parachut\u00e9s en fonction de leur all\u00e9geance politique et donc en d\u00e9pit de tout m\u00e9rite.<\/p>\n\n\n\n<p class=\"wp-block-paragraph\">Nous nourrissons l\u2019espoir que tous les Belges puissent avoir acc\u00e8s \u00e0 une \u00e9ducation gratuite et de qualit\u00e9, et de m\u00eame pour la sant\u00e9. Ce qui n\u2019est plus possible avec la lasagne institutionnelle de notre pays, ce maquis touffu, \u0153uvre de partis avides de privil\u00e8ges et de pouvoirs, emp\u00eache toute gestion publique pr\u00e9voyante, bienveillante, \u00e9conome et porteuse.<\/p>\n\n\n\n<p class=\"wp-block-paragraph\">Parce que nous aimons la d\u00e9mocratie participative, l\u2019unit\u00e9 et la paix, nous voulons que la citoyennet\u00e9 et la d\u00e9mocratie regagnent le terrain perdu au profit de particrates gloutons.<\/p>\n\n\n\n<p class=\"wp-block-paragraph\">Jusqu\u2019ici la particratie nous a trop divis\u00e9s. A partir de maintenant, nous devons tous collaborer pour que le nouveau syst\u00e8me politique soit un grand cadre d\u2019unit\u00e9, de stabilit\u00e9 et d\u2019avenir.<\/p>\n\n\n\n<p class=\"wp-block-paragraph\">Nous devons organiser un r\u00e9f\u00e9rendum pour approuver, ou non, la r\u00e9novation en profondeur de notre syst\u00e8me politique (constitution de nouvelles proc\u00e9dures \u00e9lectorales, d\u2019une nouvelle repr\u00e9sentativit\u00e9 des citoyens, de nouvelles r\u00e8gles de majorit\u00e9, etc.).<\/p>\n\n\n\n<p class=\"wp-block-paragraph\">Mais nous appelons aussi les millions d\u2019\u00e9lecteurs belges \u00e0 se prononcer sur l\u2019organe charg\u00e9 de r\u00e9diger le nouveau syst\u00e8me politique.<\/p>\n\n\n\n<p class=\"wp-block-paragraph\">Nous pr\u00e9conisons que les \u00e9lecteurs belges votent pour une \u00ab&nbsp;Convention constituante&nbsp;\u00bb, compos\u00e9e de repr\u00e9sentants \u00e9lus sp\u00e9cialement pour l\u2019occasion.<\/p>\n\n\n\n<p class=\"wp-block-paragraph\">\u00c9tant donn\u00e9 l\u2019immense rejet de la classe politique par les Belges, nous ne souhaitons pas l\u2019autre option, la \u00ab\u00a0Convention mixte\u00a0\u00bb, devant \u00eatre compos\u00e9e pour moiti\u00e9 de parlementaires d\u00e9j\u00e0 en poste.<\/p>\n\n\n\n<p class=\"wp-block-paragraph\">Le grand d\u00e9fi sera d\u2019\u00e9lire des repr\u00e9sentants qui aient davantage de l\u00e9gitimit\u00e9 aupr\u00e8s de la soci\u00e9t\u00e9. Environ 150 personnes devront \u00eatre d\u00e9sign\u00e9es par les Belges.<\/p>\n\n\n\n<p class=\"wp-block-paragraph\">Ce sera la premi\u00e8re fois dans l\u2019histoire de notre pays que nous, citoyens, allons avoir l\u2019occasion de d\u00e9finir notre syst\u00e8me politique. Enfin, nous pourrons voir se refl\u00e9ter dans un texte la \u00ab&nbsp;morale du peuple&nbsp;\u00bb&nbsp;!<\/p>\n\n\n\n<p class=\"wp-block-paragraph\">Bien s\u00fbr, il sera cependant difficile pour les candidatures \u00ab&nbsp;ind\u00e9pendantes&nbsp;des partis&nbsp;\u00bb de s\u2019imposer, les r\u00e8gles r\u00e9gissant le scrutin \u00e9tant plus ou moins les m\u00eames que lors des \u00e9lections l\u00e9gislatives \u2013 chaque candidat devant ainsi obtenir un nombre minimum de signatures avant de pouvoir se pr\u00e9senter. Obtenir des signatures pour un ind\u00e9pendant risque d\u2019\u00eatre compliqu\u00e9 en temps de pand\u00e9mie.<\/p>\n\n\n\n<p class=\"wp-block-paragraph\">Nous avons pr\u00e9vu une disposition parmi les plus innovantes du futur processus de r\u00e9daction&nbsp;: la Convention constituante devra obligatoirement \u00eatre paritaire, compos\u00e9e par au moins 45 % &#8211; et maximum 55 % &#8211; de femmes. Nous serons le premier pays au monde \u00e0 r\u00e9diger un syst\u00e8me politique (et pourquoi pas, si n\u00e9cessaire, un article, voire la totalit\u00e9, d\u2019une nouvelle Constitution) de cette fa\u00e7on, les femmes doivent \u00eatre repr\u00e9sent\u00e9es \u00e0 leur juste mesure lors de l\u2019\u00e9laboration de ce nouveau texte.<\/p>\n\n\n\n<p class=\"wp-block-paragraph\">Une fois \u00e9lue, <strong>l\u2019Assembl\u00e9e constituante<\/strong> disposera d\u2019un maximum \u2013 neuf mois avec un possible d\u00e9lai suppl\u00e9mentaire de trois mois \u2013 pour r\u00e9diger un nouveau texte (recueil de proc\u00e9dures politiques). Chaque article, ou proc\u00e9dure, du futur syst\u00e8me devra obligatoirement \u00eatre approuv\u00e9 \u00e0 une majorit\u00e9 des deux tiers. Cela ne va pas \u00eatre simple, mais le syst\u00e8me politique est un pacte social qui comprend des valeurs et des droits fondamentaux sur lesquels il devrait \u00eatre possible de se mettre d\u2019accord facilement.<\/p>\n\n\n\n<p class=\"wp-block-paragraph\">Le nouveau syst\u00e8me politique sera ensuite soumis \u00e0 l\u2019approbation de la population \u00e0 travers un nouveau r\u00e9f\u00e9rendum.<\/p>\n","protected":false},"excerpt":{"rendered":"<p>Notre syst\u00e8me politique ne fonctionne pas bien et se compare \u00e0 une usine produisant des \u00e9lus plus m\u00e9diocres les uns que les autres. La gestion chaotique de la crise sanitaire en 2020 (pand\u00e9mie du corona-19), le sabordage inutile de notre \u00e9conomie en 2022 (Ukraine), l\u2019incomp\u00e9tence end\u00e9mique de notre classe politique, illustrent \u00e0 qui le mieux [&hellip;]<\/p>\n","protected":false},"author":1,"featured_media":0,"comment_status":"open","ping_status":"open","sticky":false,"template":"","format":"standard","meta":{"_monsterinsights_skip_tracking":false,"_uf_show_specific_survey":0,"_uf_disable_surveys":false,"footnotes":""},"categories":[22],"tags":[],"class_list":["post-900","post","type-post","status-publish","format-standard","hentry","category-democratie"],"_links":{"self":[{"href":"https:\/\/droitemoderniste.be\/index.php\/wp-json\/wp\/v2\/posts\/900","targetHints":{"allow":["GET"]}}],"collection":[{"href":"https:\/\/droitemoderniste.be\/index.php\/wp-json\/wp\/v2\/posts"}],"about":[{"href":"https:\/\/droitemoderniste.be\/index.php\/wp-json\/wp\/v2\/types\/post"}],"author":[{"embeddable":true,"href":"https:\/\/droitemoderniste.be\/index.php\/wp-json\/wp\/v2\/users\/1"}],"replies":[{"embeddable":true,"href":"https:\/\/droitemoderniste.be\/index.php\/wp-json\/wp\/v2\/comments?post=900"}],"version-history":[{"count":1,"href":"https:\/\/droitemoderniste.be\/index.php\/wp-json\/wp\/v2\/posts\/900\/revisions"}],"predecessor-version":[{"id":902,"href":"https:\/\/droitemoderniste.be\/index.php\/wp-json\/wp\/v2\/posts\/900\/revisions\/902"}],"wp:attachment":[{"href":"https:\/\/droitemoderniste.be\/index.php\/wp-json\/wp\/v2\/media?parent=900"}],"wp:term":[{"taxonomy":"category","embeddable":true,"href":"https:\/\/droitemoderniste.be\/index.php\/wp-json\/wp\/v2\/categories?post=900"},{"taxonomy":"post_tag","embeddable":true,"href":"https:\/\/droitemoderniste.be\/index.php\/wp-json\/wp\/v2\/tags?post=900"}],"curies":[{"name":"wp","href":"https:\/\/api.w.org\/{rel}","templated":true}]}}