{"id":897,"date":"2025-09-02T08:29:57","date_gmt":"2025-09-02T06:29:57","guid":{"rendered":"https:\/\/droitemoderniste.be\/?p=897"},"modified":"2025-09-02T08:29:57","modified_gmt":"2025-09-02T06:29:57","slug":"plaidoyer-pour-un-etat-a-la-fois-stratege-et-tacticien","status":"publish","type":"post","link":"https:\/\/droitemoderniste.be\/index.php\/2025\/09\/02\/plaidoyer-pour-un-etat-a-la-fois-stratege-et-tacticien\/","title":{"rendered":"Plaidoyer pour un \u00c9tat \u00e0 la fois strat\u00e8ge et tacticien"},"content":{"rendered":"\n<figure class=\"wp-block-image size-full\"><img loading=\"lazy\" decoding=\"async\" width=\"216\" height=\"122\" src=\"https:\/\/droitemoderniste.be\/wp-content\/uploads\/2025\/09\/echecs.webp\" alt=\"\" class=\"wp-image-898\"\/><\/figure>\n\n\n\n<p class=\"wp-block-paragraph\">\u00ab\u00a0<mark style=\"background-color:rgba(0, 0, 0, 0);color:#ff6900\" class=\"has-inline-color\">Mouvement Droite Moderniste\u00a0<\/mark>\u00bb plaide pour un <strong>lib\u00e9ralisme moderniste,<\/strong> c\u2019est-\u00e0-dire un <strong>lib\u00e9ralisme sain<\/strong>\u00a0: le <strong>social-lib\u00e9ralisme<\/strong> ; un mod\u00e8le sociopolitique qui combine la spontan\u00e9it\u00e9 de l\u2019entrepreneuriat et la reconnaissance du progr\u00e8s associ\u00e9 \u00e0 l\u2019\u00e9conomie de march\u00e9 avec le maintien d\u2019un \u00c9tat social solide.<\/p>\n\n\n\n<p class=\"wp-block-paragraph\">Comme nous ne pensons pas que le \u00ab&nbsp;tout au march\u00e9&nbsp;\u00bb soit une solution soci\u00e9tale aboutie, nous sommes convaincus de la n\u00e9cessit\u00e9 de maintenir des biens et des services publics de qualit\u00e9.<\/p>\n\n\n\n<p class=\"wp-block-paragraph\">L\u2019\u00c9tat doit aider l\u2019\u00e9conomie priv\u00e9e autant que n\u00e9cessaire, au travers de son syst\u00e8me de sant\u00e9, de son syst\u00e8me d\u2019\u00e9ducation, mais aussi gr\u00e2ce au support budg\u00e9taire, \u00e0 l\u2019endettement public et \u00e0 la fourniture de monnaie par la banque centrale.<\/p>\n\n\n\n<p class=\"wp-block-paragraph\">Nous ne sommes en aucun cas anticapitalistes mais nous savons aussi que la main invisible du march\u00e9 ne peut pas assurer l\u2019optimum collectif et donc que l\u2019\u00c9tat ne peut \u00eatre rel\u00e9gu\u00e9 \u00e0 un r\u00f4le subsidiaire de l\u2019\u00e9conomie. Nous ne voulons pas freiner la mobilit\u00e9 des capitaux mais nous voulons \u00e9viter, par des politiques industrielles red\u00e9ploy\u00e9es et des investissements publics d\u00e9multiplicateurs d\u2019emplois, une subordination trop grande du travail au capital.<\/p>\n\n\n\n<p class=\"wp-block-paragraph\">Pour nous, il n\u2019y a pas contradiction entre l\u2019av\u00e8nement d\u2019un \u00c9tat strat\u00e8ge (visionnaire et protecteur sans \u00eatre paternaliste) et un capitalisme \u00e9quilibr\u00e9. Nous croyons en l\u2019instauration d\u2019un \u00c9tat strat\u00e8ge, \u00e0 la hauteur de l\u2019ambition d\u2019un \u00c9tat providence que nos a\u00efeux ont construit apr\u00e8s la Seconde Guerre mondiale, parce que nous ne croyons pas que le march\u00e9 puisse apporter, dans sa r\u00e9alit\u00e9 darwiniste, une solution collective \u00e0 la prosp\u00e9rit\u00e9, \u00e0 l\u2019environnement et \u00e0 la redistribution sociale.<\/p>\n\n\n\n<p class=\"wp-block-paragraph\">Nous ne sommes pas non plus contre la mondialisation et le libre-\u00e9change. La crise n\u2019am\u00e8nera pas la fin du capitalisme, ni la fin de la mondialisation. Le capitalisme est r\u00e9silient. Son efficacit\u00e9 sup\u00e9rieure n\u2019est plus \u00e0 prouver en termes de prosp\u00e9rit\u00e9 collective. C\u2019est d\u2019ailleurs la r\u00e9volution industrielle qui lui a donn\u00e9 naissance. (Toute r\u00e9volution a besoin de capitaux et donc m\u00eame la transition \u00e9cologique). Mais nous disons qu\u2019un capitalisme qui n\u2019est pas balis\u00e9 et temp\u00e9r\u00e9 par l\u2019\u00c9tat devient incontr\u00f4lable et conduit \u00e0 de graves in\u00e9galit\u00e9s sociales. Il faut donc une symbiose\u00a0entre le march\u00e9 et l\u2019\u00c9tat.<\/p>\n\n\n\n<p class=\"wp-block-paragraph\">Par ailleurs, et ce n\u2019est ni paradoxal, ni contradictoire, nous appelons de nos v\u0153ux l\u2019\u00e9mergence d\u2019un capitalisme europ\u00e9en qui puisse contrer l\u2019h\u00e9g\u00e9monie actuelle du capitalisme am\u00e9ricain. Nous proposons la voie moderniste (un nouveau mod\u00e8le de capitalisme\u00a0: le capitalisme de coop\u00e9ration strat\u00e9gique pr\u00e9f\u00e9rentielle entre nations europ\u00e9ennes) pour rendre le capitalisme europ\u00e9en (\u00e0 tout le moins le capitalisme belge) compatible avec les engagements sociaux promis par nos \u00c9tats providence.<\/p>\n\n\n\n<p class=\"wp-block-paragraph\">Ce n\u2019est donc pas le \u00ab\u00a0tout au march\u00e9\u00a0\u00bb qui d\u00e9poss\u00e8de l\u2019\u00c9tat de son r\u00f4le de vigie et qui est incidemment \u00e0 la base de la d\u00e9sint\u00e9gration de l\u2019Union europ\u00e9enne. Si nous voulons retrouver un volet de croissance, il faut red\u00e9ployer l\u2019\u00c9tat, afin qu\u2019il retrouve un r\u00f4le strat\u00e9gique d\u2019investissement et de stimulation, sans \u00eatre \u00e9touffant. (En Belgique, la particratie end\u00e9mique le rend justement oppressant). <\/p>\n\n\n\n<p class=\"wp-block-paragraph\">Entre lib\u00e9ralisme d\u00e9vorant et \u00e9galitarisme mortif\u00e8re, il y a l\u2019 alternative moderniste (le social-lib\u00e9ralisme) dont le mantra est\u00a0: \u00ab\u00a0<em>le march\u00e9 autant que possible, la puissance publique autant que n\u00e9cessaire<\/em>\u00a0\u00bb.<\/p>\n\n\n\n<p class=\"wp-block-paragraph\">Nous d\u00e9plorons le mille-feuille belge\u00a0o\u00f9 l\u2019\u00c9tat est emp\u00eatr\u00e9 dans diverses couches de comp\u00e9tences, et toujours sans gouvernement de plein exercice\u2026<\/p>\n\n\n\n<p class=\"wp-block-paragraph\">Nous ex\u00e9crons un pouvoir ex\u00e9cutif trop faiblement contrebalanc\u00e9 par des pouvoirs l\u00e9gislatifs et judiciaires forts. Le pouvoir judiciaire n\u2019est pas fort faute de ressources suffisantes et le pouvoir l\u00e9gislatif est faible (trop de membres, trop divis\u00e9s\u2026).<\/p>\n\n\n\n<p class=\"wp-block-paragraph\">Nous pensons en outre qu\u2019il faut davantage associer la soci\u00e9t\u00e9 civile \u00e0 de plus nombreuses d\u00e9cisions. On l\u2019a bien vu lors de la \u00ab\u00a0coronacrise\u00a0\u00bb\u00a0: sans l\u2019apport de l\u2019expertise m\u00e9dicale, le gouvernement n\u2019aurait pas pu g\u00e9rer la situation.<\/p>\n\n\n\n<p class=\"wp-block-paragraph\">Nous pensons que nous devons migrer vers une d\u00e9mocratie repr\u00e9sentative et participative, au travers d\u2019assembl\u00e9es citoyennes. Les citoyens doivent se r\u00e9approprier la d\u00e9mocratie jusqu\u2019ici accapar\u00e9e et d\u00e9voy\u00e9e par les appareils des 10 partis forts de Belgique.<\/p>\n\n\n\n<p class=\"wp-block-paragraph\">Pour nous la notion de d\u00e9mocratie participative est sans nul doute d\u2019autant plus importante que le Royaume est d\u00e9chir\u00e9 entre un mod\u00e8le f\u00e9d\u00e9ral et r\u00e9gional.<\/p>\n","protected":false},"excerpt":{"rendered":"<p>\u00ab\u00a0Mouvement Droite Moderniste\u00a0\u00bb plaide pour un lib\u00e9ralisme moderniste, c\u2019est-\u00e0-dire un lib\u00e9ralisme sain\u00a0: le social-lib\u00e9ralisme ; un mod\u00e8le sociopolitique qui combine la spontan\u00e9it\u00e9 de l\u2019entrepreneuriat et la reconnaissance du progr\u00e8s associ\u00e9 \u00e0 l\u2019\u00e9conomie de march\u00e9 avec le maintien d\u2019un \u00c9tat social solide. Comme nous ne pensons pas que le \u00ab&nbsp;tout au march\u00e9&nbsp;\u00bb soit une solution soci\u00e9tale [&hellip;]<\/p>\n","protected":false},"author":1,"featured_media":0,"comment_status":"open","ping_status":"open","sticky":false,"template":"","format":"standard","meta":{"_monsterinsights_skip_tracking":false,"_uf_show_specific_survey":0,"_uf_disable_surveys":false,"footnotes":""},"categories":[29],"tags":[],"class_list":["post-897","post","type-post","status-publish","format-standard","hentry","category-etat"],"_links":{"self":[{"href":"https:\/\/droitemoderniste.be\/index.php\/wp-json\/wp\/v2\/posts\/897","targetHints":{"allow":["GET"]}}],"collection":[{"href":"https:\/\/droitemoderniste.be\/index.php\/wp-json\/wp\/v2\/posts"}],"about":[{"href":"https:\/\/droitemoderniste.be\/index.php\/wp-json\/wp\/v2\/types\/post"}],"author":[{"embeddable":true,"href":"https:\/\/droitemoderniste.be\/index.php\/wp-json\/wp\/v2\/users\/1"}],"replies":[{"embeddable":true,"href":"https:\/\/droitemoderniste.be\/index.php\/wp-json\/wp\/v2\/comments?post=897"}],"version-history":[{"count":1,"href":"https:\/\/droitemoderniste.be\/index.php\/wp-json\/wp\/v2\/posts\/897\/revisions"}],"predecessor-version":[{"id":899,"href":"https:\/\/droitemoderniste.be\/index.php\/wp-json\/wp\/v2\/posts\/897\/revisions\/899"}],"wp:attachment":[{"href":"https:\/\/droitemoderniste.be\/index.php\/wp-json\/wp\/v2\/media?parent=897"}],"wp:term":[{"taxonomy":"category","embeddable":true,"href":"https:\/\/droitemoderniste.be\/index.php\/wp-json\/wp\/v2\/categories?post=897"},{"taxonomy":"post_tag","embeddable":true,"href":"https:\/\/droitemoderniste.be\/index.php\/wp-json\/wp\/v2\/tags?post=897"}],"curies":[{"name":"wp","href":"https:\/\/api.w.org\/{rel}","templated":true}]}}