{"id":894,"date":"2025-09-01T13:30:45","date_gmt":"2025-09-01T11:30:45","guid":{"rendered":"https:\/\/droitemoderniste.be\/?p=894"},"modified":"2025-09-01T13:30:45","modified_gmt":"2025-09-01T11:30:45","slug":"defense-autonome-la-belgique-peut-sinspirer-du-modele-suedois","status":"publish","type":"post","link":"https:\/\/droitemoderniste.be\/index.php\/2025\/09\/01\/defense-autonome-la-belgique-peut-sinspirer-du-modele-suedois\/","title":{"rendered":"D\u00e9fense autonome\u00a0: la Belgique peut s\u2019inspirer du mod\u00e8le su\u00e9dois"},"content":{"rendered":"\n<figure class=\"wp-block-image size-full\"><img loading=\"lazy\" decoding=\"async\" width=\"280\" height=\"180\" src=\"https:\/\/droitemoderniste.be\/wp-content\/uploads\/2025\/09\/F15.jpg\" alt=\"\" class=\"wp-image-895\"\/><\/figure>\n\n\n\n<p class=\"wp-block-paragraph\">Le mod\u00e8le su\u00e9dois de d\u00e9fense autonome, appel\u00e9 \u00ab d\u00e9fense totale \u00bb, repose sur l&rsquo;implication de toute la soci\u00e9t\u00e9 : chaque citoyen a le devoir de contribuer \u00e0 la d\u00e9fense du pays, aussi bien sur le plan militaire que civil. Ce syst\u00e8me a \u00e9t\u00e9 r\u00e9activ\u00e9 apr\u00e8s les tensions en Ukraine et pr\u00e9voit une conscription limit\u00e9e, une mont\u00e9e en puissance des d\u00e9penses de d\u00e9fense et de la r\u00e9silience civile : toute personne de 16 \u00e0 70 ans peut \u00eatre mobilis\u00e9e en cas de crise. La Su\u00e8de s&rsquo;appuie aussi sur une forte industrie de d\u00e9fense nationale et une strat\u00e9gie de mobilisation g\u00e9n\u00e9rale en cas de menace.<\/p>\n\n\n\n<p class=\"wp-block-paragraph\">La Belgique modernise actuellement son arm\u00e9e : achats de F-35, d\u00e9veloppement d\u2019artillerie, augmentation des effectifs, investissements massifs pour atteindre les exigences de l\u2019OTAN. Cependant, sa doctrine reste ax\u00e9e sur la d\u00e9fense collective au sein de l\u2019OTAN plut\u00f4t que sur une autonomie totale. Le service militaire n\u2019a pas \u00e9t\u00e9 r\u00e9introduit, et l\u2019effort sur la r\u00e9silience civile (communications, abris, mobilisation de la soci\u00e9t\u00e9) reste bien moins d\u00e9velopp\u00e9 qu\u2019en Su\u00e8de.<\/p>\n\n\n\n<p class=\"wp-block-paragraph\">Transvaser le mod\u00e8le su\u00e9dois tel quel en Belgique s\u2019av\u00e8re difficile pour plusieurs raisons :<\/p>\n\n\n\n<ul class=\"wp-block-list\">\n<li>Le mod\u00e8le su\u00e9dois implique un consensus soci\u00e9tal et politique tr\u00e8s fort, difficile \u00e0 reproduire en Belgique o\u00f9 les questions de d\u00e9fense font souvent d\u00e9bat.<\/li>\n\n\n\n<li>La Su\u00e8de dispose d&rsquo;une industrie militaire puissante (avions de chasse, sous-marins, missiles) alors que la Belgique d\u00e9pend largement d\u2019achats \u00e9trangers.<\/li>\n\n\n\n<li>La notion de \u00ab d\u00e9fense totale \u00bb demanderait \u00e0 la Belgique de r\u00e9tablir ou d\u2019introduire conscription, formation de la population \u00e0 la crise, et renforcement de la r\u00e9silience civile, ce qui repr\u00e9sente un changement de paradigme majeur (*).<\/li>\n<\/ul>\n\n\n\n<p class=\"wp-block-paragraph\">Toutefois, la Belgique pourrait s\u2019inspirer de certains aspects :<\/p>\n\n\n\n<ul class=\"wp-block-list\">\n<li>Renforcer la r\u00e9silience civile (informations, abris, syst\u00e8mes d\u2019alerte).<\/li>\n\n\n\n<li>Encourager la population \u00e0 se pr\u00e9parer aux crises majeures.<\/li>\n\n\n\n<li>Mieux articuler la d\u00e9fense militaire et civile en impliquant collectivit\u00e9s, entreprises et citoyens, \u00e0 l\u2019image de la coordination nationale su\u00e9doise.<\/li>\n<\/ul>\n\n\n\n<p class=\"wp-block-paragraph\"><\/p>\n\n\n\n<p class=\"wp-block-paragraph\">En conclusion, m\u00eame s\u2019il est ardu &nbsp;de transvaser enti\u00e8rement le mod\u00e8le su\u00e9dois \u00e0 la Belgique, certains principes \u2013 mobilisation de la soci\u00e9t\u00e9, coordination civil-militaire, r\u00e9silience \u2013 peuvent \u00eatre adapt\u00e9s pour renforcer la capacit\u00e9 de d\u00e9fense autonome belge.<\/p>\n\n\n\n<p class=\"wp-block-paragraph\"><\/p>\n\n\n\n<p class=\"wp-block-paragraph\">&nbsp;(*) L\u2019id\u00e9e est la suivante&nbsp;: puisque nous avons du m\u00e9pris pour nos mandataires politiques et puisque nous avons de la sympathie pour nos petites forces arm\u00e9es&nbsp;: organisons notre r\u00e9silience soci\u00e9tale et industrielle autour de notre arm\u00e9e de terre, de mer, de l\u2019air.<\/p>\n\n\n\n<p class=\"wp-block-paragraph\">Au lieu de cultiver une culture de la d\u00e9fiance vis-\u00e0-vis de nos mandataires politiques, cultivons une culture de la d\u00e9fense autour d\u2019une arm\u00e9e r\u00e9nov\u00e9e et rajeunie dans le cadre d\u2019une politique de d\u00e9fense autonome.<\/p>\n\n\n\n<p class=\"wp-block-paragraph\">Pourquoi viser le mod\u00e8le su\u00e9dois&nbsp;? Parce que soutenir un appareil militaire plus sophistiqu\u00e9 et plus ind\u00e9pendant permet non seulement d\u2019atteindre une relative autonomie strat\u00e9gique, de maintenir une certaine souverainet\u00e9 nationale, mais \u00e9galement de d\u00e9velopper un cercle vertueux de r\u00e9silience civile et de r\u00e9silience industrielle.<\/p>\n\n\n\n<p class=\"wp-block-paragraph\">Positions du <mark style=\"background-color:rgba(0, 0, 0, 0);color:#ff6900\" class=\"has-inline-color\">MDM<\/mark> sur la d\u00e9fense collective europ\u00e9enne\u00a0:<\/p>\n\n\n\n<figure class=\"wp-block-embed is-type-wp-embed is-provider-mouvement-droite-moderniste wp-block-embed-mouvement-droite-moderniste\"><div class=\"wp-block-embed__wrapper\">\n<blockquote class=\"wp-embedded-content\" data-secret=\"oeFaPHljlS\"><a href=\"https:\/\/droitemoderniste.be\/index.php\/modernisme\/defense-nationale\/\">D\u00e9fense nationale<\/a><\/blockquote><iframe loading=\"lazy\" class=\"wp-embedded-content\" sandbox=\"allow-scripts\" security=\"restricted\" style=\"position: absolute; visibility: hidden;\" title=\"\u00ab\u00a0D\u00e9fense nationale\u00a0\u00bb &#8212; Mouvement Droite Moderniste\" src=\"https:\/\/droitemoderniste.be\/index.php\/modernisme\/defense-nationale\/embed\/#?secret=aPV9qWKBw1#?secret=oeFaPHljlS\" data-secret=\"oeFaPHljlS\" width=\"500\" height=\"282\" frameborder=\"0\" marginwidth=\"0\" marginheight=\"0\" scrolling=\"no\"><\/iframe>\n<\/div><\/figure>\n\n\n\n<figure class=\"wp-block-embed is-type-wp-embed is-provider-mouvement-droite-moderniste wp-block-embed-mouvement-droite-moderniste\"><div class=\"wp-block-embed__wrapper\">\n<blockquote class=\"wp-embedded-content\" data-secret=\"PrLANNekr3\"><a href=\"https:\/\/droitemoderniste.be\/index.php\/programme\/priorites\/defense\/\">D\u00e9fense<\/a><\/blockquote><iframe loading=\"lazy\" class=\"wp-embedded-content\" sandbox=\"allow-scripts\" security=\"restricted\" style=\"position: absolute; visibility: hidden;\" title=\"\u00ab\u00a0D\u00e9fense\u00a0\u00bb &#8212; Mouvement Droite Moderniste\" src=\"https:\/\/droitemoderniste.be\/index.php\/programme\/priorites\/defense\/embed\/#?secret=er5D2yl6fV#?secret=PrLANNekr3\" data-secret=\"PrLANNekr3\" width=\"500\" height=\"282\" frameborder=\"0\" marginwidth=\"0\" marginheight=\"0\" scrolling=\"no\"><\/iframe>\n<\/div><\/figure>\n\n\n\n<figure class=\"wp-block-embed is-type-wp-embed is-provider-mouvement-droite-moderniste wp-block-embed-mouvement-droite-moderniste\"><div class=\"wp-block-embed__wrapper\">\n<blockquote class=\"wp-embedded-content\" data-secret=\"LwgrgtMr3W\"><a href=\"https:\/\/droitemoderniste.be\/index.php\/programme\/priorites\/defense\/alliances-alternatives\/\">Alliances alternatives<\/a><\/blockquote><iframe loading=\"lazy\" class=\"wp-embedded-content\" sandbox=\"allow-scripts\" security=\"restricted\" style=\"position: absolute; visibility: hidden;\" title=\"\u00ab\u00a0Alliances alternatives\u00a0\u00bb &#8212; Mouvement Droite Moderniste\" src=\"https:\/\/droitemoderniste.be\/index.php\/programme\/priorites\/defense\/alliances-alternatives\/embed\/#?secret=5Kp6GFEL9r#?secret=LwgrgtMr3W\" data-secret=\"LwgrgtMr3W\" width=\"500\" height=\"282\" frameborder=\"0\" marginwidth=\"0\" marginheight=\"0\" scrolling=\"no\"><\/iframe>\n<\/div><\/figure>\n\n\n\n<figure class=\"wp-block-embed is-type-wp-embed is-provider-mouvement-droite-moderniste wp-block-embed-mouvement-droite-moderniste\"><div class=\"wp-block-embed__wrapper\">\n<blockquote class=\"wp-embedded-content\" data-secret=\"5EpZl25jrg\"><a href=\"https:\/\/droitemoderniste.be\/index.php\/programme\/priorites\/defense\/renforcer-lautonomie-strategique\/\">Autonomie strat\u00e9gique<\/a><\/blockquote><iframe loading=\"lazy\" class=\"wp-embedded-content\" sandbox=\"allow-scripts\" security=\"restricted\" style=\"position: absolute; visibility: hidden;\" title=\"\u00ab\u00a0Autonomie strat\u00e9gique\u00a0\u00bb &#8212; Mouvement Droite Moderniste\" src=\"https:\/\/droitemoderniste.be\/index.php\/programme\/priorites\/defense\/renforcer-lautonomie-strategique\/embed\/#?secret=2JmZUhlb7i#?secret=5EpZl25jrg\" data-secret=\"5EpZl25jrg\" width=\"500\" height=\"282\" frameborder=\"0\" marginwidth=\"0\" marginheight=\"0\" scrolling=\"no\"><\/iframe>\n<\/div><\/figure>\n\n\n\n<figure class=\"wp-block-embed is-type-wp-embed is-provider-mouvement-droite-moderniste wp-block-embed-mouvement-droite-moderniste\"><div class=\"wp-block-embed__wrapper\">\n<blockquote class=\"wp-embedded-content\" data-secret=\"wUU0COYmcm\"><a href=\"https:\/\/droitemoderniste.be\/index.php\/programme\/priorites\/defense\/capacite-daction-independante\/\">Capacit\u00e9 d&rsquo;action ind\u00e9pendante<\/a><\/blockquote><iframe loading=\"lazy\" class=\"wp-embedded-content\" sandbox=\"allow-scripts\" security=\"restricted\" style=\"position: absolute; visibility: hidden;\" title=\"\u00ab\u00a0Capacit\u00e9 d&rsquo;action ind\u00e9pendante\u00a0\u00bb &#8212; Mouvement Droite Moderniste\" src=\"https:\/\/droitemoderniste.be\/index.php\/programme\/priorites\/defense\/capacite-daction-independante\/embed\/#?secret=zl4xE1J3q5#?secret=wUU0COYmcm\" data-secret=\"wUU0COYmcm\" width=\"500\" height=\"282\" frameborder=\"0\" marginwidth=\"0\" marginheight=\"0\" scrolling=\"no\"><\/iframe>\n<\/div><\/figure>\n\n\n\n<figure class=\"wp-block-embed is-type-wp-embed is-provider-mouvement-droite-moderniste wp-block-embed-mouvement-droite-moderniste\"><div class=\"wp-block-embed__wrapper\">\n<blockquote class=\"wp-embedded-content\" data-secret=\"4mjx1d0d6Q\"><a href=\"https:\/\/droitemoderniste.be\/index.php\/programme\/priorites\/defense\/defense-autonome\/\">D\u00e9fense autonome<\/a><\/blockquote><iframe loading=\"lazy\" class=\"wp-embedded-content\" sandbox=\"allow-scripts\" security=\"restricted\" style=\"position: absolute; visibility: hidden;\" title=\"\u00ab\u00a0D\u00e9fense autonome\u00a0\u00bb &#8212; Mouvement Droite Moderniste\" src=\"https:\/\/droitemoderniste.be\/index.php\/programme\/priorites\/defense\/defense-autonome\/embed\/#?secret=TdPqNuXbMf#?secret=4mjx1d0d6Q\" data-secret=\"4mjx1d0d6Q\" width=\"500\" height=\"282\" frameborder=\"0\" marginwidth=\"0\" marginheight=\"0\" scrolling=\"no\"><\/iframe>\n<\/div><\/figure>\n\n\n\n<figure class=\"wp-block-embed is-type-wp-embed is-provider-mouvement-droite-moderniste wp-block-embed-mouvement-droite-moderniste\"><div class=\"wp-block-embed__wrapper\">\n<blockquote class=\"wp-embedded-content\" data-secret=\"o0kozEDzhn\"><a href=\"https:\/\/droitemoderniste.be\/index.php\/programme\/priorites\/defense\/renforcement-souverainete-nationale\/\">Souverainet\u00e9 nationale<\/a><\/blockquote><iframe loading=\"lazy\" class=\"wp-embedded-content\" sandbox=\"allow-scripts\" security=\"restricted\" style=\"position: absolute; visibility: hidden;\" title=\"\u00ab\u00a0Souverainet\u00e9 nationale\u00a0\u00bb &#8212; Mouvement Droite Moderniste\" src=\"https:\/\/droitemoderniste.be\/index.php\/programme\/priorites\/defense\/renforcement-souverainete-nationale\/embed\/#?secret=YLUuJr8v2U#?secret=o0kozEDzhn\" data-secret=\"o0kozEDzhn\" width=\"500\" height=\"282\" frameborder=\"0\" marginwidth=\"0\" marginheight=\"0\" scrolling=\"no\"><\/iframe>\n<\/div><\/figure>\n","protected":false},"excerpt":{"rendered":"<p>Le mod\u00e8le su\u00e9dois de d\u00e9fense autonome, appel\u00e9 \u00ab d\u00e9fense totale \u00bb, repose sur l&rsquo;implication de toute la soci\u00e9t\u00e9 : chaque citoyen a le devoir de contribuer \u00e0 la d\u00e9fense du pays, aussi bien sur le plan militaire que civil. Ce syst\u00e8me a \u00e9t\u00e9 r\u00e9activ\u00e9 apr\u00e8s les tensions en Ukraine et pr\u00e9voit une conscription limit\u00e9e, une [&hellip;]<\/p>\n","protected":false},"author":1,"featured_media":0,"comment_status":"open","ping_status":"open","sticky":false,"template":"","format":"standard","meta":{"_monsterinsights_skip_tracking":false,"_uf_show_specific_survey":0,"_uf_disable_surveys":false,"footnotes":""},"categories":[7],"tags":[],"class_list":["post-894","post","type-post","status-publish","format-standard","hentry","category-defense"],"_links":{"self":[{"href":"https:\/\/droitemoderniste.be\/index.php\/wp-json\/wp\/v2\/posts\/894","targetHints":{"allow":["GET"]}}],"collection":[{"href":"https:\/\/droitemoderniste.be\/index.php\/wp-json\/wp\/v2\/posts"}],"about":[{"href":"https:\/\/droitemoderniste.be\/index.php\/wp-json\/wp\/v2\/types\/post"}],"author":[{"embeddable":true,"href":"https:\/\/droitemoderniste.be\/index.php\/wp-json\/wp\/v2\/users\/1"}],"replies":[{"embeddable":true,"href":"https:\/\/droitemoderniste.be\/index.php\/wp-json\/wp\/v2\/comments?post=894"}],"version-history":[{"count":1,"href":"https:\/\/droitemoderniste.be\/index.php\/wp-json\/wp\/v2\/posts\/894\/revisions"}],"predecessor-version":[{"id":896,"href":"https:\/\/droitemoderniste.be\/index.php\/wp-json\/wp\/v2\/posts\/894\/revisions\/896"}],"wp:attachment":[{"href":"https:\/\/droitemoderniste.be\/index.php\/wp-json\/wp\/v2\/media?parent=894"}],"wp:term":[{"taxonomy":"category","embeddable":true,"href":"https:\/\/droitemoderniste.be\/index.php\/wp-json\/wp\/v2\/categories?post=894"},{"taxonomy":"post_tag","embeddable":true,"href":"https:\/\/droitemoderniste.be\/index.php\/wp-json\/wp\/v2\/tags?post=894"}],"curies":[{"name":"wp","href":"https:\/\/api.w.org\/{rel}","templated":true}]}}