{"id":884,"date":"2025-08-30T11:20:29","date_gmt":"2025-08-30T09:20:29","guid":{"rendered":"https:\/\/droitemoderniste.be\/?p=884"},"modified":"2025-08-30T11:20:29","modified_gmt":"2025-08-30T09:20:29","slug":"autonomie-militaire-rapprocher-le-plus-possible-la-strategie-belge-de-la-strategie-israelienne","status":"publish","type":"post","link":"https:\/\/droitemoderniste.be\/index.php\/2025\/08\/30\/autonomie-militaire-rapprocher-le-plus-possible-la-strategie-belge-de-la-strategie-israelienne\/","title":{"rendered":"Autonomie militaire\u00a0: Rapprocher le plus possible la strat\u00e9gie belge de la strat\u00e9gie isra\u00e9lienne"},"content":{"rendered":"\n<figure class=\"wp-block-image size-full\"><img loading=\"lazy\" decoding=\"async\" width=\"680\" height=\"445\" src=\"https:\/\/droitemoderniste.be\/wp-content\/uploads\/2025\/08\/missiles-ATAMC-1.jpg\" alt=\"\" class=\"wp-image-885\" srcset=\"https:\/\/droitemoderniste.be\/wp-content\/uploads\/2025\/08\/missiles-ATAMC-1.jpg 680w, https:\/\/droitemoderniste.be\/wp-content\/uploads\/2025\/08\/missiles-ATAMC-1-300x196.jpg 300w\" sizes=\"auto, (max-width: 680px) 100vw, 680px\" \/><\/figure>\n\n\n\n<p class=\"wp-block-paragraph\">La Belgique, en tant que petit pays, s&rsquo;efforce d&rsquo;augmenter son budget militaire, avec un objectif marqu\u00e9 d&rsquo;atteindre 2% du PIB en d\u00e9penses militaires, et \u00e0 terme envisager m\u00eame 5%. Cependant, cette augmentation est dans un contexte o\u00f9 la Belgique reste d\u00e9pendante de coop\u00e9rations internationales, notamment via l&rsquo;OTAN et l&rsquo;Union europ\u00e9enne, tant sur le plan politique que pour l&rsquo;approvisionnement en mat\u00e9riel militaire.<\/p>\n\n\n\n<p class=\"wp-block-paragraph\">La Belgique a une tradition de partenariat et de coop\u00e9ration multilat\u00e9rale pour ses \u00e9quipements militaires et partage des cha\u00eenes d&rsquo;approvisionnement avec d&rsquo;autres pays europ\u00e9ens.<\/p>\n\n\n\n<p class=\"wp-block-paragraph\">Isra\u00ebl, de son c\u00f4t\u00e9, est souvent consid\u00e9r\u00e9 comme un mod\u00e8le d&rsquo;autonomie militaire. Ce pays a une industrie de d\u00e9fense tr\u00e8s d\u00e9velopp\u00e9e, lui permettant de financer et de produire une grande partie de son appareil militaire en interne, avec un fort investissement public et priv\u00e9 dans la recherche et l&rsquo;industrie. Isra\u00ebl investit massivement dans la d\u00e9fense, avec une industrie technologique avanc\u00e9e qui a rendu possible cette autonomie relative.<\/p>\n\n\n\n<p class=\"wp-block-paragraph\">Toutefois, Isra\u00ebl ne se passe pas totalement de la coop\u00e9ration internationale pour certains \u00e9quipements et achats, notamment pour des technologies tr\u00e8s sp\u00e9cifiques ou des partenariats strat\u00e9giques, notamment avec les \u00c9tats-Unis.<\/p>\n\n\n\n<p class=\"wp-block-paragraph\">Pour la Belgique, s&rsquo;inspirer d&rsquo;Isra\u00ebl pour financer seule un appareil militaire complet sans coop\u00e9ration internationale serait extr\u00eamement difficile. La Belgique a une \u00e9conomie plus petite, une base industrielle moins sp\u00e9cialis\u00e9e dans l&rsquo;armement, et un engagement fort dans des alliances collectives (OTAN, Union europ\u00e9enne) qui mutualisent \u00e0 la fois les co\u00fbts et les capacit\u00e9s. L&rsquo;approche belge est plus ax\u00e9e sur la coop\u00e9ration internationale et l&rsquo;int\u00e9gration europ\u00e9enne pour garantir une d\u00e9fense efficace et \u00e9conomiquement viable.<\/p>\n\n\n\n<p class=\"wp-block-paragraph\">En r\u00e9sum\u00e9, alors que Isra\u00ebl a r\u00e9ussi \u00e0 atteindre une autonomie militaire substantielle gr\u00e2ce \u00e0 une industrie militaire nationale tr\u00e8s d\u00e9velopp\u00e9e et des investissements prioritaires, la Belgique, en tant que plus petit acteur europ\u00e9en et membre d&rsquo;alliances internationales, trouverait difficile et co\u00fbteux d&rsquo;imiter ce mod\u00e8le en compl\u00e8te ind\u00e9pendance. La coop\u00e9ration internationale reste un levier cl\u00e9 pour garantir un dispositif militaire complet et performant pour la Belgique.<\/p>\n\n\n\n<p class=\"wp-block-paragraph\">Positions du <mark style=\"background-color:rgba(0, 0, 0, 0);color:#ff6900\" class=\"has-inline-color\">MDM<\/mark> sur la d\u00e9fense collective europ\u00e9enne\u00a0:<\/p>\n\n\n\n<figure class=\"wp-block-embed is-type-wp-embed is-provider-mouvement-droite-moderniste wp-block-embed-mouvement-droite-moderniste\"><div class=\"wp-block-embed__wrapper\">\n<blockquote class=\"wp-embedded-content\" data-secret=\"tNY3du0d0D\"><a href=\"https:\/\/droitemoderniste.be\/index.php\/modernisme\/defense-nationale\/\">D\u00e9fense nationale<\/a><\/blockquote><iframe loading=\"lazy\" class=\"wp-embedded-content\" sandbox=\"allow-scripts\" security=\"restricted\" style=\"position: absolute; visibility: hidden;\" title=\"\u00ab\u00a0D\u00e9fense nationale\u00a0\u00bb &#8212; Mouvement Droite Moderniste\" src=\"https:\/\/droitemoderniste.be\/index.php\/modernisme\/defense-nationale\/embed\/#?secret=NtAAk47Huo#?secret=tNY3du0d0D\" data-secret=\"tNY3du0d0D\" width=\"500\" height=\"282\" frameborder=\"0\" marginwidth=\"0\" marginheight=\"0\" scrolling=\"no\"><\/iframe>\n<\/div><\/figure>\n\n\n\n<figure class=\"wp-block-embed is-type-wp-embed is-provider-mouvement-droite-moderniste wp-block-embed-mouvement-droite-moderniste\"><div class=\"wp-block-embed__wrapper\">\n<blockquote class=\"wp-embedded-content\" data-secret=\"4cHtBoYtXz\"><a href=\"https:\/\/droitemoderniste.be\/index.php\/programme\/priorites\/defense\/\">D\u00e9fense<\/a><\/blockquote><iframe loading=\"lazy\" class=\"wp-embedded-content\" sandbox=\"allow-scripts\" security=\"restricted\" style=\"position: absolute; visibility: hidden;\" title=\"\u00ab\u00a0D\u00e9fense\u00a0\u00bb &#8212; Mouvement Droite Moderniste\" src=\"https:\/\/droitemoderniste.be\/index.php\/programme\/priorites\/defense\/embed\/#?secret=1ItClizrbY#?secret=4cHtBoYtXz\" data-secret=\"4cHtBoYtXz\" width=\"500\" height=\"282\" frameborder=\"0\" marginwidth=\"0\" marginheight=\"0\" scrolling=\"no\"><\/iframe>\n<\/div><\/figure>\n\n\n\n<figure class=\"wp-block-embed is-type-wp-embed is-provider-mouvement-droite-moderniste wp-block-embed-mouvement-droite-moderniste\"><div class=\"wp-block-embed__wrapper\">\n<blockquote class=\"wp-embedded-content\" data-secret=\"zea4wxFQzC\"><a href=\"https:\/\/droitemoderniste.be\/index.php\/programme\/priorites\/defense\/alliances-alternatives\/\">Alliances alternatives<\/a><\/blockquote><iframe loading=\"lazy\" class=\"wp-embedded-content\" sandbox=\"allow-scripts\" security=\"restricted\" style=\"position: absolute; visibility: hidden;\" title=\"\u00ab\u00a0Alliances alternatives\u00a0\u00bb &#8212; Mouvement Droite Moderniste\" src=\"https:\/\/droitemoderniste.be\/index.php\/programme\/priorites\/defense\/alliances-alternatives\/embed\/#?secret=kRqhZsFXTp#?secret=zea4wxFQzC\" data-secret=\"zea4wxFQzC\" width=\"500\" height=\"282\" frameborder=\"0\" marginwidth=\"0\" marginheight=\"0\" scrolling=\"no\"><\/iframe>\n<\/div><\/figure>\n\n\n\n<figure class=\"wp-block-embed is-type-wp-embed is-provider-mouvement-droite-moderniste wp-block-embed-mouvement-droite-moderniste\"><div class=\"wp-block-embed__wrapper\">\n<blockquote class=\"wp-embedded-content\" data-secret=\"kfbb3iZCXR\"><a href=\"https:\/\/droitemoderniste.be\/index.php\/programme\/priorites\/defense\/renforcer-lautonomie-strategique\/\">Autonomie strat\u00e9gique<\/a><\/blockquote><iframe loading=\"lazy\" class=\"wp-embedded-content\" sandbox=\"allow-scripts\" security=\"restricted\" style=\"position: absolute; visibility: hidden;\" title=\"\u00ab\u00a0Autonomie strat\u00e9gique\u00a0\u00bb &#8212; Mouvement Droite Moderniste\" src=\"https:\/\/droitemoderniste.be\/index.php\/programme\/priorites\/defense\/renforcer-lautonomie-strategique\/embed\/#?secret=8NoTVMmcDN#?secret=kfbb3iZCXR\" data-secret=\"kfbb3iZCXR\" width=\"500\" height=\"282\" frameborder=\"0\" marginwidth=\"0\" marginheight=\"0\" scrolling=\"no\"><\/iframe>\n<\/div><\/figure>\n\n\n\n<figure class=\"wp-block-embed is-type-wp-embed is-provider-mouvement-droite-moderniste wp-block-embed-mouvement-droite-moderniste\"><div class=\"wp-block-embed__wrapper\">\n<blockquote class=\"wp-embedded-content\" data-secret=\"456k7kC7J4\"><a href=\"https:\/\/droitemoderniste.be\/index.php\/programme\/priorites\/defense\/capacite-daction-independante\/\">Capacit\u00e9 d&rsquo;action ind\u00e9pendante<\/a><\/blockquote><iframe loading=\"lazy\" class=\"wp-embedded-content\" sandbox=\"allow-scripts\" security=\"restricted\" style=\"position: absolute; visibility: hidden;\" title=\"\u00ab\u00a0Capacit\u00e9 d&rsquo;action ind\u00e9pendante\u00a0\u00bb &#8212; Mouvement Droite Moderniste\" src=\"https:\/\/droitemoderniste.be\/index.php\/programme\/priorites\/defense\/capacite-daction-independante\/embed\/#?secret=gA3ihBUlyL#?secret=456k7kC7J4\" data-secret=\"456k7kC7J4\" width=\"500\" height=\"282\" frameborder=\"0\" marginwidth=\"0\" marginheight=\"0\" scrolling=\"no\"><\/iframe>\n<\/div><\/figure>\n\n\n\n<figure class=\"wp-block-embed is-type-wp-embed is-provider-mouvement-droite-moderniste wp-block-embed-mouvement-droite-moderniste\"><div class=\"wp-block-embed__wrapper\">\n<blockquote class=\"wp-embedded-content\" data-secret=\"oqlHTZFGM7\"><a href=\"https:\/\/droitemoderniste.be\/index.php\/programme\/priorites\/defense\/defense-autonome\/\">D\u00e9fense autonome<\/a><\/blockquote><iframe loading=\"lazy\" class=\"wp-embedded-content\" sandbox=\"allow-scripts\" security=\"restricted\" style=\"position: absolute; visibility: hidden;\" title=\"\u00ab\u00a0D\u00e9fense autonome\u00a0\u00bb &#8212; Mouvement Droite Moderniste\" src=\"https:\/\/droitemoderniste.be\/index.php\/programme\/priorites\/defense\/defense-autonome\/embed\/#?secret=Owi3yoacoo#?secret=oqlHTZFGM7\" data-secret=\"oqlHTZFGM7\" width=\"500\" height=\"282\" frameborder=\"0\" marginwidth=\"0\" marginheight=\"0\" scrolling=\"no\"><\/iframe>\n<\/div><\/figure>\n\n\n\n<figure class=\"wp-block-embed is-type-wp-embed is-provider-mouvement-droite-moderniste wp-block-embed-mouvement-droite-moderniste\"><div class=\"wp-block-embed__wrapper\">\n<blockquote class=\"wp-embedded-content\" data-secret=\"k4DT70iitU\"><a href=\"https:\/\/droitemoderniste.be\/index.php\/programme\/priorites\/defense\/renforcement-souverainete-nationale\/\">Souverainet\u00e9 nationale<\/a><\/blockquote><iframe loading=\"lazy\" class=\"wp-embedded-content\" sandbox=\"allow-scripts\" security=\"restricted\" style=\"position: absolute; visibility: hidden;\" title=\"\u00ab\u00a0Souverainet\u00e9 nationale\u00a0\u00bb &#8212; Mouvement Droite Moderniste\" src=\"https:\/\/droitemoderniste.be\/index.php\/programme\/priorites\/defense\/renforcement-souverainete-nationale\/embed\/#?secret=pi8GPmHC62#?secret=k4DT70iitU\" data-secret=\"k4DT70iitU\" width=\"500\" height=\"282\" frameborder=\"0\" marginwidth=\"0\" marginheight=\"0\" scrolling=\"no\"><\/iframe>\n<\/div><\/figure>\n","protected":false},"excerpt":{"rendered":"<p>La Belgique, en tant que petit pays, s&rsquo;efforce d&rsquo;augmenter son budget militaire, avec un objectif marqu\u00e9 d&rsquo;atteindre 2% du PIB en d\u00e9penses militaires, et \u00e0 terme envisager m\u00eame 5%. Cependant, cette augmentation est dans un contexte o\u00f9 la Belgique reste d\u00e9pendante de coop\u00e9rations internationales, notamment via l&rsquo;OTAN et l&rsquo;Union europ\u00e9enne, tant sur le plan politique [&hellip;]<\/p>\n","protected":false},"author":1,"featured_media":0,"comment_status":"open","ping_status":"open","sticky":false,"template":"","format":"standard","meta":{"_monsterinsights_skip_tracking":false,"_uf_show_specific_survey":0,"_uf_disable_surveys":false,"footnotes":""},"categories":[7],"tags":[],"class_list":["post-884","post","type-post","status-publish","format-standard","hentry","category-defense"],"_links":{"self":[{"href":"https:\/\/droitemoderniste.be\/index.php\/wp-json\/wp\/v2\/posts\/884","targetHints":{"allow":["GET"]}}],"collection":[{"href":"https:\/\/droitemoderniste.be\/index.php\/wp-json\/wp\/v2\/posts"}],"about":[{"href":"https:\/\/droitemoderniste.be\/index.php\/wp-json\/wp\/v2\/types\/post"}],"author":[{"embeddable":true,"href":"https:\/\/droitemoderniste.be\/index.php\/wp-json\/wp\/v2\/users\/1"}],"replies":[{"embeddable":true,"href":"https:\/\/droitemoderniste.be\/index.php\/wp-json\/wp\/v2\/comments?post=884"}],"version-history":[{"count":1,"href":"https:\/\/droitemoderniste.be\/index.php\/wp-json\/wp\/v2\/posts\/884\/revisions"}],"predecessor-version":[{"id":886,"href":"https:\/\/droitemoderniste.be\/index.php\/wp-json\/wp\/v2\/posts\/884\/revisions\/886"}],"wp:attachment":[{"href":"https:\/\/droitemoderniste.be\/index.php\/wp-json\/wp\/v2\/media?parent=884"}],"wp:term":[{"taxonomy":"category","embeddable":true,"href":"https:\/\/droitemoderniste.be\/index.php\/wp-json\/wp\/v2\/categories?post=884"},{"taxonomy":"post_tag","embeddable":true,"href":"https:\/\/droitemoderniste.be\/index.php\/wp-json\/wp\/v2\/tags?post=884"}],"curies":[{"name":"wp","href":"https:\/\/api.w.org\/{rel}","templated":true}]}}