{"id":877,"date":"2025-08-29T13:44:08","date_gmt":"2025-08-29T11:44:08","guid":{"rendered":"https:\/\/droitemoderniste.be\/?p=877"},"modified":"2025-08-29T13:44:08","modified_gmt":"2025-08-29T11:44:08","slug":"il-est-urgent-de-mieux-remunerer-les-personnels-hospitaliers","status":"publish","type":"post","link":"https:\/\/droitemoderniste.be\/index.php\/2025\/08\/29\/il-est-urgent-de-mieux-remunerer-les-personnels-hospitaliers\/","title":{"rendered":"Il est urgent de mieux r\u00e9mun\u00e9rer les personnels hospitaliers"},"content":{"rendered":"\n<figure class=\"wp-block-image size-full\"><img loading=\"lazy\" decoding=\"async\" width=\"284\" height=\"177\" src=\"https:\/\/droitemoderniste.be\/wp-content\/uploads\/2025\/08\/hopitalF1.jpg\" alt=\"\" class=\"wp-image-878\"\/><\/figure>\n\n\n\n<p class=\"wp-block-paragraph\">Notre syst\u00e8me hospitalier reste un des meilleurs du monde, mais il est menac\u00e9.<\/p>\n\n\n\n<p class=\"wp-block-paragraph\">Ce qui mine actuellement nos \u00e9tablissements\u00a0: d\u00e9fiance \u00e0 l\u2019\u00e9gard des professionnels, hyper-r\u00e9glementation, pr\u00e9\u00e9minence des probl\u00e9matiques administratives et comptables sur les besoins sanitaires, instauration d\u2019une gouvernance\u00a0de bureaucrates privil\u00e9gi\u00e9s, mise en \u0153uvre de \u00ab\u00a0r\u00e9organisations\u00a0\u00bb ou de \u00ab\u00a0transformations\u00a0\u00bb mal pens\u00e9es, mal accept\u00e9es et sources de gaspillages, absence d\u2019articulation avec la m\u00e9decine de ville et, surtout, sous-financement et mauvaise anticipation de la p\u00e9nurie m\u00e9dicale.<\/p>\n\n\n\n<p class=\"wp-block-paragraph\">L\u2019h\u00f4pital a \u00e9t\u00e9 \u00ab&nbsp;mis sous tension&nbsp;\u00bb par un syst\u00e8me d\u2019allocation de ressources restrictif et pervers instaurant la lutte de tous contre tous.<\/p>\n\n\n\n<p class=\"wp-block-paragraph\">Les dirigeants hospitaliers sont r\u00e9duits ann\u00e9e apr\u00e8s ann\u00e9e \u00e0 saupoudrer des restrictions budg\u00e9taires qui vont \u00e0 rebours de l\u2019objectif affich\u00e9 d\u2019 \u00ab&nbsp;efficience&nbsp;\u00bb et se trouvent dans l\u2019impossibilit\u00e9 de r\u00e9aliser les investissements n\u00e9cessaires.<\/p>\n\n\n\n<p class=\"wp-block-paragraph\">Les gouvernements successifs provoquent des d\u00e9ficits dont sont ensuite accus\u00e9s les acteurs de terrain, \u00ab&nbsp;incapables de s\u2019organiser&nbsp;\u00bb.<\/p>\n\n\n\n<p class=\"wp-block-paragraph\">Ce discours culpabilisant et ces injonctions paradoxales sont insupportables et aboutissent \u00e0 la d\u00e9liquescence \u00e0 laquelle nous assistons, m\u00e9dus\u00e9s&nbsp;: m\u00e9decine d\u2019abattage, d\u00e9shumanisation des soins, souffrance \u00e9thique, cloisonnement des diff\u00e9rents corps de m\u00e9tier, y compris au sein des \u00e9quipes soignantes, mutualisation des personnels au m\u00e9pris de leurs savoir-faire, burn-out, perte de sens pour les professionnels, perte de chance pour les malades, d\u00e9parts de plus en plus nombreux de personnels, rigidit\u00e9 des statuts mettant l\u2019h\u00f4pital public dans l\u2019impossibilit\u00e9 de lutter \u00e0 armes \u00e9gales avec les autres types d\u2019\u00e9tablissements, difficult\u00e9s de recrutement, fermetures de lits, d\u00e9sorganisation des parcours de soins, v\u00e9tust\u00e9 des b\u00e2timents et des \u00e9quipements, aggravation des d\u00e9ficits, multiplication des contentieux et, pour finir, alt\u00e9ration de l\u2019image donn\u00e9e par ce \u00ab&nbsp;tr\u00e9sor national&nbsp;belge&nbsp;\u00bb, qui attire de moins en moins les personnels et les patients.<\/p>\n\n\n\n<p class=\"wp-block-paragraph\">L\u2019h\u00f4pital n\u2019a pas l\u2019apanage de cette \u00e9volution dangereuse pour la coh\u00e9sion nationale. Tous les services publics sont touch\u00e9s par le m\u00eame mal, en particulier la justice, l\u2019enseignement, la police, la d\u00e9fense.<\/p>\n\n\n\n<p class=\"wp-block-paragraph\">La d\u00e9pense publique serait mauvaise en soi et devrait \u00eatre r\u00e9duite, alors qu\u2019elle est l\u2019instrument de nos libert\u00e9s, de l\u2019\u00e9galit\u00e9 entre citoyens, de la fraternit\u00e9 et de la sollicitude envers les plus faibles, bref, l\u2019instrument des valeurs fondatrices de notre \u00c9tat-providence et de sa s\u00e9curit\u00e9 sociale.<\/p>\n\n\n\n<p class=\"wp-block-paragraph\">L\u2019histoire hospitali\u00e8re est une longue alternance de p\u00e9riodes fastes et de p\u00e9riodes moins fastes. Les m\u00e9decins souhaitent disposer des moyens optimaux pour soigner. Les pouvoirs publics ont toujours pens\u00e9 que l\u2019h\u00f4pital d\u00e9pensait trop.<\/p>\n\n\n\n<p class=\"wp-block-paragraph\">Les soins et les conditions d\u2019accueil des malades ont connu des progr\u00e8s consid\u00e9rables depuis la fin de la seconde guerre mondiale. Les temps ne sont plus les m\u00eames et une telle progression n\u2019est plus aujourd\u2019hui possible.<\/p>\n\n\n\n<p class=\"wp-block-paragraph\">D\u00e9j\u00e0, avant la propagation de l\u2019\u00e9pid\u00e9mie du Covid- 19, les restrictions impos\u00e9es \u00e0 l\u2019h\u00f4pital avaient atteint un niveau critique. Le garrot qui l\u2019\u00e9trangle davantage aujourd\u2019hui doit \u00eatre desserr\u00e9. Le gouvernement fait l\u2019autruche.<\/p>\n\n\n\n<p class=\"wp-block-paragraph\">Cela va finir par justifier un \u00e9ventuel mouvement social \u00e0 l\u2019h\u00f4pital public, en particulier une gr\u00e8ve du codage, qui symbolise le rejet de l\u2019h\u00f4pital-entreprise.<\/p>\n\n\n\n<p class=\"wp-block-paragraph\">Ce mouvement de contestation partira probablement des urgences, en s\u2019\u00e9tendant \u00e0 tout l\u2019h\u00f4pital en regroupant toutes les cat\u00e9gories de personnels hospitaliers, \u00e0 commencer par les plus jeunes, et la contestation sera probablement soutenue par des associations de patients.<\/p>\n\n\n\n<p class=\"wp-block-paragraph\">Pour continuer \u00e0 assurer un haut niveau de soins et ne pas renoncer au progr\u00e8s m\u00e9dical, il faut admettre que le syst\u00e8me de sant\u00e9, dont l\u2019h\u00f4pital (invention chr\u00e9tienne) reste un pilier, co\u00fbtera de plus en plus cher.<\/p>\n\n\n\n<p class=\"wp-block-paragraph\">Les raisons en sont connues&nbsp;: vieillissement de la population, avanc\u00e9es diagnostiques et th\u00e9rapeutiques co\u00fbteuses.<\/p>\n\n\n\n<p class=\"wp-block-paragraph\">Une autre raison m\u00e9rite d\u2019\u00eatre soulign\u00e9e&nbsp;: l\u2019impossibilit\u00e9 de faire des gains de productivit\u00e9 \u00e9lev\u00e9s dans ce secteur, car les soins reposent d\u2019abord sur des \u00eatres humains aux comp\u00e9tences de plus en plus sophistiqu\u00e9es et qui ne peuvent pas pour leur immense part \u00eatre remplac\u00e9s par des machines.<\/p>\n\n\n\n<p class=\"wp-block-paragraph\">Il est donc indispensable de changer d\u2019orientation, de corriger les carences et les incoh\u00e9rences de notre syst\u00e8me de sant\u00e9 et, \u00e0 l\u2019h\u00f4pital, de provoquer un double choc d\u2019attractivit\u00e9 et d\u2019autonomie.<\/p>\n\n\n\n<p class=\"wp-block-paragraph\">En premier lieu, il conviendrait de r\u00e9mun\u00e9rer les personnels hospitaliers \u00e0 la hauteur du service rendu, des particularit\u00e9s r\u00e9gionales, de leurs comp\u00e9tences et de leur d\u00e9vouement, \u00e0 commencer par les infirmiers et les aides-soignants, en rattrapant le retard pris sur les pays europ\u00e9ens comparables au n\u00f4tre.<\/p>\n\n\n\n<p class=\"wp-block-paragraph\">En deuxi\u00e8me lieu, il faudrait que les pouvoirs publics manifestent leur confiance aux professionnels de terrain en les impliquant davantage dans les d\u00e9cisions, selon un principe de subsidiarit\u00e9.<\/p>\n\n\n\n<p class=\"wp-block-paragraph\">Les \u00e9quipes de soins et les dirigeants hospitaliers doivent disposer d\u2019une large ind\u00e9pendance aussi bien pour l\u2019am\u00e9nagement de la vie au travail que pour les r\u00e9organisations structurelles, et cela d\u00e8s le niveau du service, cellule de base de l\u2019h\u00f4pital, plut\u00f4t que de subir d\u2019en haut des d\u00e9cisions non n\u00e9goci\u00e9es et souvent vou\u00e9es \u00e0 l\u2019\u00e9chec.<\/p>\n\n\n\n<p class=\"wp-block-paragraph\">Il est souhaitable enfin de faire des efforts d\u2019investissement pour retrouver un haut niveau d\u2019accueil des patients, de qualit\u00e9 et de s\u00e9curit\u00e9 des soins, de formation et de recherche.<\/p>\n\n\n\n<p class=\"wp-block-paragraph\">Nous attendons de l\u2019ex\u00e9cutif qu\u2019il soit \u00e0 l\u2019\u00e9coute et qu\u2019il redonne \u00e0 notre syst\u00e8me hospitalier confiance et espoir.<\/p>\n\n\n\n<figure class=\"wp-block-image size-full\"><img loading=\"lazy\" decoding=\"async\" width=\"300\" height=\"168\" src=\"https:\/\/droitemoderniste.be\/wp-content\/uploads\/2025\/08\/hopitalF.jpg\" alt=\"\" class=\"wp-image-879\"\/><\/figure>\n","protected":false},"excerpt":{"rendered":"<p>Notre syst\u00e8me hospitalier reste un des meilleurs du monde, mais il est menac\u00e9. Ce qui mine actuellement nos \u00e9tablissements\u00a0: d\u00e9fiance \u00e0 l\u2019\u00e9gard des professionnels, hyper-r\u00e9glementation, pr\u00e9\u00e9minence des probl\u00e9matiques administratives et comptables sur les besoins sanitaires, instauration d\u2019une gouvernance\u00a0de bureaucrates privil\u00e9gi\u00e9s, mise en \u0153uvre de \u00ab\u00a0r\u00e9organisations\u00a0\u00bb ou de \u00ab\u00a0transformations\u00a0\u00bb mal pens\u00e9es, mal accept\u00e9es et sources de [&hellip;]<\/p>\n","protected":false},"author":1,"featured_media":0,"comment_status":"open","ping_status":"open","sticky":false,"template":"","format":"standard","meta":{"_monsterinsights_skip_tracking":false,"_uf_show_specific_survey":0,"_uf_disable_surveys":false,"footnotes":""},"categories":[27],"tags":[],"class_list":["post-877","post","type-post","status-publish","format-standard","hentry","category-sante-publique"],"_links":{"self":[{"href":"https:\/\/droitemoderniste.be\/index.php\/wp-json\/wp\/v2\/posts\/877","targetHints":{"allow":["GET"]}}],"collection":[{"href":"https:\/\/droitemoderniste.be\/index.php\/wp-json\/wp\/v2\/posts"}],"about":[{"href":"https:\/\/droitemoderniste.be\/index.php\/wp-json\/wp\/v2\/types\/post"}],"author":[{"embeddable":true,"href":"https:\/\/droitemoderniste.be\/index.php\/wp-json\/wp\/v2\/users\/1"}],"replies":[{"embeddable":true,"href":"https:\/\/droitemoderniste.be\/index.php\/wp-json\/wp\/v2\/comments?post=877"}],"version-history":[{"count":1,"href":"https:\/\/droitemoderniste.be\/index.php\/wp-json\/wp\/v2\/posts\/877\/revisions"}],"predecessor-version":[{"id":880,"href":"https:\/\/droitemoderniste.be\/index.php\/wp-json\/wp\/v2\/posts\/877\/revisions\/880"}],"wp:attachment":[{"href":"https:\/\/droitemoderniste.be\/index.php\/wp-json\/wp\/v2\/media?parent=877"}],"wp:term":[{"taxonomy":"category","embeddable":true,"href":"https:\/\/droitemoderniste.be\/index.php\/wp-json\/wp\/v2\/categories?post=877"},{"taxonomy":"post_tag","embeddable":true,"href":"https:\/\/droitemoderniste.be\/index.php\/wp-json\/wp\/v2\/tags?post=877"}],"curies":[{"name":"wp","href":"https:\/\/api.w.org\/{rel}","templated":true}]}}