{"id":874,"date":"2025-08-29T09:54:16","date_gmt":"2025-08-29T07:54:16","guid":{"rendered":"https:\/\/droitemoderniste.be\/?p=874"},"modified":"2025-08-29T09:54:16","modified_gmt":"2025-08-29T07:54:16","slug":"les-modeles-dautonomie-militaire-disrael-ou-de-suede-sont-difficilement-atteignables-en-belgique","status":"publish","type":"post","link":"https:\/\/droitemoderniste.be\/index.php\/2025\/08\/29\/les-modeles-dautonomie-militaire-disrael-ou-de-suede-sont-difficilement-atteignables-en-belgique\/","title":{"rendered":"Les mod\u00e8les d\u2019autonomie militaire d\u2019Isra\u00ebl ou de Su\u00e8de sont difficilement atteignables en Belgique"},"content":{"rendered":"\n<figure class=\"wp-block-image size-full\"><img loading=\"lazy\" decoding=\"async\" width=\"281\" height=\"180\" src=\"https:\/\/droitemoderniste.be\/wp-content\/uploads\/2025\/08\/conflit-isarelo-palest.jpg\" alt=\"\" class=\"wp-image-875\"\/><\/figure>\n\n\n\n<p class=\"wp-block-paragraph\">Les principales difficult\u00e9s \u00e0 maintenir une autonomie militaire compl\u00e8te sont multiples et englobent des d\u00e9fis financiers, technologiques, humains et g\u00e9opolitiques\u202f:<\/p>\n\n\n\n<p class=\"wp-block-paragraph\"><strong>1. Co\u00fbt financier \u00e9lev\u00e9<\/strong><\/p>\n\n\n\n<ul class=\"wp-block-list\">\n<li>Maintenir une arm\u00e9e compl\u00e8te, moderne et autonome exige des investissements lourds et continus. Les co\u00fbts des programmes d\u2019armement, souvent tr\u00e8s complexes technologiquement, sont exponentiels, et les arbitrages budg\u00e9taires sont essentiels pour ne pas fragiliser certaines capacit\u00e9s.<\/li>\n\n\n\n<li>Les petits et moyens pays ont plus de mal \u00e0 financer seuls un appareil militaire complet sans s\u2019appuyer sur des coop\u00e9rations.<\/li>\n<\/ul>\n\n\n\n<p class=\"wp-block-paragraph\"><strong>2. Complexit\u00e9 technologique et innovations rapides<\/strong><\/p>\n\n\n\n<ul class=\"wp-block-list\">\n<li>Les technologies de d\u00e9fense \u00e9voluent tr\u00e8s rapidement (drones, cyber, intelligence artificielle, espace), rendant difficile de suivre seul le rythme en termes d\u2019innovation et de renouvellement.<\/li>\n\n\n\n<li>Le d\u00e9veloppement de syst\u00e8mes d\u2019armes est souvent long (plusieurs ann\u00e9es voire d\u00e9cennies) et requiert une forte coordination industrielle.<\/li>\n<\/ul>\n\n\n\n<p class=\"wp-block-paragraph\"><strong>3. Interd\u00e9pendance et coop\u00e9ration<\/strong><\/p>\n\n\n\n<ul class=\"wp-block-list\">\n<li>M\u00eame les pays disposant de bonnes capacit\u00e9s doivent souvent coop\u00e9rer pour certains domaines techniques sp\u00e9cialis\u00e9s, car la fabrication et la maintenance peuvent d\u00e9pendre de cha\u00eenes d\u2019approvisionnement internationales.<\/li>\n\n\n\n<li>La coop\u00e9ration industrielle europ\u00e9enne est cependant frein\u00e9e par des int\u00e9r\u00eats nationaux divergents, des diff\u00e9rences doctrinales et des difficult\u00e9s de gouvernance.<\/li>\n<\/ul>\n\n\n\n<p class=\"wp-block-paragraph\"><strong>4. Ressources humaines et sp\u00e9cialis\u00e9es<\/strong><\/p>\n\n\n\n<ul class=\"wp-block-list\">\n<li>Attirer, former et retenir un personnel militaire comp\u00e9tent et en nombre suffisant est un enjeu majeur.<\/li>\n\n\n\n<li>Les arm\u00e9es modernes exigent des comp\u00e9tences pointues, notamment dans la cyberd\u00e9fense et le renseignement, souvent confront\u00e9es \u00e0 la concurrence du secteur civil.<\/li>\n<\/ul>\n\n\n\n<p class=\"wp-block-paragraph\"><strong>5. Contraintes g\u00e9opolitiques<\/strong><\/p>\n\n\n\n<ul class=\"wp-block-list\">\n<li>Sans alli\u00e9s forts, un pays autonome est souvent isol\u00e9 diplomatiquement, avec moins de marge de man\u0153uvre strat\u00e9gique.<\/li>\n\n\n\n<li>L\u2019absence de soutien collectif peut exposer \u00e0 des risques accrus en cas de conflit, ce qui n\u00e9cessite des capacit\u00e9s de dissuasion renforc\u00e9es (\u00e9ventuellement nucl\u00e9aires ou hybrides).<\/li>\n<\/ul>\n\n\n\n<p class=\"wp-block-paragraph\"><strong>6. Gouvernance et coordination<\/strong><\/p>\n\n\n\n<ul class=\"wp-block-list\">\n<li>La gestion des capacit\u00e9s strat\u00e9giques nationales demande une gouvernance claire et efficace, difficile \u00e0 mettre en \u0153uvre dans un environnement o\u00f9 les priorit\u00e9s politiques, \u00e9conomiques et militaires peuvent diverger.<\/li>\n<\/ul>\n\n\n\n<hr class=\"wp-block-separator has-alpha-channel-opacity\"\/>\n\n\n\n<p class=\"wp-block-paragraph\"><strong>En r\u00e9sum\u00e9<\/strong>, maintenir une autonomie militaire compl\u00e8te n\u00e9cessite d\u2019affronter des obstacles majeurs : le financement de dispositifs co\u00fbteux, le d\u00e9fi technologique d\u2019une innovation continue, la complexit\u00e9 des coop\u00e9rations, le recrutement de personnels qualifi\u00e9s, et la gestion d\u2019un isolement strat\u00e9gique potentiel. Ces limites expliquent pourquoi de nombreux pays privil\u00e9gient des alliances et des coop\u00e9rations pour compl\u00e9ter leurs capacit\u00e9s.<\/p>\n\n\n\n<p class=\"wp-block-paragraph\">Positions du <mark style=\"background-color:rgba(0, 0, 0, 0);color:#ff6900\" class=\"has-inline-color\">MDM <\/mark>sur la d\u00e9fense collective europ\u00e9enne\u00a0:<\/p>\n\n\n\n<figure class=\"wp-block-embed is-type-wp-embed is-provider-mouvement-droite-moderniste wp-block-embed-mouvement-droite-moderniste\"><div class=\"wp-block-embed__wrapper\">\n<blockquote class=\"wp-embedded-content\" data-secret=\"sX0LcEB5nK\"><a href=\"https:\/\/droitemoderniste.be\/index.php\/modernisme\/defense-nationale\/\">D\u00e9fense nationale<\/a><\/blockquote><iframe loading=\"lazy\" class=\"wp-embedded-content\" sandbox=\"allow-scripts\" security=\"restricted\" style=\"position: absolute; visibility: hidden;\" title=\"\u00ab\u00a0D\u00e9fense nationale\u00a0\u00bb &#8212; Mouvement Droite Moderniste\" src=\"https:\/\/droitemoderniste.be\/index.php\/modernisme\/defense-nationale\/embed\/#?secret=xx03VHYAyI#?secret=sX0LcEB5nK\" data-secret=\"sX0LcEB5nK\" width=\"500\" height=\"282\" frameborder=\"0\" marginwidth=\"0\" marginheight=\"0\" scrolling=\"no\"><\/iframe>\n<\/div><\/figure>\n\n\n\n<figure class=\"wp-block-embed is-type-wp-embed is-provider-mouvement-droite-moderniste wp-block-embed-mouvement-droite-moderniste\"><div class=\"wp-block-embed__wrapper\">\n<blockquote class=\"wp-embedded-content\" data-secret=\"sq6UOvfh1v\"><a href=\"https:\/\/droitemoderniste.be\/index.php\/programme\/priorites\/defense\/\">D\u00e9fense<\/a><\/blockquote><iframe loading=\"lazy\" class=\"wp-embedded-content\" sandbox=\"allow-scripts\" security=\"restricted\" style=\"position: absolute; visibility: hidden;\" title=\"\u00ab\u00a0D\u00e9fense\u00a0\u00bb &#8212; Mouvement Droite Moderniste\" src=\"https:\/\/droitemoderniste.be\/index.php\/programme\/priorites\/defense\/embed\/#?secret=lxLxKiDCL2#?secret=sq6UOvfh1v\" data-secret=\"sq6UOvfh1v\" width=\"500\" height=\"282\" frameborder=\"0\" marginwidth=\"0\" marginheight=\"0\" scrolling=\"no\"><\/iframe>\n<\/div><\/figure>\n\n\n\n<figure class=\"wp-block-embed is-type-wp-embed is-provider-mouvement-droite-moderniste wp-block-embed-mouvement-droite-moderniste\"><div class=\"wp-block-embed__wrapper\">\n<blockquote class=\"wp-embedded-content\" data-secret=\"93A8NZXWgj\"><a href=\"https:\/\/droitemoderniste.be\/index.php\/programme\/priorites\/defense\/alliances-alternatives\/\">Alliances alternatives<\/a><\/blockquote><iframe loading=\"lazy\" class=\"wp-embedded-content\" sandbox=\"allow-scripts\" security=\"restricted\" style=\"position: absolute; visibility: hidden;\" title=\"\u00ab\u00a0Alliances alternatives\u00a0\u00bb &#8212; Mouvement Droite Moderniste\" src=\"https:\/\/droitemoderniste.be\/index.php\/programme\/priorites\/defense\/alliances-alternatives\/embed\/#?secret=qjIH5HSLXp#?secret=93A8NZXWgj\" data-secret=\"93A8NZXWgj\" width=\"500\" height=\"282\" frameborder=\"0\" marginwidth=\"0\" marginheight=\"0\" scrolling=\"no\"><\/iframe>\n<\/div><\/figure>\n\n\n\n<figure class=\"wp-block-embed is-type-wp-embed is-provider-mouvement-droite-moderniste wp-block-embed-mouvement-droite-moderniste\"><div class=\"wp-block-embed__wrapper\">\n<blockquote class=\"wp-embedded-content\" data-secret=\"INXLjL5kN4\"><a href=\"https:\/\/droitemoderniste.be\/index.php\/programme\/priorites\/defense\/renforcer-lautonomie-strategique\/\">Autonomie strat\u00e9gique<\/a><\/blockquote><iframe loading=\"lazy\" class=\"wp-embedded-content\" sandbox=\"allow-scripts\" security=\"restricted\" style=\"position: absolute; visibility: hidden;\" title=\"\u00ab\u00a0Autonomie strat\u00e9gique\u00a0\u00bb &#8212; Mouvement Droite Moderniste\" src=\"https:\/\/droitemoderniste.be\/index.php\/programme\/priorites\/defense\/renforcer-lautonomie-strategique\/embed\/#?secret=2J5B8Ma5J5#?secret=INXLjL5kN4\" data-secret=\"INXLjL5kN4\" width=\"500\" height=\"282\" frameborder=\"0\" marginwidth=\"0\" marginheight=\"0\" scrolling=\"no\"><\/iframe>\n<\/div><\/figure>\n\n\n\n<figure class=\"wp-block-embed is-type-wp-embed is-provider-mouvement-droite-moderniste wp-block-embed-mouvement-droite-moderniste\"><div class=\"wp-block-embed__wrapper\">\n<blockquote class=\"wp-embedded-content\" data-secret=\"EDwIuVFvhj\"><a href=\"https:\/\/droitemoderniste.be\/index.php\/programme\/priorites\/defense\/capacite-daction-independante\/\">Capacit\u00e9 d&rsquo;action ind\u00e9pendante<\/a><\/blockquote><iframe loading=\"lazy\" class=\"wp-embedded-content\" sandbox=\"allow-scripts\" security=\"restricted\" style=\"position: absolute; visibility: hidden;\" title=\"\u00ab\u00a0Capacit\u00e9 d&rsquo;action ind\u00e9pendante\u00a0\u00bb &#8212; Mouvement Droite Moderniste\" src=\"https:\/\/droitemoderniste.be\/index.php\/programme\/priorites\/defense\/capacite-daction-independante\/embed\/#?secret=9sZV5VSbnn#?secret=EDwIuVFvhj\" data-secret=\"EDwIuVFvhj\" width=\"500\" height=\"282\" frameborder=\"0\" marginwidth=\"0\" marginheight=\"0\" scrolling=\"no\"><\/iframe>\n<\/div><\/figure>\n\n\n\n<figure class=\"wp-block-embed is-type-wp-embed is-provider-mouvement-droite-moderniste wp-block-embed-mouvement-droite-moderniste\"><div class=\"wp-block-embed__wrapper\">\n<blockquote class=\"wp-embedded-content\" data-secret=\"12NHiSDaJ0\"><a href=\"https:\/\/droitemoderniste.be\/index.php\/programme\/priorites\/defense\/defense-autonome\/\">D\u00e9fense autonome<\/a><\/blockquote><iframe loading=\"lazy\" class=\"wp-embedded-content\" sandbox=\"allow-scripts\" security=\"restricted\" style=\"position: absolute; visibility: hidden;\" title=\"\u00ab\u00a0D\u00e9fense autonome\u00a0\u00bb &#8212; Mouvement Droite Moderniste\" src=\"https:\/\/droitemoderniste.be\/index.php\/programme\/priorites\/defense\/defense-autonome\/embed\/#?secret=jDHNopQEmz#?secret=12NHiSDaJ0\" data-secret=\"12NHiSDaJ0\" width=\"500\" height=\"282\" frameborder=\"0\" marginwidth=\"0\" marginheight=\"0\" scrolling=\"no\"><\/iframe>\n<\/div><\/figure>\n\n\n\n<figure class=\"wp-block-embed is-type-wp-embed is-provider-mouvement-droite-moderniste wp-block-embed-mouvement-droite-moderniste\"><div class=\"wp-block-embed__wrapper\">\n<blockquote class=\"wp-embedded-content\" data-secret=\"rknqtbKbAo\"><a href=\"https:\/\/droitemoderniste.be\/index.php\/programme\/priorites\/defense\/renforcement-souverainete-nationale\/\">Souverainet\u00e9 nationale<\/a><\/blockquote><iframe loading=\"lazy\" class=\"wp-embedded-content\" sandbox=\"allow-scripts\" security=\"restricted\" style=\"position: absolute; visibility: hidden;\" title=\"\u00ab\u00a0Souverainet\u00e9 nationale\u00a0\u00bb &#8212; Mouvement Droite Moderniste\" src=\"https:\/\/droitemoderniste.be\/index.php\/programme\/priorites\/defense\/renforcement-souverainete-nationale\/embed\/#?secret=rawezlR2JJ#?secret=rknqtbKbAo\" data-secret=\"rknqtbKbAo\" width=\"500\" height=\"282\" frameborder=\"0\" marginwidth=\"0\" marginheight=\"0\" scrolling=\"no\"><\/iframe>\n<\/div><\/figure>\n","protected":false},"excerpt":{"rendered":"<p>Les principales difficult\u00e9s \u00e0 maintenir une autonomie militaire compl\u00e8te sont multiples et englobent des d\u00e9fis financiers, technologiques, humains et g\u00e9opolitiques\u202f: 1. Co\u00fbt financier \u00e9lev\u00e9 2. Complexit\u00e9 technologique et innovations rapides 3. Interd\u00e9pendance et coop\u00e9ration 4. Ressources humaines et sp\u00e9cialis\u00e9es 5. Contraintes g\u00e9opolitiques 6. Gouvernance et coordination En r\u00e9sum\u00e9, maintenir une autonomie militaire compl\u00e8te n\u00e9cessite d\u2019affronter [&hellip;]<\/p>\n","protected":false},"author":1,"featured_media":0,"comment_status":"open","ping_status":"open","sticky":false,"template":"","format":"standard","meta":{"_monsterinsights_skip_tracking":false,"_uf_show_specific_survey":0,"_uf_disable_surveys":false,"footnotes":""},"categories":[7],"tags":[],"class_list":["post-874","post","type-post","status-publish","format-standard","hentry","category-defense"],"_links":{"self":[{"href":"https:\/\/droitemoderniste.be\/index.php\/wp-json\/wp\/v2\/posts\/874","targetHints":{"allow":["GET"]}}],"collection":[{"href":"https:\/\/droitemoderniste.be\/index.php\/wp-json\/wp\/v2\/posts"}],"about":[{"href":"https:\/\/droitemoderniste.be\/index.php\/wp-json\/wp\/v2\/types\/post"}],"author":[{"embeddable":true,"href":"https:\/\/droitemoderniste.be\/index.php\/wp-json\/wp\/v2\/users\/1"}],"replies":[{"embeddable":true,"href":"https:\/\/droitemoderniste.be\/index.php\/wp-json\/wp\/v2\/comments?post=874"}],"version-history":[{"count":1,"href":"https:\/\/droitemoderniste.be\/index.php\/wp-json\/wp\/v2\/posts\/874\/revisions"}],"predecessor-version":[{"id":876,"href":"https:\/\/droitemoderniste.be\/index.php\/wp-json\/wp\/v2\/posts\/874\/revisions\/876"}],"wp:attachment":[{"href":"https:\/\/droitemoderniste.be\/index.php\/wp-json\/wp\/v2\/media?parent=874"}],"wp:term":[{"taxonomy":"category","embeddable":true,"href":"https:\/\/droitemoderniste.be\/index.php\/wp-json\/wp\/v2\/categories?post=874"},{"taxonomy":"post_tag","embeddable":true,"href":"https:\/\/droitemoderniste.be\/index.php\/wp-json\/wp\/v2\/tags?post=874"}],"curies":[{"name":"wp","href":"https:\/\/api.w.org\/{rel}","templated":true}]}}