{"id":861,"date":"2025-08-28T09:41:27","date_gmt":"2025-08-28T07:41:27","guid":{"rendered":"https:\/\/droitemoderniste.be\/?p=861"},"modified":"2025-08-28T09:41:27","modified_gmt":"2025-08-28T07:41:27","slug":"reformes-pour-augmenter-lefficacite-de-la-defense-belge","status":"publish","type":"post","link":"https:\/\/droitemoderniste.be\/index.php\/2025\/08\/28\/reformes-pour-augmenter-lefficacite-de-la-defense-belge\/","title":{"rendered":"R\u00e9formes pour augmenter l&rsquo;efficacit\u00e9 de la D\u00e9fense belge"},"content":{"rendered":"\n<figure class=\"wp-block-image size-full\"><img loading=\"lazy\" decoding=\"async\" width=\"864\" height=\"486\" src=\"https:\/\/droitemoderniste.be\/wp-content\/uploads\/2025\/08\/chasse-belge.jpg\" alt=\"\" class=\"wp-image-862\" srcset=\"https:\/\/droitemoderniste.be\/wp-content\/uploads\/2025\/08\/chasse-belge.jpg 864w, https:\/\/droitemoderniste.be\/wp-content\/uploads\/2025\/08\/chasse-belge-300x169.jpg 300w, https:\/\/droitemoderniste.be\/wp-content\/uploads\/2025\/08\/chasse-belge-768x432.jpg 768w\" sizes=\"auto, (max-width: 864px) 100vw, 864px\" \/><\/figure>\n\n\n\n<p class=\"wp-block-paragraph\">Voici les principales r\u00e9formes propos\u00e9es pour augmenter l\u2019efficacit\u00e9 de la D\u00e9fense belge\u202f:<\/p>\n\n\n\n<p class=\"wp-block-paragraph\"><strong>1. Hausse cibl\u00e9e et durable du budget d\u00e9fense<\/strong><\/p>\n\n\n\n<ul class=\"wp-block-list\">\n<li>Augmenter progressivement les d\u00e9penses pour atteindre et d\u00e9passer 4 % du PIB (en 2030), avec un accent mis sur l\u2019investissement dans les \u00e9quipements, la recherche et les infrastructures plut\u00f4t que sur les frais de personnel.<\/li>\n\n\n\n<li>Mise en place d\u2019un plan de financement reposant sur l\u2019endettement national, des obligations de d\u00e9fense (\u201cdefence bonds\u201d) et la mobilisation du secteur financier, tout en maintenant un \u00e9quilibre budg\u00e9taire \u00e0 moyen terme.<\/li>\n<\/ul>\n\n\n\n<p class=\"wp-block-paragraph\"><strong>2. Renforcement des capacit\u00e9s op\u00e9rationnelles<\/strong><\/p>\n\n\n\n<ul class=\"wp-block-list\">\n<li>Modernisation des moyens militaires\u202f: achat de mat\u00e9riel moderne (drones, F-35 suppl\u00e9mentaires, artillerie de nouvelle g\u00e9n\u00e9ration, v\u00e9hicules blind\u00e9s, syst\u00e8mes cyber).<\/li>\n\n\n\n<li>\u00a0Organisation de la D\u00e9fense autour de sc\u00e9narios r\u00e9alistes\u202f: meilleure pr\u00e9paration aux menaces hybrides, cyber et logistiques (comme le r\u00f4le de hub que joue la Belgique dans l\u2019OTAN).<\/li>\n\n\n\n<li>Soutien renforc\u00e9 \u00e0 la s\u00e9curit\u00e9 int\u00e9rieure en optimisant la coop\u00e9ration avec les acteurs de s\u00e9curit\u00e9 nationaux et la protection des infrastructures critiques (ports, a\u00e9roports, r\u00e9seaux ferroviaires, cybers\u00e9curit\u00e9).<\/li>\n<\/ul>\n\n\n\n<p class=\"wp-block-paragraph\"><strong>3. Ressources humaines et attractivit\u00e9 du m\u00e9tier militaire<\/strong><\/p>\n\n\n\n<ul class=\"wp-block-list\">\n<li>Recrutement acc\u00e9l\u00e9r\u00e9 (objectif\u202f: 2\u202f500 nouveaux militaires\/an).<\/li>\n\n\n\n<li>R\u00e9forme des carri\u00e8res, valorisation salariale et r\u00e9forme du r\u00e9gime de pension pour rendre le m\u00e9tier plus attractif et retenir les talents.<\/li>\n\n\n\n<li>Cr\u00e9ation d\u2019une r\u00e9serve plus flexible et num\u00e9riquement renforc\u00e9e, mieux int\u00e9gr\u00e9e aux op\u00e9rations nationales et internationales.<\/li>\n<\/ul>\n\n\n\n<p class=\"wp-block-paragraph\"><strong>4. Relance de l\u2019industrie de d\u00e9fense et innovation strat\u00e9gique<\/strong><\/p>\n\n\n\n<ul class=\"wp-block-list\">\n<li>D\u00e9veloppement d\u2019un pilier industriel militaro-\u00e9conomique belge connect\u00e9 aux chaines europ\u00e9ennes\u202f: priorit\u00e9 \u00e0 l\u2019investissement local dans la recherche, l\u2019innovation et la production duale civile\/militaire.<\/li>\n\n\n\n<li>Liaison syst\u00e9matique des efforts de d\u00e9fense \u00e0 l\u2019autonomie strat\u00e9gique europ\u00e9enne\u202f: r\u00e9duction des d\u00e9pendances, mont\u00e9e en gamme des technologies belges.<\/li>\n<\/ul>\n\n\n\n<p class=\"wp-block-paragraph\"><strong>5. Gouvernance, coordination et pilotage strat\u00e9gique<\/strong><\/p>\n\n\n\n<ul class=\"wp-block-list\">\n<li>Coordination nationale permanente (Sommet national sur la D\u00e9fense, int\u00e9grant l\u2019ensemble des pouvoirs publics et parties prenantes critiques).<\/li>\n\n\n\n<li>Adaptation des missions &amp; meilleure transversalit\u00e9 entre niveaux de pouvoir (f\u00e9d\u00e9ral, r\u00e9gions) pour l\u2019efficacit\u00e9 globale de la cha\u00eene de s\u00e9curit\u00e9 nationale.<\/li>\n<\/ul>\n\n\n\n<p class=\"wp-block-paragraph\"><strong>6. Adaptation \u00e0 l\u2019environnement OTAN et UE<\/strong><\/p>\n\n\n\n<ul class=\"wp-block-list\">\n<li>Positionnement comme chef de file sur certains domaines capacitaires (renseignement, cyber, logistique).<\/li>\n\n\n\n<li>Participation accrue aux investissements collectifs europ\u00e9ens et \u00e0 la couverture des \u201cgaps capacitaires\u201d europ\u00e9ens dans l\u2019OTAN.<\/li>\n<\/ul>\n\n\n\n<p class=\"wp-block-paragraph\"><strong>En r\u00e9sum\u00e9\u202f:<\/strong><br>La r\u00e9forme de la d\u00e9fense belge s\u2019appuie sur une mont\u00e9e en puissance budg\u00e9taire, humaine et technologique, le d\u00e9veloppement industriel, et sur la capacit\u00e9 \u00e0 s\u2019ancrer durablement dans les exigences europ\u00e9ennes et de l\u2019OTAN. L\u2019accent est mis sur la modernit\u00e9, la transversalit\u00e9, l\u2019attractivit\u00e9 RH et l\u2019innovation, facteurs cl\u00e9s de l\u2019efficacit\u00e9 pour la prochaine d\u00e9cennie.<\/p>\n\n\n\n<p class=\"wp-block-paragraph\">Positions du <mark style=\"background-color:rgba(0, 0, 0, 0);color:#ff6900\" class=\"has-inline-color\">MDM<\/mark> sur la D\u00e9fense collective europ\u00e9enne\u00a0:<\/p>\n\n\n\n<figure class=\"wp-block-embed is-type-wp-embed is-provider-mouvement-droite-moderniste wp-block-embed-mouvement-droite-moderniste\"><div class=\"wp-block-embed__wrapper\">\n<blockquote class=\"wp-embedded-content\" data-secret=\"7Il7cr5VuZ\"><a href=\"https:\/\/droitemoderniste.be\/index.php\/modernisme\/defense-nationale\/\">D\u00e9fense nationale<\/a><\/blockquote><iframe loading=\"lazy\" class=\"wp-embedded-content\" sandbox=\"allow-scripts\" security=\"restricted\" style=\"position: absolute; visibility: hidden;\" title=\"\u00ab\u00a0D\u00e9fense nationale\u00a0\u00bb &#8212; Mouvement Droite Moderniste\" src=\"https:\/\/droitemoderniste.be\/index.php\/modernisme\/defense-nationale\/embed\/#?secret=aodjRCr8XP#?secret=7Il7cr5VuZ\" data-secret=\"7Il7cr5VuZ\" width=\"500\" height=\"282\" frameborder=\"0\" marginwidth=\"0\" marginheight=\"0\" scrolling=\"no\"><\/iframe>\n<\/div><\/figure>\n\n\n\n<figure class=\"wp-block-embed is-type-wp-embed is-provider-mouvement-droite-moderniste wp-block-embed-mouvement-droite-moderniste\"><div class=\"wp-block-embed__wrapper\">\n<blockquote class=\"wp-embedded-content\" data-secret=\"WU0AqtGTK7\"><a href=\"https:\/\/droitemoderniste.be\/index.php\/programme\/priorites\/defense\/\">D\u00e9fense<\/a><\/blockquote><iframe loading=\"lazy\" class=\"wp-embedded-content\" sandbox=\"allow-scripts\" security=\"restricted\" style=\"position: absolute; visibility: hidden;\" title=\"\u00ab\u00a0D\u00e9fense\u00a0\u00bb &#8212; Mouvement Droite Moderniste\" src=\"https:\/\/droitemoderniste.be\/index.php\/programme\/priorites\/defense\/embed\/#?secret=iEkNwDvsfy#?secret=WU0AqtGTK7\" data-secret=\"WU0AqtGTK7\" width=\"500\" height=\"282\" frameborder=\"0\" marginwidth=\"0\" marginheight=\"0\" scrolling=\"no\"><\/iframe>\n<\/div><\/figure>\n\n\n\n<figure class=\"wp-block-embed is-type-wp-embed is-provider-mouvement-droite-moderniste wp-block-embed-mouvement-droite-moderniste\"><div class=\"wp-block-embed__wrapper\">\n<blockquote class=\"wp-embedded-content\" data-secret=\"f0a0p2ZjBG\"><a href=\"https:\/\/droitemoderniste.be\/index.php\/programme\/priorites\/defense\/alliances-alternatives\/\">Alliances alternatives<\/a><\/blockquote><iframe loading=\"lazy\" class=\"wp-embedded-content\" sandbox=\"allow-scripts\" security=\"restricted\" style=\"position: absolute; visibility: hidden;\" title=\"\u00ab\u00a0Alliances alternatives\u00a0\u00bb &#8212; Mouvement Droite Moderniste\" src=\"https:\/\/droitemoderniste.be\/index.php\/programme\/priorites\/defense\/alliances-alternatives\/embed\/#?secret=hXzv4SsgXW#?secret=f0a0p2ZjBG\" data-secret=\"f0a0p2ZjBG\" width=\"500\" height=\"282\" frameborder=\"0\" marginwidth=\"0\" marginheight=\"0\" scrolling=\"no\"><\/iframe>\n<\/div><\/figure>\n\n\n\n<figure class=\"wp-block-embed is-type-wp-embed is-provider-mouvement-droite-moderniste wp-block-embed-mouvement-droite-moderniste\"><div class=\"wp-block-embed__wrapper\">\n<blockquote class=\"wp-embedded-content\" data-secret=\"IWxunDvi8U\"><a href=\"https:\/\/droitemoderniste.be\/index.php\/programme\/priorites\/defense\/renforcer-lautonomie-strategique\/\">Autonomie strat\u00e9gique<\/a><\/blockquote><iframe loading=\"lazy\" class=\"wp-embedded-content\" sandbox=\"allow-scripts\" security=\"restricted\" style=\"position: absolute; visibility: hidden;\" title=\"\u00ab\u00a0Autonomie strat\u00e9gique\u00a0\u00bb &#8212; Mouvement Droite Moderniste\" src=\"https:\/\/droitemoderniste.be\/index.php\/programme\/priorites\/defense\/renforcer-lautonomie-strategique\/embed\/#?secret=DvAfyv0icg#?secret=IWxunDvi8U\" data-secret=\"IWxunDvi8U\" width=\"500\" height=\"282\" frameborder=\"0\" marginwidth=\"0\" marginheight=\"0\" scrolling=\"no\"><\/iframe>\n<\/div><\/figure>\n\n\n\n<figure class=\"wp-block-embed is-type-wp-embed is-provider-mouvement-droite-moderniste wp-block-embed-mouvement-droite-moderniste\"><div class=\"wp-block-embed__wrapper\">\n<blockquote class=\"wp-embedded-content\" data-secret=\"VmOKCVAKFT\"><a href=\"https:\/\/droitemoderniste.be\/index.php\/programme\/priorites\/defense\/capacite-daction-independante\/\">Capacit\u00e9 d&rsquo;action ind\u00e9pendante<\/a><\/blockquote><iframe loading=\"lazy\" class=\"wp-embedded-content\" sandbox=\"allow-scripts\" security=\"restricted\" style=\"position: absolute; visibility: hidden;\" title=\"\u00ab\u00a0Capacit\u00e9 d&rsquo;action ind\u00e9pendante\u00a0\u00bb &#8212; Mouvement Droite Moderniste\" src=\"https:\/\/droitemoderniste.be\/index.php\/programme\/priorites\/defense\/capacite-daction-independante\/embed\/#?secret=xMSII9Aw18#?secret=VmOKCVAKFT\" data-secret=\"VmOKCVAKFT\" width=\"500\" height=\"282\" frameborder=\"0\" marginwidth=\"0\" marginheight=\"0\" scrolling=\"no\"><\/iframe>\n<\/div><\/figure>\n\n\n\n<figure class=\"wp-block-embed is-type-wp-embed is-provider-mouvement-droite-moderniste wp-block-embed-mouvement-droite-moderniste\"><div class=\"wp-block-embed__wrapper\">\n<blockquote class=\"wp-embedded-content\" data-secret=\"5oq28BPsEg\"><a href=\"https:\/\/droitemoderniste.be\/index.php\/programme\/priorites\/defense\/defense-autonome\/\">D\u00e9fense autonome<\/a><\/blockquote><iframe loading=\"lazy\" class=\"wp-embedded-content\" sandbox=\"allow-scripts\" security=\"restricted\" style=\"position: absolute; visibility: hidden;\" title=\"\u00ab\u00a0D\u00e9fense autonome\u00a0\u00bb &#8212; Mouvement Droite Moderniste\" src=\"https:\/\/droitemoderniste.be\/index.php\/programme\/priorites\/defense\/defense-autonome\/embed\/#?secret=NvaDR65dEI#?secret=5oq28BPsEg\" data-secret=\"5oq28BPsEg\" width=\"500\" height=\"282\" frameborder=\"0\" marginwidth=\"0\" marginheight=\"0\" scrolling=\"no\"><\/iframe>\n<\/div><\/figure>\n\n\n\n<figure class=\"wp-block-embed is-type-wp-embed is-provider-mouvement-droite-moderniste wp-block-embed-mouvement-droite-moderniste\"><div class=\"wp-block-embed__wrapper\">\n<blockquote class=\"wp-embedded-content\" data-secret=\"i33NPnuGKt\"><a href=\"https:\/\/droitemoderniste.be\/index.php\/programme\/priorites\/defense\/renforcement-souverainete-nationale\/\">Souverainet\u00e9 nationale<\/a><\/blockquote><iframe loading=\"lazy\" class=\"wp-embedded-content\" sandbox=\"allow-scripts\" security=\"restricted\" style=\"position: absolute; visibility: hidden;\" title=\"\u00ab\u00a0Souverainet\u00e9 nationale\u00a0\u00bb &#8212; Mouvement Droite Moderniste\" src=\"https:\/\/droitemoderniste.be\/index.php\/programme\/priorites\/defense\/renforcement-souverainete-nationale\/embed\/#?secret=O8F2sWcFQW#?secret=i33NPnuGKt\" data-secret=\"i33NPnuGKt\" width=\"500\" height=\"282\" frameborder=\"0\" marginwidth=\"0\" marginheight=\"0\" scrolling=\"no\"><\/iframe>\n<\/div><\/figure>\n","protected":false},"excerpt":{"rendered":"<p>Voici les principales r\u00e9formes propos\u00e9es pour augmenter l\u2019efficacit\u00e9 de la D\u00e9fense belge\u202f: 1. Hausse cibl\u00e9e et durable du budget d\u00e9fense 2. Renforcement des capacit\u00e9s op\u00e9rationnelles 3. Ressources humaines et attractivit\u00e9 du m\u00e9tier militaire 4. Relance de l\u2019industrie de d\u00e9fense et innovation strat\u00e9gique 5. Gouvernance, coordination et pilotage strat\u00e9gique 6. Adaptation \u00e0 l\u2019environnement OTAN et UE [&hellip;]<\/p>\n","protected":false},"author":1,"featured_media":0,"comment_status":"open","ping_status":"open","sticky":false,"template":"","format":"standard","meta":{"_monsterinsights_skip_tracking":false,"_uf_show_specific_survey":0,"_uf_disable_surveys":false,"footnotes":""},"categories":[7],"tags":[],"class_list":["post-861","post","type-post","status-publish","format-standard","hentry","category-defense"],"_links":{"self":[{"href":"https:\/\/droitemoderniste.be\/index.php\/wp-json\/wp\/v2\/posts\/861","targetHints":{"allow":["GET"]}}],"collection":[{"href":"https:\/\/droitemoderniste.be\/index.php\/wp-json\/wp\/v2\/posts"}],"about":[{"href":"https:\/\/droitemoderniste.be\/index.php\/wp-json\/wp\/v2\/types\/post"}],"author":[{"embeddable":true,"href":"https:\/\/droitemoderniste.be\/index.php\/wp-json\/wp\/v2\/users\/1"}],"replies":[{"embeddable":true,"href":"https:\/\/droitemoderniste.be\/index.php\/wp-json\/wp\/v2\/comments?post=861"}],"version-history":[{"count":1,"href":"https:\/\/droitemoderniste.be\/index.php\/wp-json\/wp\/v2\/posts\/861\/revisions"}],"predecessor-version":[{"id":863,"href":"https:\/\/droitemoderniste.be\/index.php\/wp-json\/wp\/v2\/posts\/861\/revisions\/863"}],"wp:attachment":[{"href":"https:\/\/droitemoderniste.be\/index.php\/wp-json\/wp\/v2\/media?parent=861"}],"wp:term":[{"taxonomy":"category","embeddable":true,"href":"https:\/\/droitemoderniste.be\/index.php\/wp-json\/wp\/v2\/categories?post=861"},{"taxonomy":"post_tag","embeddable":true,"href":"https:\/\/droitemoderniste.be\/index.php\/wp-json\/wp\/v2\/tags?post=861"}],"curies":[{"name":"wp","href":"https:\/\/api.w.org\/{rel}","templated":true}]}}