{"id":858,"date":"2025-08-27T12:52:17","date_gmt":"2025-08-27T10:52:17","guid":{"rendered":"https:\/\/droitemoderniste.be\/?p=858"},"modified":"2025-08-27T12:52:17","modified_gmt":"2025-08-27T10:52:17","slug":"lemergence-dune-nouvelle-forme-de-federalisme-en-belgique-aurait-un-impact-majeur-sur-la-democratie-belge","status":"publish","type":"post","link":"https:\/\/droitemoderniste.be\/index.php\/2025\/08\/27\/lemergence-dune-nouvelle-forme-de-federalisme-en-belgique-aurait-un-impact-majeur-sur-la-democratie-belge\/","title":{"rendered":"L&rsquo;\u00e9mergence d&rsquo;une nouvelle forme de f\u00e9d\u00e9ralisme en Belgique aurait un impact majeur sur la d\u00e9mocratie belge"},"content":{"rendered":"\n<figure class=\"wp-block-image size-full\"><img loading=\"lazy\" decoding=\"async\" width=\"317\" height=\"159\" src=\"https:\/\/droitemoderniste.be\/wp-content\/uploads\/2025\/08\/peuple-b1-1.jpg\" alt=\"\" class=\"wp-image-859\" srcset=\"https:\/\/droitemoderniste.be\/wp-content\/uploads\/2025\/08\/peuple-b1-1.jpg 317w, https:\/\/droitemoderniste.be\/wp-content\/uploads\/2025\/08\/peuple-b1-1-300x150.jpg 300w\" sizes=\"auto, (max-width: 317px) 100vw, 317px\" \/><\/figure>\n\n\n\n<p class=\"wp-block-paragraph\">Avec plusieurs dimensions cl\u00e9s :<\/p>\n\n\n\n<p class=\"wp-block-paragraph\">\u2022 R\u00e9invention de la d\u00e9mocratie repr\u00e9sentative :<\/p>\n\n\n\n<p class=\"wp-block-paragraph\">Une nouvelle forme de f\u00e9d\u00e9ralisme pourrait n\u00e9cessiter une r\u00e9forme des modes de repr\u00e9sentation afin d\u2019int\u00e9grer mieux les diff\u00e9rentes identit\u00e9s r\u00e9gionales tout en garantissant une repr\u00e9sentation \u00e9quilibr\u00e9e au niveau f\u00e9d\u00e9ral.<br>Cela impliquerait un renforcement de la participation des citoyens et une r\u00e9forme des institutions pour plus de transparence et d\u2019efficacit\u00e9.<\/p>\n\n\n\n<p class=\"wp-block-paragraph\">\u2022 Clart\u00e9 et lisibilit\u00e9 institutionnelle :<\/p>\n\n\n\n<p class=\"wp-block-paragraph\">Actuellement, la complexit\u00e9 institutionnelle belge rend difficile la compr\u00e9hension des responsabilit\u00e9s.<br>Un nouveau f\u00e9d\u00e9ralisme pourrait simplifier cette \u00ab\u00a0lasagne institutionnelle\u00a0\u00bb, en clarifiant les comp\u00e9tences et en renfor\u00e7ant le r\u00f4le de coordination de l\u2019\u00c9tat f\u00e9d\u00e9ral pour mieux assurer la coh\u00e9rence des politiques publiques.<\/p>\n\n\n\n<p class=\"wp-block-paragraph\">\u2022 Protection des droits et libert\u00e9s :<\/p>\n\n\n\n<p class=\"wp-block-paragraph\">Ce f\u00e9d\u00e9ralisme r\u00e9nov\u00e9 serait aussi un garant renforc\u00e9 des droits fondamentaux, particuli\u00e8rement en prot\u00e9geant les minorit\u00e9s et en assurant le respect des libert\u00e9s publiques dans chaque r\u00e9gion, ce qui est crucial dans un pays marqu\u00e9 par des clivages linguistiques et culturels forts.<\/p>\n\n\n\n<p class=\"wp-block-paragraph\">\u2022 Meilleure gouvernance multi-niveaux :<\/p>\n\n\n\n<p class=\"wp-block-paragraph\">Une gouvernance plus coop\u00e9rative entre les niveaux f\u00e9d\u00e9ral et r\u00e9gional pourrait \u00e9viter certains blocages politiques actuels, am\u00e9liorer la gestion des crises et rendre la prise de d\u00e9cision plus efficace et harmonieuse.<\/p>\n\n\n\n<p class=\"wp-block-paragraph\">\u2022 Risques vs opportunit\u00e9s :<\/p>\n\n\n\n<p class=\"wp-block-paragraph\">Malgr\u00e9 tous ces aspects positifs, il existe aussi le risque d\u2019une instabilit\u00e9 politique accrue li\u00e9e \u00e0 la multiplication des niveaux de gouvernance et la complexification des proc\u00e9dures. Il est donc essentiel que le nouveau f\u00e9d\u00e9ralisme mise aussi sur des m\u00e9canismes clairs de r\u00e8glement des conflits et de coordination.<\/p>\n\n\n\n<p class=\"wp-block-paragraph\">En somme, une nouvelle forme de f\u00e9d\u00e9ralisme en Belgique aurait un impact profond sur la d\u00e9mocratie en la rendant potentiellement plus inclusive, coordonn\u00e9e et coh\u00e9rente, mais exigerait une r\u00e9forme institutionnelle ambitieuse pour garantir son efficacit\u00e9 et la stabilit\u00e9 politique du pays.<\/p>\n\n\n\n<p class=\"wp-block-paragraph\"><\/p>\n","protected":false},"excerpt":{"rendered":"<p>Avec plusieurs dimensions cl\u00e9s : \u2022 R\u00e9invention de la d\u00e9mocratie repr\u00e9sentative : Une nouvelle forme de f\u00e9d\u00e9ralisme pourrait n\u00e9cessiter une r\u00e9forme des modes de repr\u00e9sentation afin d\u2019int\u00e9grer mieux les diff\u00e9rentes identit\u00e9s r\u00e9gionales tout en garantissant une repr\u00e9sentation \u00e9quilibr\u00e9e au niveau f\u00e9d\u00e9ral.Cela impliquerait un renforcement de la participation des citoyens et une r\u00e9forme des institutions pour [&hellip;]<\/p>\n","protected":false},"author":1,"featured_media":0,"comment_status":"open","ping_status":"open","sticky":false,"template":"","format":"standard","meta":{"_monsterinsights_skip_tracking":false,"_uf_show_specific_survey":0,"_uf_disable_surveys":false,"footnotes":""},"categories":[26],"tags":[],"class_list":["post-858","post","type-post","status-publish","format-standard","hentry","category-federalisme"],"_links":{"self":[{"href":"https:\/\/droitemoderniste.be\/index.php\/wp-json\/wp\/v2\/posts\/858","targetHints":{"allow":["GET"]}}],"collection":[{"href":"https:\/\/droitemoderniste.be\/index.php\/wp-json\/wp\/v2\/posts"}],"about":[{"href":"https:\/\/droitemoderniste.be\/index.php\/wp-json\/wp\/v2\/types\/post"}],"author":[{"embeddable":true,"href":"https:\/\/droitemoderniste.be\/index.php\/wp-json\/wp\/v2\/users\/1"}],"replies":[{"embeddable":true,"href":"https:\/\/droitemoderniste.be\/index.php\/wp-json\/wp\/v2\/comments?post=858"}],"version-history":[{"count":1,"href":"https:\/\/droitemoderniste.be\/index.php\/wp-json\/wp\/v2\/posts\/858\/revisions"}],"predecessor-version":[{"id":860,"href":"https:\/\/droitemoderniste.be\/index.php\/wp-json\/wp\/v2\/posts\/858\/revisions\/860"}],"wp:attachment":[{"href":"https:\/\/droitemoderniste.be\/index.php\/wp-json\/wp\/v2\/media?parent=858"}],"wp:term":[{"taxonomy":"category","embeddable":true,"href":"https:\/\/droitemoderniste.be\/index.php\/wp-json\/wp\/v2\/categories?post=858"},{"taxonomy":"post_tag","embeddable":true,"href":"https:\/\/droitemoderniste.be\/index.php\/wp-json\/wp\/v2\/tags?post=858"}],"curies":[{"name":"wp","href":"https:\/\/api.w.org\/{rel}","templated":true}]}}