{"id":854,"date":"2025-08-26T14:47:48","date_gmt":"2025-08-26T12:47:48","guid":{"rendered":"https:\/\/droitemoderniste.be\/?p=854"},"modified":"2025-08-26T14:47:48","modified_gmt":"2025-08-26T12:47:48","slug":"le-systeme-capitaliste-est-une-aubaine-pour-la-transition-energetique-nen-deplaise-aux-ecologistes","status":"publish","type":"post","link":"https:\/\/droitemoderniste.be\/index.php\/2025\/08\/26\/le-systeme-capitaliste-est-une-aubaine-pour-la-transition-energetique-nen-deplaise-aux-ecologistes\/","title":{"rendered":"Le syst\u00e8me capitaliste est une aubaine pour la transition \u00e9nerg\u00e9tique, n\u2019en d\u00e9plaise aux \u00e9cologistes\u00a0!"},"content":{"rendered":"\n<figure class=\"wp-block-image size-full\"><img loading=\"lazy\" decoding=\"async\" width=\"1024\" height=\"768\" src=\"https:\/\/droitemoderniste.be\/wp-content\/uploads\/2025\/08\/startup-financing.jpg\" alt=\"\" class=\"wp-image-856\" srcset=\"https:\/\/droitemoderniste.be\/wp-content\/uploads\/2025\/08\/startup-financing.jpg 1024w, https:\/\/droitemoderniste.be\/wp-content\/uploads\/2025\/08\/startup-financing-300x225.jpg 300w, https:\/\/droitemoderniste.be\/wp-content\/uploads\/2025\/08\/startup-financing-768x576.jpg 768w\" sizes=\"auto, (max-width: 1024px) 100vw, 1024px\" \/><\/figure>\n\n\n\n<p class=\"wp-block-paragraph\">Alors que le thermom\u00e8tre affiche des records inqui\u00e9tants et r\u00e9veille des sc\u00e9narios d\u2019apocalypse, c\u2019est \u00e0 la finance que les \u00c9tats (pouss\u00e9s par les \u00e9cologistes), profond\u00e9ment d\u00e9munis et d\u00e9sunis face \u00e0 la question climatique s\u2019adressent pour tenter de sauver le monde.<\/p>\n\n\n\n<p class=\"wp-block-paragraph\">Fin 2018, \u00e0 l\u2019occasion du second <em>One Planet Summit<\/em>, \u00e0 New York, <em>Emmanuel Macron<\/em> en appelait alors \u00e0 l\u2019\u00e9mergence d\u2019une finance durable et respectueuse de l\u2019environnement. Un peu plus tard, c\u2019est encore aux banquiers (les parangons du syst\u00e8me capitaliste) qu\u2019il s\u2019adressait pour sortir l\u2019Amazonie des flammes. Comme si, avec leurs milliers de milliards, les anciens d\u00e9linquants (1) \u00e9taient les seuls capables de r\u00e9pondre \u00e0 l\u2019impasse sociale et \u00e9cologique.<\/p>\n\n\n\n<p class=\"wp-block-paragraph\">On ne peut pas compl\u00e8tement le nier&nbsp;: d\u2019apr\u00e8s le GIEC (Groupe d\u2019experts intergouvernemental sur l\u2019\u00e9volution du climat), il faudrait 6 trillions de dollars (6 000 milliards $) d\u2019investissement chaque ann\u00e9e pour suivre une trajectoire 2\u00b0C. En ce sens la finance repr\u00e9sente autant un danger qu\u2019une chance pour la plan\u00e8te. Sur fond de remise en cause du capitalisme, le monde financier lui-m\u00eame tente de transformer un oxymore en pl\u00e9onasme.<\/p>\n\n\n\n<p class=\"wp-block-paragraph\">Depuis quelques ann\u00e9es, sous la pression des scandales, des catastrophes climatiques et de la soci\u00e9t\u00e9 civile, une nouvelle branche d\u2019activit\u00e9 s\u2019est fortement d\u00e9velopp\u00e9e\u00a0: la finance dite \u00ab\u00a0durable\u00a0\u00bb, regroupant, outre les fameux <em>green bonds<\/em> (obligations vertes), l\u2019ensemble des pratiques d\u2019investissement prenant en compte des crit\u00e8res extra-financiers comme l\u2019environnement ou le social. Aujourd\u2019hui, tous les gestionnaires d\u2019actifs ou presque s\u2019en revendiquent, affichant soit de glorieux bilans, soit des ambitions d\u00e9mesur\u00e9es.<\/p>\n\n\n\n<p class=\"wp-block-paragraph\">Selon les chiffres des acteurs du secteur, l\u2019investissement socialement responsable (ISR) repr\u00e9senterait quelque 10,2 trillions de dollars en 2024, soit le quart de la gestion d\u2019actifs aux Etats-Unis, et la moiti\u00e9 en Europe (2)<\/p>\n\n\n\n<p class=\"wp-block-paragraph\">Alors, avant de se demander si la finance peut sauver le monde, comment expliquer qu\u2019avec de tels encours il ne se porte pas d\u00e9j\u00e0 un peu mieux&nbsp;?<\/p>\n\n\n\n<p class=\"wp-block-paragraph\">Depuis le discours du gouverneur de la banque d\u2019Angleterre, Mark Carney, en septembre 2015, sur la \u00ab&nbsp;trag\u00e9die des horizons&nbsp;\u00bb, \u00e9rigeant le risque climatique en danger syst\u00e9mique, la bascule incitant les investisseurs \u00e0 int\u00e9grer les crit\u00e8res ESG (pour environnement-social-gouvernance) a vraiment lieu.<\/p>\n\n\n\n<p class=\"wp-block-paragraph\">Selon cet ancien banquier de Goldman Sachs, 20 000 milliards de dollars (un chiffre r\u00e9cemment r\u00e9\u00e9valu\u00e9) de valeur boursi\u00e8re pourraient partir en fum\u00e9e sous l\u2019effet du r\u00e9chauffement climatique. Cette allocution qui sera suivie de mises en garde r\u00e9p\u00e9t\u00e9es du FMI et des banques centrales, a fait l\u2019effet d\u2019un tsunami. \u00c0 partir de l\u00e0, la plupart des grands de la g\u00e9rance d\u2019actifs se sont mis \u00e0 faire de l\u2019int\u00e9gration ESG.<\/p>\n\n\n\n<figure class=\"wp-block-image size-full\"><img loading=\"lazy\" decoding=\"async\" width=\"1024\" height=\"768\" src=\"https:\/\/droitemoderniste.be\/wp-content\/uploads\/2025\/08\/startups-finance.jpg\" alt=\"\" class=\"wp-image-855\" srcset=\"https:\/\/droitemoderniste.be\/wp-content\/uploads\/2025\/08\/startups-finance.jpg 1024w, https:\/\/droitemoderniste.be\/wp-content\/uploads\/2025\/08\/startups-finance-300x225.jpg 300w, https:\/\/droitemoderniste.be\/wp-content\/uploads\/2025\/08\/startups-finance-768x576.jpg 768w\" sizes=\"auto, (max-width: 1024px) 100vw, 1024px\" \/><\/figure>\n\n\n\n<p class=\"wp-block-paragraph\">(1) En 2008, l\u2019inventivit\u00e9 coupable des banquiers de Wall Street a conduit \u00e0 l\u2019une des plus graves crises \u00e9conomiques de l\u2019histoire. D\u00e9shonor\u00e9s, conspu\u00e9s pour leur amoralit\u00e9 et leur cupidit\u00e9, les financiers repr\u00e9sentaient, aux yeux de tous, l\u2019ennemi \u00e0 abattre.<\/p>\n\n\n\n<p class=\"wp-block-paragraph\">(2) En 2024, l\u2019investissement socialement responsable (ISR) en Europe repr\u00e9sentait environ <strong>5 194 milliards d\u2019euros<\/strong>. Cela \u00e9quivaut \u00e0 un peu plus de la moiti\u00e9 de l\u2019ensemble de la gestion d\u2019actifs sur le continent.<\/p>\n\n\n\n<p class=\"wp-block-paragraph\">En 2024, l\u2019investissement socialement responsable (ISR) aux \u00c9tats-Unis repr\u00e9sentait environ <strong>5,5 trillions de dollars<\/strong>, soit 5,500 milliards de dollars. Ce montant place la part du march\u00e9 ISR am\u00e9ricain autour de 25% du total de la gestion d\u2019actifs aux \u00c9tats-Unis, une proportion nettement inf\u00e9rieure \u00e0 celle constat\u00e9e en Europe, o\u00f9 l\u2019ISR p\u00e8se environ la moiti\u00e9 des encours.<\/p>\n\n\n\n<p class=\"wp-block-paragraph\">Si vous souhaitez conna\u00eetre la position des \u00e9cosophistes (environnementalistes optimistes) du <mark style=\"background-color:rgba(0, 0, 0, 0);color:#ff6900\" class=\"has-inline-color\">MDM<\/mark>\u00a0:<\/p>\n\n\n\n<figure class=\"wp-block-embed is-type-wp-embed is-provider-mouvement-droite-moderniste wp-block-embed-mouvement-droite-moderniste\"><div class=\"wp-block-embed__wrapper\">\n<blockquote class=\"wp-embedded-content\" data-secret=\"IEPZpqaZ6W\"><a href=\"https:\/\/droitemoderniste.be\/index.php\/modernisme\/environnementalisme\/\">Environnementalisme<\/a><\/blockquote><iframe loading=\"lazy\" class=\"wp-embedded-content\" sandbox=\"allow-scripts\" security=\"restricted\" style=\"position: absolute; visibility: hidden;\" title=\"\u00ab\u00a0Environnementalisme\u00a0\u00bb &#8212; Mouvement Droite Moderniste\" src=\"https:\/\/droitemoderniste.be\/index.php\/modernisme\/environnementalisme\/embed\/#?secret=hcZP1vrId4#?secret=IEPZpqaZ6W\" data-secret=\"IEPZpqaZ6W\" width=\"500\" height=\"282\" frameborder=\"0\" marginwidth=\"0\" marginheight=\"0\" scrolling=\"no\"><\/iframe>\n<\/div><\/figure>\n\n\n\n<figure class=\"wp-block-embed is-type-wp-embed is-provider-mouvement-droite-moderniste wp-block-embed-mouvement-droite-moderniste\"><div class=\"wp-block-embed__wrapper\">\n<blockquote class=\"wp-embedded-content\" data-secret=\"o4tg6y749H\"><a href=\"https:\/\/droitemoderniste.be\/index.php\/modernisme\/environnementalisme\/strategies\/\">Strat\u00e9gies<\/a><\/blockquote><iframe loading=\"lazy\" class=\"wp-embedded-content\" sandbox=\"allow-scripts\" security=\"restricted\" style=\"position: absolute; visibility: hidden;\" title=\"\u00ab\u00a0Strat\u00e9gies\u00a0\u00bb &#8212; Mouvement Droite Moderniste\" src=\"https:\/\/droitemoderniste.be\/index.php\/modernisme\/environnementalisme\/strategies\/embed\/#?secret=dcbSt6P5Cx#?secret=o4tg6y749H\" data-secret=\"o4tg6y749H\" width=\"500\" height=\"282\" frameborder=\"0\" marginwidth=\"0\" marginheight=\"0\" scrolling=\"no\"><\/iframe>\n<\/div><\/figure>\n\n\n\n<figure class=\"wp-block-embed is-type-wp-embed is-provider-mouvement-droite-moderniste wp-block-embed-mouvement-droite-moderniste\"><div class=\"wp-block-embed__wrapper\">\n<blockquote class=\"wp-embedded-content\" data-secret=\"ntWM2mkZ15\"><a href=\"https:\/\/droitemoderniste.be\/index.php\/originalite\/caracteristiques\/environnementalisme\/\">Environnementalisme<\/a><\/blockquote><iframe loading=\"lazy\" class=\"wp-embedded-content\" sandbox=\"allow-scripts\" security=\"restricted\" style=\"position: absolute; visibility: hidden;\" title=\"\u00ab\u00a0Environnementalisme\u00a0\u00bb &#8212; Mouvement Droite Moderniste\" src=\"https:\/\/droitemoderniste.be\/index.php\/originalite\/caracteristiques\/environnementalisme\/embed\/#?secret=GGBvhq3Jjj#?secret=ntWM2mkZ15\" data-secret=\"ntWM2mkZ15\" width=\"500\" height=\"282\" frameborder=\"0\" marginwidth=\"0\" marginheight=\"0\" scrolling=\"no\"><\/iframe>\n<\/div><\/figure>\n\n\n\n<figure class=\"wp-block-embed is-type-wp-embed is-provider-mouvement-droite-moderniste wp-block-embed-mouvement-droite-moderniste\"><div class=\"wp-block-embed__wrapper\">\n<blockquote class=\"wp-embedded-content\" data-secret=\"Gssmmqroed\"><a href=\"https:\/\/droitemoderniste.be\/index.php\/originalite\/caracteristiques\/environnementalisme\/capital-naturel\/\">Capital naturel<\/a><\/blockquote><iframe loading=\"lazy\" class=\"wp-embedded-content\" sandbox=\"allow-scripts\" security=\"restricted\" style=\"position: absolute; visibility: hidden;\" title=\"\u00ab\u00a0Capital naturel\u00a0\u00bb &#8212; Mouvement Droite Moderniste\" src=\"https:\/\/droitemoderniste.be\/index.php\/originalite\/caracteristiques\/environnementalisme\/capital-naturel\/embed\/#?secret=LODY70QWUE#?secret=Gssmmqroed\" data-secret=\"Gssmmqroed\" width=\"500\" height=\"282\" frameborder=\"0\" marginwidth=\"0\" marginheight=\"0\" scrolling=\"no\"><\/iframe>\n<\/div><\/figure>\n\n\n\n<figure class=\"wp-block-embed is-type-wp-embed is-provider-mouvement-droite-moderniste wp-block-embed-mouvement-droite-moderniste\"><div class=\"wp-block-embed__wrapper\">\n<blockquote class=\"wp-embedded-content\" data-secret=\"9zGB79SIIR\"><a href=\"https:\/\/droitemoderniste.be\/index.php\/programme\/priorites\/environnement\/\">Environnement<\/a><\/blockquote><iframe loading=\"lazy\" class=\"wp-embedded-content\" sandbox=\"allow-scripts\" security=\"restricted\" style=\"position: absolute; visibility: hidden;\" title=\"\u00ab\u00a0Environnement\u00a0\u00bb &#8212; Mouvement Droite Moderniste\" src=\"https:\/\/droitemoderniste.be\/index.php\/programme\/priorites\/environnement\/embed\/#?secret=SHpTBh60F0#?secret=9zGB79SIIR\" data-secret=\"9zGB79SIIR\" width=\"500\" height=\"282\" frameborder=\"0\" marginwidth=\"0\" marginheight=\"0\" scrolling=\"no\"><\/iframe>\n<\/div><\/figure>\n\n\n\n<figure class=\"wp-block-embed is-type-wp-embed is-provider-mouvement-droite-moderniste wp-block-embed-mouvement-droite-moderniste\"><div class=\"wp-block-embed__wrapper\">\n<blockquote class=\"wp-embedded-content\" data-secret=\"O8fi5Trw9r\"><a href=\"https:\/\/droitemoderniste.be\/index.php\/programme\/priorites\/environnement\/respect-environnemental\/\">Respect environnemental<\/a><\/blockquote><iframe loading=\"lazy\" class=\"wp-embedded-content\" sandbox=\"allow-scripts\" security=\"restricted\" style=\"position: absolute; visibility: hidden;\" title=\"\u00ab\u00a0Respect environnemental\u00a0\u00bb &#8212; Mouvement Droite Moderniste\" src=\"https:\/\/droitemoderniste.be\/index.php\/programme\/priorites\/environnement\/respect-environnemental\/embed\/#?secret=Tuu0k4PJ3n#?secret=O8fi5Trw9r\" data-secret=\"O8fi5Trw9r\" width=\"500\" height=\"282\" frameborder=\"0\" marginwidth=\"0\" marginheight=\"0\" scrolling=\"no\"><\/iframe>\n<\/div><\/figure>\n","protected":false},"excerpt":{"rendered":"<p>Alors que le thermom\u00e8tre affiche des records inqui\u00e9tants et r\u00e9veille des sc\u00e9narios d\u2019apocalypse, c\u2019est \u00e0 la finance que les \u00c9tats (pouss\u00e9s par les \u00e9cologistes), profond\u00e9ment d\u00e9munis et d\u00e9sunis face \u00e0 la question climatique s\u2019adressent pour tenter de sauver le monde. Fin 2018, \u00e0 l\u2019occasion du second One Planet Summit, \u00e0 New York, Emmanuel Macron en [&hellip;]<\/p>\n","protected":false},"author":1,"featured_media":0,"comment_status":"open","ping_status":"open","sticky":false,"template":"","format":"standard","meta":{"_monsterinsights_skip_tracking":false,"_uf_show_specific_survey":0,"_uf_disable_surveys":false,"footnotes":""},"categories":[25],"tags":[],"class_list":["post-854","post","type-post","status-publish","format-standard","hentry","category-environnementalisme"],"_links":{"self":[{"href":"https:\/\/droitemoderniste.be\/index.php\/wp-json\/wp\/v2\/posts\/854","targetHints":{"allow":["GET"]}}],"collection":[{"href":"https:\/\/droitemoderniste.be\/index.php\/wp-json\/wp\/v2\/posts"}],"about":[{"href":"https:\/\/droitemoderniste.be\/index.php\/wp-json\/wp\/v2\/types\/post"}],"author":[{"embeddable":true,"href":"https:\/\/droitemoderniste.be\/index.php\/wp-json\/wp\/v2\/users\/1"}],"replies":[{"embeddable":true,"href":"https:\/\/droitemoderniste.be\/index.php\/wp-json\/wp\/v2\/comments?post=854"}],"version-history":[{"count":1,"href":"https:\/\/droitemoderniste.be\/index.php\/wp-json\/wp\/v2\/posts\/854\/revisions"}],"predecessor-version":[{"id":857,"href":"https:\/\/droitemoderniste.be\/index.php\/wp-json\/wp\/v2\/posts\/854\/revisions\/857"}],"wp:attachment":[{"href":"https:\/\/droitemoderniste.be\/index.php\/wp-json\/wp\/v2\/media?parent=854"}],"wp:term":[{"taxonomy":"category","embeddable":true,"href":"https:\/\/droitemoderniste.be\/index.php\/wp-json\/wp\/v2\/categories?post=854"},{"taxonomy":"post_tag","embeddable":true,"href":"https:\/\/droitemoderniste.be\/index.php\/wp-json\/wp\/v2\/tags?post=854"}],"curies":[{"name":"wp","href":"https:\/\/api.w.org\/{rel}","templated":true}]}}