{"id":851,"date":"2025-08-26T13:54:24","date_gmt":"2025-08-26T11:54:24","guid":{"rendered":"https:\/\/droitemoderniste.be\/?p=851"},"modified":"2025-08-26T13:54:24","modified_gmt":"2025-08-26T11:54:24","slug":"inspirer-un-federalisme-innovant-en-belgique","status":"publish","type":"post","link":"https:\/\/droitemoderniste.be\/index.php\/2025\/08\/26\/inspirer-un-federalisme-innovant-en-belgique\/","title":{"rendered":"Inspirer un f\u00e9d\u00e9ralisme innovant en Belgique"},"content":{"rendered":"\n<figure class=\"wp-block-image size-full\"><img loading=\"lazy\" decoding=\"async\" width=\"267\" height=\"189\" src=\"https:\/\/droitemoderniste.be\/wp-content\/uploads\/2025\/08\/guerre-culturelle.jpg\" alt=\"\" class=\"wp-image-852\"\/><\/figure>\n\n\n\n<p class=\"wp-block-paragraph\">Plusieurs exp\u00e9riences internationales pourraient inspirer un f\u00e9d\u00e9ralisme innovant en Belgique, notamment avec des mod\u00e8les hybrides ou coop\u00e9ratifs adapt\u00e9s aux contextes pluriculturels et multilingues :<\/p>\n\n\n\n<ul class=\"wp-block-list\">\n<li><strong>Suisse :<\/strong> Le f\u00e9d\u00e9ralisme suisse est un exemple souvent cit\u00e9 pour sa forte d\u00e9centralisation avec une grande autonomie cantonale, tout en maintenant une coop\u00e9ration solide entre les cantons et avec la Conf\u00e9d\u00e9ration. Le syst\u00e8me suisse combine f\u00e9d\u00e9ralisme territorial et d\u00e9mocratie directe, avec une forte subsidiarit\u00e9 dans la gestion des comp\u00e9tences. Cette flexibilit\u00e9 et cette coop\u00e9ration pourraient inspirer un mod\u00e8le belge plus \u00e9quilibr\u00e9 et adapt\u00e9 \u00e0 la diversit\u00e9 r\u00e9gionale.<\/li>\n\n\n\n<li><strong>Allemagne :<\/strong> L\u2019Allemagne fonctionne sur un f\u00e9d\u00e9ralisme o\u00f9 les L\u00e4nder ont des comp\u00e9tences propres, mais o\u00f9 la coordination et la solidarit\u00e9 entre les L\u00e4nder et avec le gouvernement f\u00e9d\u00e9ral sont assur\u00e9es par des m\u00e9canismes institutionnels puissants (Bundesrat, r\u00e8gles budg\u00e9taires communes). Cela montre l\u2019int\u00e9r\u00eat d\u2019un f\u00e9d\u00e9ralisme asym\u00e9trique, combin\u00e9 \u00e0 des outils de coop\u00e9ration et d\u2019arbitrage.<\/li>\n\n\n\n<li><strong>Canada (Qu\u00e9bec) :<\/strong> Le f\u00e9d\u00e9ralisme canadien, et plus particuli\u00e8rement le cas du Qu\u00e9bec, illustre un \u00e9tat f\u00e9d\u00e9ral qui conc\u00e8de une large autonomie culturelle et linguistique \u00e0 une entit\u00e9 f\u00e9d\u00e9r\u00e9e. Le dialogue constant entre le f\u00e9d\u00e9ral et les provinces favorise une gestion coop\u00e9rative des comp\u00e9tences sensibles. Cela peut inspirer une Belgique avec ses r\u00e9alit\u00e9s linguistiques contrast\u00e9es.<\/li>\n\n\n\n<li><strong>Espagne (Communaut\u00e9s autonomes) :<\/strong> Le mod\u00e8le espagnol d\u2019autonomies r\u00e9gionales offre un f\u00e9d\u00e9ralisme asym\u00e9trique o\u00f9 des r\u00e9gions comme la Catalogne b\u00e9n\u00e9ficient de comp\u00e9tences renforc\u00e9es adaptables \u00e0 leurs sp\u00e9cificit\u00e9s culturelles et politiques, tout en restant dans un cadre \u00e9tatique commun. Ce syst\u00e8me suscite d\u00e9bats mais illustre une possibilit\u00e9 d\u2019\u00e9quilibre entre autonomie et unit\u00e9.<\/li>\n\n\n\n<li><strong>\u00c9tats-Unis :<\/strong> Malgr\u00e9 un f\u00e9d\u00e9ralisme moins ax\u00e9 sur la diversit\u00e9 culturelle, les \u00c9tats am\u00e9ricains disposent d\u2019une autonomie notable avec un \u00e9quilibre entre souverainet\u00e9 \u00e9tatique et pouvoir f\u00e9d\u00e9ral, ce qui garantit aussi une certaine flexibilit\u00e9 institutionnelle.<\/li>\n<\/ul>\n\n\n\n<p class=\"wp-block-paragraph\">Ces exp\u00e9riences montrent que des syst\u00e8mes f\u00e9d\u00e9raux hybrides, combinant autonomie accrue, coop\u00e9ration renforc\u00e9e et m\u00e9canismes d\u2019\u00e9quilibre, sont possibles et peuvent \u00eatre adapt\u00e9s aux particularit\u00e9s belges. La Belgique pourrait s\u2019inspirer de ces mod\u00e8les pour construire un f\u00e9d\u00e9ralisme plus fonctionnel, d\u00e9mocratique, inclusif et capable de g\u00e9rer ses divergences r\u00e9gionales et linguistiques.<\/p>\n\n\n\n<p class=\"wp-block-paragraph\">D\u00e9couvrez la position du <mark style=\"background-color:rgba(0, 0, 0, 0);color:#ff6900\" class=\"has-inline-color\">MDM<\/mark> sur le F\u00e9d\u00e9ralisme belge\u00a0:<\/p>\n\n\n\n<figure class=\"wp-block-embed is-type-wp-embed is-provider-mouvement-droite-moderniste wp-block-embed-mouvement-droite-moderniste\"><div class=\"wp-block-embed__wrapper\">\n<blockquote class=\"wp-embedded-content\" data-secret=\"yUg6MkLMXS\"><a href=\"https:\/\/droitemoderniste.be\/index.php\/modernisme\/federalisme\/\">F\u00e9d\u00e9ralisme<\/a><\/blockquote><iframe loading=\"lazy\" class=\"wp-embedded-content\" sandbox=\"allow-scripts\" security=\"restricted\" style=\"position: absolute; visibility: hidden;\" title=\"\u00ab\u00a0F\u00e9d\u00e9ralisme\u00a0\u00bb &#8212; Mouvement Droite Moderniste\" src=\"https:\/\/droitemoderniste.be\/index.php\/modernisme\/federalisme\/embed\/#?secret=oRnr2WNKN4#?secret=yUg6MkLMXS\" data-secret=\"yUg6MkLMXS\" width=\"500\" height=\"282\" frameborder=\"0\" marginwidth=\"0\" marginheight=\"0\" scrolling=\"no\"><\/iframe>\n<\/div><\/figure>\n\n\n\n<figure class=\"wp-block-embed is-type-wp-embed is-provider-mouvement-droite-moderniste wp-block-embed-mouvement-droite-moderniste\"><div class=\"wp-block-embed__wrapper\">\n<blockquote class=\"wp-embedded-content\" data-secret=\"4Rk0ASDnoq\"><a href=\"https:\/\/droitemoderniste.be\/index.php\/programme\/priorites\/federalisme\/\">F\u00e9d\u00e9ralisme<\/a><\/blockquote><iframe loading=\"lazy\" class=\"wp-embedded-content\" sandbox=\"allow-scripts\" security=\"restricted\" style=\"position: absolute; visibility: hidden;\" title=\"\u00ab\u00a0F\u00e9d\u00e9ralisme\u00a0\u00bb &#8212; Mouvement Droite Moderniste\" src=\"https:\/\/droitemoderniste.be\/index.php\/programme\/priorites\/federalisme\/embed\/#?secret=s0F2zbvjiM#?secret=4Rk0ASDnoq\" data-secret=\"4Rk0ASDnoq\" width=\"500\" height=\"282\" frameborder=\"0\" marginwidth=\"0\" marginheight=\"0\" scrolling=\"no\"><\/iframe>\n<\/div><\/figure>\n\n\n\n<figure class=\"wp-block-embed is-type-wp-embed is-provider-mouvement-droite-moderniste wp-block-embed-mouvement-droite-moderniste\"><div class=\"wp-block-embed__wrapper\">\n<blockquote class=\"wp-embedded-content\" data-secret=\"7GwKJyDeC7\"><a href=\"https:\/\/droitemoderniste.be\/index.php\/programme\/priorites\/federalisme\/conception-intermediaire\/\">Conception interm\u00e9diaire<\/a><\/blockquote><iframe loading=\"lazy\" class=\"wp-embedded-content\" sandbox=\"allow-scripts\" security=\"restricted\" style=\"position: absolute; visibility: hidden;\" title=\"\u00ab\u00a0Conception interm\u00e9diaire\u00a0\u00bb &#8212; Mouvement Droite Moderniste\" src=\"https:\/\/droitemoderniste.be\/index.php\/programme\/priorites\/federalisme\/conception-intermediaire\/embed\/#?secret=HcB6yFdQKF#?secret=7GwKJyDeC7\" data-secret=\"7GwKJyDeC7\" width=\"500\" height=\"282\" frameborder=\"0\" marginwidth=\"0\" marginheight=\"0\" scrolling=\"no\"><\/iframe>\n<\/div><\/figure>\n\n\n\n<figure class=\"wp-block-embed is-type-wp-embed is-provider-mouvement-droite-moderniste wp-block-embed-mouvement-droite-moderniste\"><div class=\"wp-block-embed__wrapper\">\n<blockquote class=\"wp-embedded-content\" data-secret=\"onUsIzuTvB\"><a href=\"https:\/\/droitemoderniste.be\/index.php\/programme\/priorites\/federalisme\/consequences-de-la-3e-voie\/\">Cons\u00e9quences de la 3e voie<\/a><\/blockquote><iframe loading=\"lazy\" class=\"wp-embedded-content\" sandbox=\"allow-scripts\" security=\"restricted\" style=\"position: absolute; visibility: hidden;\" title=\"\u00ab\u00a0Cons\u00e9quences de la 3e voie\u00a0\u00bb &#8212; Mouvement Droite Moderniste\" src=\"https:\/\/droitemoderniste.be\/index.php\/programme\/priorites\/federalisme\/consequences-de-la-3e-voie\/embed\/#?secret=GQL3iuiL8k#?secret=onUsIzuTvB\" data-secret=\"onUsIzuTvB\" width=\"500\" height=\"282\" frameborder=\"0\" marginwidth=\"0\" marginheight=\"0\" scrolling=\"no\"><\/iframe>\n<\/div><\/figure>\n","protected":false},"excerpt":{"rendered":"<p>Plusieurs exp\u00e9riences internationales pourraient inspirer un f\u00e9d\u00e9ralisme innovant en Belgique, notamment avec des mod\u00e8les hybrides ou coop\u00e9ratifs adapt\u00e9s aux contextes pluriculturels et multilingues : Ces exp\u00e9riences montrent que des syst\u00e8mes f\u00e9d\u00e9raux hybrides, combinant autonomie accrue, coop\u00e9ration renforc\u00e9e et m\u00e9canismes d\u2019\u00e9quilibre, sont possibles et peuvent \u00eatre adapt\u00e9s aux particularit\u00e9s belges. La Belgique pourrait s\u2019inspirer de ces [&hellip;]<\/p>\n","protected":false},"author":1,"featured_media":0,"comment_status":"open","ping_status":"open","sticky":false,"template":"","format":"standard","meta":{"_monsterinsights_skip_tracking":false,"_uf_show_specific_survey":0,"_uf_disable_surveys":false,"footnotes":""},"categories":[26],"tags":[],"class_list":["post-851","post","type-post","status-publish","format-standard","hentry","category-federalisme"],"_links":{"self":[{"href":"https:\/\/droitemoderniste.be\/index.php\/wp-json\/wp\/v2\/posts\/851","targetHints":{"allow":["GET"]}}],"collection":[{"href":"https:\/\/droitemoderniste.be\/index.php\/wp-json\/wp\/v2\/posts"}],"about":[{"href":"https:\/\/droitemoderniste.be\/index.php\/wp-json\/wp\/v2\/types\/post"}],"author":[{"embeddable":true,"href":"https:\/\/droitemoderniste.be\/index.php\/wp-json\/wp\/v2\/users\/1"}],"replies":[{"embeddable":true,"href":"https:\/\/droitemoderniste.be\/index.php\/wp-json\/wp\/v2\/comments?post=851"}],"version-history":[{"count":1,"href":"https:\/\/droitemoderniste.be\/index.php\/wp-json\/wp\/v2\/posts\/851\/revisions"}],"predecessor-version":[{"id":853,"href":"https:\/\/droitemoderniste.be\/index.php\/wp-json\/wp\/v2\/posts\/851\/revisions\/853"}],"wp:attachment":[{"href":"https:\/\/droitemoderniste.be\/index.php\/wp-json\/wp\/v2\/media?parent=851"}],"wp:term":[{"taxonomy":"category","embeddable":true,"href":"https:\/\/droitemoderniste.be\/index.php\/wp-json\/wp\/v2\/categories?post=851"},{"taxonomy":"post_tag","embeddable":true,"href":"https:\/\/droitemoderniste.be\/index.php\/wp-json\/wp\/v2\/tags?post=851"}],"curies":[{"name":"wp","href":"https:\/\/api.w.org\/{rel}","templated":true}]}}