{"id":848,"date":"2025-08-25T15:43:21","date_gmt":"2025-08-25T13:43:21","guid":{"rendered":"https:\/\/droitemoderniste.be\/?p=848"},"modified":"2025-08-25T15:43:21","modified_gmt":"2025-08-25T13:43:21","slug":"le-systeme-capitaliste-peut-il-sauver-le-monde","status":"publish","type":"post","link":"https:\/\/droitemoderniste.be\/index.php\/2025\/08\/25\/le-systeme-capitaliste-peut-il-sauver-le-monde\/","title":{"rendered":"Le syst\u00e8me capitaliste peut-il sauver le monde\u00a0?"},"content":{"rendered":"\n<figure class=\"wp-block-image size-full\"><img loading=\"lazy\" decoding=\"async\" width=\"633\" height=\"306\" src=\"https:\/\/droitemoderniste.be\/wp-content\/uploads\/2025\/08\/capitalisme.webp\" alt=\"\" class=\"wp-image-849\" srcset=\"https:\/\/droitemoderniste.be\/wp-content\/uploads\/2025\/08\/capitalisme.webp 633w, https:\/\/droitemoderniste.be\/wp-content\/uploads\/2025\/08\/capitalisme-300x145.webp 300w\" sizes=\"auto, (max-width: 633px) 100vw, 633px\" \/><\/figure>\n\n\n\n<p class=\"wp-block-paragraph\">Alors que la mobilisation contre le r\u00e9chauffement climatique prend de l\u2019ampleur, les \u00c9tats se tournent vers les financiers, qui multiplient les obligations et autres fonds \u00ab\u00a0durables\u00a0\u00bb. Bien s\u00fbr, l\u2019impact des portefeuilles verts sur les \u00e9missions de CO2 reste difficile \u00e0 mesurer.<\/p>\n\n\n\n<p class=\"wp-block-paragraph\">N\u2019est-il pas anachronique et d\u00e9licieusement paradoxal de la part des \u00e9cologistes de pousser les \u00c9tats \u00e0 appeler \u00ab\u00a0la finance\u00a0\u00bb (habillage s\u00e9mantique pour ne pas citer l\u2019affreux syst\u00e8me capitaliste) \u00e0 sauver le monde\u00a0?<\/p>\n\n\n\n<p class=\"wp-block-paragraph\">La transition \u00e9cologique impliquant des investissements importants, la finance repr\u00e9sente forc\u00e9ment une extension du domaine de la lutte climatique. Aujourd\u2019hui, le monde financier a d\u2019ailleurs parfaitement compris que le risque climatique \u00e9tait devenu totalement syst\u00e9mique. La question est de savoir comment le mesurer et lui donner une valeur de march\u00e9.<\/p>\n\n\n\n<p class=\"wp-block-paragraph\">Pour sa part, le \u00ab\u00a0<mark style=\"background-color:rgba(0, 0, 0, 0);color:#ff6900\" class=\"has-inline-color\">Mouvement Droite Moderniste<\/mark>\u00a0\u00bb est favorable \u00e0 une approche r\u00e8glementaire\u00a0: on ne pourra pas respecter la trajectoire d\u2019un monde sous les 2\u00b0C de r\u00e9chauffement sans imposer progressivement aux banques et aux g\u00e9rants d\u2019actifs d\u2019aligner leurs portefeuilles sur cette trajectoire. Il n\u2019y a pas une seule fa\u00e7on d\u2019y arriver, mais les acteurs financiers (les capitalistes) devront de plus en plus montrer comment ils respectent cette exigence.<\/p>\n\n\n\n<p class=\"wp-block-paragraph\">Quels acteurs capitalistes pourraient vraiment faire changer le syst\u00e8me&nbsp;? Les banques centrales, qui abreuvent le syst\u00e8me financier de leurs liquidit\u00e9s, ont un immense r\u00f4le \u00e0 jouer face au changement climatique. Une mani\u00e8re de p\u00e9naliser les plus gros \u00e9metteurs de CO2 serait en effet que les banques centrales int\u00e8grent dans leurs achats de titres financiers le risque climatique. Assez absentes des d\u00e9bats jusqu\u2019\u00e0 pr\u00e9sent, elles semblent d\u00e9sormais avoir compris l\u2019ampleur de la t\u00e2che, en s\u2019organisant notamment au sein du R\u00e9seau des banques centrales et des superviseurs pour le verdissement du syst\u00e8me financier (NGFS).<\/p>\n\n\n\n<p class=\"wp-block-paragraph\">En r\u00e9alit\u00e9, les banques centrales ont d\u00e9sormais pour mission de lutter contre le r\u00e9chauffement climatique. En devenant syst\u00e9mique, le risque climatique est entr\u00e9 dans leur mandat de maintien de la stabilit\u00e9 financi\u00e8re. En ce sens, l\u2019audition de Christine Lagarde (pour devenir pr\u00e9sidente de la Banque Centrale europ\u00e9enne) devant le Parlement europ\u00e9en avait fait jadis l\u2019effet d\u2019une petite r\u00e9volution&nbsp;: elle avait clairement consid\u00e9r\u00e9 que le changement climatique faisait partie de son mandat, tout simplement parce que la stabilit\u00e9 financi\u00e8re ne pouvait plus \u00eatre assur\u00e9e dans un monde \u00e0 +4\u00b0C ou +5\u00b0C. Elle avait notamment indiqu\u00e9 qu\u2019elle \u00e9tait pr\u00eate \u00e0 vendre progressivement les actifs carbon\u00e9s d\u00e9tenus par la BCE. Le jour o\u00f9 les banques ne pourront plus \u00e9changer aupr\u00e8s de la BCE leurs titres financiers d\u2019actifs carbon\u00e9s contre de l\u2019argent frais, ces derniers seront beaucoup moins liquides, et donc bien plus risqu\u00e9s.<\/p>\n\n\n\n<p class=\"wp-block-paragraph\">D\u2019ici l\u00e0, il existe des mesures simples pour rendre la finance plus responsable. Les \u00e9pargnants ont aussi un r\u00f4le \u00e0 jouer. Aujourd\u2019hui, la plupart d\u2019entre eux ne savent pas comment leur argent est utilis\u00e9. Par d\u00e9faut, on vous impose d\u2019\u00eatre un \u00e9pargnant irresponsable. Il faut imp\u00e9rativement que cela change&nbsp;: tous les sondages le disent, la majorit\u00e9 des gens pr\u00e9f\u00e8rerait financer des activit\u00e9s plus durables.<\/p>\n\n\n\n<p class=\"wp-block-paragraph\">C\u2019est pourquoi, au <mark style=\"background-color:rgba(0, 0, 0, 0);color:#ff6900\" class=\"has-inline-color\">MDM<\/mark>, nous pensons qu\u2019il faut inverser la charge de la preuve\u00a0: au lieu d\u2019avoir \u00e0 demander un produit d\u2019\u00e9pargne responsable, chaque \u00e9pargnant se verrait demander s\u2019il souhaite un produit d\u2019\u00e9pargne qui finance toutes sortes d\u2019entreprises ou, par exemple, s\u2019il pr\u00e9f\u00e8re un fonds qui n\u2019investit que dans les entreprises align\u00e9es sur l\u2019accord de Paris.<\/p>\n\n\n\n<p class=\"wp-block-paragraph\">Une telle mesure, que nous comptons porter au niveau europ\u00e9en, ne co\u00fbterait rien aux finances publiques, simplifierait consid\u00e9rablement la possibilit\u00e9 pour les \u00e9pargnants de faire les bons choix, et donc, ferait cro\u00eetre de mani\u00e8re importante le march\u00e9 des fonds responsables.<\/p>\n\n\n\n<p class=\"wp-block-paragraph\">Ce qui est d\u2019autant plus savoureux pour nous, \u00e9cosophistes (environnementalistes sages et heureux) du <mark style=\"background-color:rgba(0, 0, 0, 0);color:#ff6900\" class=\"has-inline-color\">MDM<\/mark>, c\u2019est que cette voie est rendue possible par l\u2019existence m\u00eame du syst\u00e8me capitaliste tant honni par les \u00e9cologistes.<\/p>\n","protected":false},"excerpt":{"rendered":"<p>Alors que la mobilisation contre le r\u00e9chauffement climatique prend de l\u2019ampleur, les \u00c9tats se tournent vers les financiers, qui multiplient les obligations et autres fonds \u00ab\u00a0durables\u00a0\u00bb. Bien s\u00fbr, l\u2019impact des portefeuilles verts sur les \u00e9missions de CO2 reste difficile \u00e0 mesurer. N\u2019est-il pas anachronique et d\u00e9licieusement paradoxal de la part des \u00e9cologistes de pousser les [&hellip;]<\/p>\n","protected":false},"author":1,"featured_media":0,"comment_status":"open","ping_status":"open","sticky":false,"template":"","format":"standard","meta":{"_monsterinsights_skip_tracking":false,"_uf_show_specific_survey":0,"_uf_disable_surveys":false,"footnotes":""},"categories":[25],"tags":[],"class_list":["post-848","post","type-post","status-publish","format-standard","hentry","category-environnementalisme"],"_links":{"self":[{"href":"https:\/\/droitemoderniste.be\/index.php\/wp-json\/wp\/v2\/posts\/848","targetHints":{"allow":["GET"]}}],"collection":[{"href":"https:\/\/droitemoderniste.be\/index.php\/wp-json\/wp\/v2\/posts"}],"about":[{"href":"https:\/\/droitemoderniste.be\/index.php\/wp-json\/wp\/v2\/types\/post"}],"author":[{"embeddable":true,"href":"https:\/\/droitemoderniste.be\/index.php\/wp-json\/wp\/v2\/users\/1"}],"replies":[{"embeddable":true,"href":"https:\/\/droitemoderniste.be\/index.php\/wp-json\/wp\/v2\/comments?post=848"}],"version-history":[{"count":1,"href":"https:\/\/droitemoderniste.be\/index.php\/wp-json\/wp\/v2\/posts\/848\/revisions"}],"predecessor-version":[{"id":850,"href":"https:\/\/droitemoderniste.be\/index.php\/wp-json\/wp\/v2\/posts\/848\/revisions\/850"}],"wp:attachment":[{"href":"https:\/\/droitemoderniste.be\/index.php\/wp-json\/wp\/v2\/media?parent=848"}],"wp:term":[{"taxonomy":"category","embeddable":true,"href":"https:\/\/droitemoderniste.be\/index.php\/wp-json\/wp\/v2\/categories?post=848"},{"taxonomy":"post_tag","embeddable":true,"href":"https:\/\/droitemoderniste.be\/index.php\/wp-json\/wp\/v2\/tags?post=848"}],"curies":[{"name":"wp","href":"https:\/\/api.w.org\/{rel}","templated":true}]}}