{"id":814,"date":"2025-08-22T08:24:14","date_gmt":"2025-08-22T06:24:14","guid":{"rendered":"https:\/\/droitemoderniste.be\/?p=814"},"modified":"2025-08-22T08:24:14","modified_gmt":"2025-08-22T06:24:14","slug":"peut-on-imaginer-une-belgique-forte-hors-de-lotan","status":"publish","type":"post","link":"https:\/\/droitemoderniste.be\/index.php\/2025\/08\/22\/peut-on-imaginer-une-belgique-forte-hors-de-lotan\/","title":{"rendered":"Peut-on imaginer une Belgique forte hors de l\u2019OTAN\u00a0?"},"content":{"rendered":"\n<figure class=\"wp-block-image size-full\"><img loading=\"lazy\" decoding=\"async\" width=\"900\" height=\"506\" src=\"https:\/\/droitemoderniste.be\/wp-content\/uploads\/2025\/08\/F16-belge.webp\" alt=\"\" class=\"wp-image-815\" srcset=\"https:\/\/droitemoderniste.be\/wp-content\/uploads\/2025\/08\/F16-belge.webp 900w, https:\/\/droitemoderniste.be\/wp-content\/uploads\/2025\/08\/F16-belge-300x169.webp 300w, https:\/\/droitemoderniste.be\/wp-content\/uploads\/2025\/08\/F16-belge-768x432.webp 768w\" sizes=\"auto, (max-width: 900px) 100vw, 900px\" \/><\/figure>\n\n\n\n<p class=\"wp-block-paragraph\"><strong><em>Oui&nbsp;! Difficile, mais pas insurmontable. Avec au bout du chemin un gain d\u2019influence internationale pour notre pays, un plus grand attachement \u00e0 nos partenaires occidentaux et une position g\u00e9opolitique de notre Royaume renforc\u00e9e. En prime, une \u00e9conomie ragaillardie par une nouvelle r\u00e9silience&nbsp; soci\u00e9tale et industrielle, b\u00e2tie sur les fondations d\u2019une capacit\u00e9 de d\u00e9fense autonome.<\/em><\/strong><\/p>\n\n\n\n<p class=\"wp-block-paragraph\"><strong><em>Voici une analyse en plusieurs points pour expliquer ce paradoxe&nbsp;:<\/em><\/strong><\/p>\n\n\n\n<p class=\"wp-block-paragraph\">Premi\u00e8rement, il s\u2019agit de quitter l\u2019OTAN non pas par id\u00e9ologie anti-OTAN, ou anti-am\u00e9ricaine, ou pour \u00e9pouser une id\u00e9ologie pacifiste ou anti-arm\u00e9e, mais au contraire, pour nous donner les moyens d\u2019une d\u00e9fense autonome, et partant, initier une refonte plus large et plus profonde de la s\u00e9curit\u00e9 collective europ\u00e9enne. Sortir de l\u2019OTAN pour devenir un catalyseur du renforcement de la d\u00e9fense commune europ\u00e9enne, en montrant l\u2019exemple&nbsp;!<\/p>\n\n\n\n<p class=\"wp-block-paragraph\">Il ne s\u2019agit donc pas de renoncer au principe d\u2019une s\u00e9curit\u00e9 collective mais de la m\u00e9tamorphoser en une nouvelle OTAN europ\u00e9enne, constitu\u00e9e d\u2019une f\u00e9d\u00e9ration de pays ayant chacun, id\u00e9alement, une capacit\u00e9 de d\u00e9fense autonome de base, \u00e0 l\u2019aune de celle que doit b\u00e2tir une Belgique visionnaire.<\/p>\n\n\n\n<p class=\"wp-block-paragraph\">Ce qui augurera d\u2019une efficacit\u00e9 que major\u00e9e, puisque l\u2019OTAN, aujourd\u2019hui, c\u2019est essentiellement un collectif de 32&nbsp; pays dont 28 n\u2019ont pas de capacit\u00e9 de d\u00e9fense autonome (\u00e0 l\u2019exception des Etats-Unis, du Royaume-Uni, de la Su\u00e8de et de la France).<\/p>\n\n\n\n<p class=\"wp-block-paragraph\">Nous nous alimentons tous, avec raison, au Baxter du&nbsp; Grand fr\u00e8re am\u00e9ricain pour faire fonctionner l\u2019OTAN (principal fournisseur du parapluie nucl\u00e9aire, et des&nbsp; armements lourds pour la plupart des arm\u00e9es europ\u00e9ennes). Et notre inf\u00e9odation va&nbsp; grandissante (la derni\u00e8re directive de l\u2019OTAN impose de consacrer d\u00e9sormais&nbsp; 5% du PIB \u00e0 la d\u00e9fense), ce faisant,&nbsp; nous rendons impossible l\u2019\u00e9mergence d\u2019une d\u00e9fense autonome europ\u00e9enne, puisque l\u2019OTAN accapare toutes nos ressources budg\u00e9taires disponibles pour assurer la d\u00e9fense de nos territoires, sans contreparties \u00e9conomiques significatives\u2026pour nous.<\/p>\n\n\n\n<p class=\"wp-block-paragraph\">En outre, la versatilit\u00e9 du Pr\u00e9sident D. Trump, suscite de nombreux et angoissants d\u00e9bats&nbsp; sur l\u2019interpr\u00e9tation de l\u2019article 5 du Trait\u00e9 de l\u2019Atlantique Nord et sur son application effective, et nous oblige \u00e0 comprendre que la s\u00e9curit\u00e9 collective de l\u2019OTAN actuelle n\u2019offre qu\u2019une garantie al\u00e9atoire. Ce qui nous oblige \u00e0 r\u00e9fl\u00e9chir \u00e0 une question existentielle plus large concernant la s\u00e9curit\u00e9 europ\u00e9enne&nbsp;: voulons-nous plus d\u2019ind\u00e9pendance ou une alliance renforc\u00e9e avec les Etats-Unis&nbsp;?<\/p>\n\n\n\n<p class=\"wp-block-paragraph\">Aujourd\u2019hui, l\u2019OTAN est le pilier central de la d\u00e9fense belge. Il ne s\u2019agit pas de renier une alliance historique et structurante&nbsp;: la Belgique est membre fondateur depuis 1949, le si\u00e8ge politique de l\u2019OTAN est situ\u00e9 \u00e0 Bruxelles depuis 1967, et notre coop\u00e9ration militaire est intense avec nos alli\u00e9s.<\/p>\n\n\n\n<p class=\"wp-block-paragraph\">Il s\u2019agit plut\u00f4t de s\u2019inqui\u00e9ter de notre trop grande subordination&nbsp; strat\u00e9gique (capacit\u00e9 militaire limit\u00e9e du Royaume, partage de technologies, de renseignements, et dissuasion nucl\u00e9aire&nbsp;: faible autonomie sans l\u2019OTAN).<\/p>\n\n\n\n<p class=\"wp-block-paragraph\">Cette soumission, voulue ou impos\u00e9e, devient probl\u00e9matique puisque la garantie de s\u00e9curit\u00e9 collective nous appara\u00eet comme de plus en plus incertaine.<\/p>\n\n\n\n<p class=\"wp-block-paragraph\">Il ne s\u2019agit pas de viser la neutralit\u00e9 (mod\u00e8le suisse ou mod\u00e8le autrichien). Ce serait un retour en arri\u00e8re trop risqu\u00e9. Nous en avons fait les frais en 1914 et en 1940. Et puis, nous savons que la neutralit\u00e9 aujourd\u2019hui n\u2019est qu\u2019une d\u00e9pendance d\u00e9guis\u00e9e. Dans le monde actuel, une petite puissance neutre est souvent d\u00e9pendante des grands blocs pour garantir sa s\u00e9curit\u00e9 de facto.<\/p>\n\n\n\n<p class=\"wp-block-paragraph\">En fait, le meilleur sc\u00e9nario pour une Belgique hors de l\u2019OTAN, sera une compl\u00e8te int\u00e9gration dans la Politique de s\u00e9curit\u00e9 et de d\u00e9fense commune (PSDC) de l\u2019UE, et dans d\u2019autres projets europ\u00e9ens (Eurocorps, PESCO), o\u00f9 elle pourra servir de catalyseur et de dynamiseur puisque toutes ces initiatives sont encore embryonnaires \u00e0 ce jour. La Belgique doit montrer l\u2019exemple d\u2019une int\u00e9gration politique plus pouss\u00e9e dans la d\u00e9fense europ\u00e9enne.<\/p>\n\n\n\n<p class=\"wp-block-paragraph\">La force hors de l\u2019OTAN n\u2019est pas un objectif illusoire pour notre Royaume. Cet objectif d\u2019ind\u00e9pendance n\u00e9cessitera bien s\u00fbr un renforcement militaire massif \u00e0 financer. Une arm\u00e9e plus ou moins autonome, des \u00e9quipements de pointe, des outils de cyberd\u00e9fense, n\u00e9cessiteront un budget bien sup\u00e9rieur aux presque 2 % actuels du PIB. Mais si nous sommes capables de trouver les 5 % requis par l\u2019OTAN, nous pourrions tout aussi bien, m\u00eame mieux, les consacrer \u00e0 l\u2019acquisition d\u2019une d\u00e9fense autonome.<\/p>\n\n\n\n<p class=\"wp-block-paragraph\">Chaque ann\u00e9e, 5% de notre PIB pour satisfaire l\u2019OTAN, ce sont des dizaines de milliards d\u2019euros qui partent majoritairement dans les poches de notre Grand Protecteur am\u00e9ricain. Tandis que 5 % du PIB consacr\u00e9 \u00e0 l\u2019acquisition d\u2019une d\u00e9fense autonome, ce sont ces m\u00eames dizaines de milliards \u20ac qui restent majoritairement dans l\u2019\u00e9conomie belge et\/ou europ\u00e9enne, ce qui pourra dynamiser \u00e0 la fois la r\u00e9silience soci\u00e9tale et la r\u00e9silience industrielle de notre pays autour d\u2019une arm\u00e9e (qui jouit d\u00e9j\u00e0 d\u2019un capital sympathie certain) r\u00e9nov\u00e9e, rajeunie et fortifi\u00e9e.<\/p>\n\n\n\n<p class=\"wp-block-paragraph\">En d\u2019autres mots, il s\u2019agit de mettre en balance 5% du PIB qui part en cotisation de membre \u00e0 l\u2019OTAN, pour une d\u00e9fense collective rendue objectivement hypoth\u00e9tique et sans v\u00e9ritable b\u00e9n\u00e9fice pour notre \u00e9conomie f\u00e9d\u00e9rale et\/ou r\u00e9gionale, avec&nbsp; 5% du PIB pour d\u00e9velopper une autonomie strat\u00e9gique et industrielle forte et pour renforcer notre souverainet\u00e9 nationale.<\/p>\n\n\n\n<p class=\"wp-block-paragraph\">Augmenter sensiblement le budget d\u00e9fense afin de financer des capacit\u00e9s militaires f\u00e9d\u00e9rales robustes (du mat\u00e9riel dernier cri, infrastructures, cyberd\u00e9fense, capacit\u00e9s spatiales\u2026) implique de renforcer la fili\u00e8re industrielle belge, en d\u00e9veloppant une industrie de d\u00e9fense innovante, capable de produire localement les \u00e9quipements essentiels, avec un lien \u00e9troit entre secteur public, priv\u00e9 et recherche. Du pur bonheur pour la r\u00e9- industrialisation et donc pour&nbsp; l\u2019\u00e9conomie et l\u2019emploi.<\/p>\n\n\n\n<p class=\"wp-block-paragraph\">La Belgique peut et doit promouvoir des investissements coordonn\u00e9s europ\u00e9ens (PESCO, fonds de d\u00e9fense UE) pour r\u00e9duire les d\u00e9pendances ext\u00e9rieures, en incarnant un r\u00f4le moteur dans la coop\u00e9ration industrielle et technologique europ\u00e9enne.<\/p>\n\n\n\n<p class=\"wp-block-paragraph\">En jouant pleinement ce r\u00f4le de catalyseur d\u2019une d\u00e9fense autonome et de dynamiseur d\u2019une d\u00e9fense collective europ\u00e9enne, notre pays n\u2019a \u00e0 craindre ni perte d\u2019influence internationale, ni isolement par rapport aux partenaires occidentaux, ni risque de fragiliser la position g\u00e9opolitique de Bruxelles.<\/p>\n\n\n\n<p class=\"wp-block-paragraph\">En fait, une politique de d\u00e9fense autonome pourra avoir un impact significatif sur la position g\u00e9opolitique de la Belgique, de plusieurs mani\u00e8res. D\u2019abord en renfor\u00e7ant notre souverainet\u00e9 nationale.<\/p>\n\n\n\n<p class=\"wp-block-paragraph\">La Belgique affirme sa capacit\u00e9 \u00e0 prot\u00e9ger ses int\u00e9r\u00eats strat\u00e9giques sans d\u00e9pendre exclusivement d\u2019alliances ext\u00e9rieures comme l\u2019OTAN. Cette autonomie renforce la cr\u00e9dibilit\u00e9 du pays sur la sc\u00e8ne internationale en tant qu\u2019acteur responsable et capable de d\u00e9cider en fonction de ses propres priorit\u00e9s.<\/p>\n\n\n\n<p class=\"wp-block-paragraph\">Ensuite, en red\u00e9finissant nos relations internationales. Notre pays pourra n\u00e9gocier ses partenariats et alliances de mani\u00e8re plus ind\u00e9pendante, tant avec ses voisins europ\u00e9ens qu\u2019avec d\u2019autres puissances mondiales. Cela pourra aussi ouvrir la voie \u00e0 de nouvelles coop\u00e9rations bilat\u00e9rales ou multilat\u00e9rales, autre que celles dict\u00e9es par l\u2019OTAN. Cette autonomie permettra de jouer un r\u00f4le de m\u00e9diateur et d\u2019initiateur dans des initiatives diplomatiques ou de paix, en s\u2019appuyant sur une base militaire solide et cr\u00e9dible.<\/p>\n\n\n\n<p class=\"wp-block-paragraph\">Et pourquoi pas une position centrale dans la construction europ\u00e9enne. Notre Royaume pourra devenir un moteur fort dans la cr\u00e9ation d\u2019une d\u00e9fense europ\u00e9enne commune et autonome, un enjeu cl\u00e9 dans la recomposition g\u00e9opolitique mondiale. La Belgique pourra ainsi accentuer son r\u00f4le dans l\u2019Union Europ\u00e9enne, notamment en h\u00e9bergeant et pilotant des projets industriels, technologiques ou op\u00e9rationnels au sein de la nouvelle architecture europ\u00e9enne de s\u00e9curit\u00e9 et d\u00e9fense.<\/p>\n\n\n\n<p class=\"wp-block-paragraph\">Enfin, n\u2019oublions pas l\u2019impact sur la diplomatie et la s\u00e9curit\u00e9 r\u00e9gionale. Cette autonomie permettra \u00e0 la Belgique d\u2019adapter plus finement sa politique de d\u00e9fense \u00e0 sa situation g\u00e9ographique strat\u00e9gique (au c\u0153ur de l\u2019Europe, capitale de l\u2019UE). Elle pourra mieux anticiper et r\u00e9agir face aux menaces sp\u00e9cifiques \u00e0 sa r\u00e9gion, notamment aux d\u00e9fis \u00e9mergents comme la cybercriminalit\u00e9 ou le terrorisme.<\/p>\n\n\n\n<p class=\"wp-block-paragraph\">Et m\u00eame si quitter le mod\u00e8le \u00e9prouv\u00e9 de l\u2019OTAN pour le mod\u00e8le embryonnaire de la d\u00e9fense collective de l\u2019UE induit une fragilisation militaire imm\u00e9diate, puisque l\u2019arm\u00e9e belge est fortement int\u00e9gr\u00e9e aux structures de d\u00e9fense collective de l\u2019Alliance, cette fragilisation ne sera que temporaire et ne nous fera pas courir de grands risques&nbsp; puisque notre situation g\u00e9ographique idyllique (nous sommes entour\u00e9s de puissances militaires occidentales) nous prot\u00e8ge de toute invasion territoriale par des forces arm\u00e9es hostiles russes.<\/p>\n\n\n\n<p class=\"wp-block-paragraph\">Certes, le co\u00fbt important d\u2019une autonomie plus ou moins compl\u00e8te peut impacter les priorit\u00e9s \u00e9conomiques et sociales internes. Mais on peut s\u2019inspirer du mod\u00e8le r\u00e9ussi de r\u00e9silience soci\u00e9tale et industrielle d\u2019Isra\u00ebl (un minuscule David face au Goliath d\u2019un Moyen-Orient hostile) ou de Su\u00e8de, c.\u00e0.d. une synergie v\u00e9ritablement fonctionnelle entre \u00e9conomie, industrie et arm\u00e9e.<\/p>\n","protected":false},"excerpt":{"rendered":"<p>Oui&nbsp;! Difficile, mais pas insurmontable. Avec au bout du chemin un gain d\u2019influence internationale pour notre pays, un plus grand attachement \u00e0 nos partenaires occidentaux et une position g\u00e9opolitique de notre Royaume renforc\u00e9e. En prime, une \u00e9conomie ragaillardie par une nouvelle r\u00e9silience&nbsp; soci\u00e9tale et industrielle, b\u00e2tie sur les fondations d\u2019une capacit\u00e9 de d\u00e9fense autonome. Voici [&hellip;]<\/p>\n","protected":false},"author":1,"featured_media":0,"comment_status":"open","ping_status":"open","sticky":false,"template":"","format":"standard","meta":{"_monsterinsights_skip_tracking":false,"_uf_show_specific_survey":0,"_uf_disable_surveys":false,"footnotes":""},"categories":[7],"tags":[],"class_list":["post-814","post","type-post","status-publish","format-standard","hentry","category-defense"],"_links":{"self":[{"href":"https:\/\/droitemoderniste.be\/index.php\/wp-json\/wp\/v2\/posts\/814","targetHints":{"allow":["GET"]}}],"collection":[{"href":"https:\/\/droitemoderniste.be\/index.php\/wp-json\/wp\/v2\/posts"}],"about":[{"href":"https:\/\/droitemoderniste.be\/index.php\/wp-json\/wp\/v2\/types\/post"}],"author":[{"embeddable":true,"href":"https:\/\/droitemoderniste.be\/index.php\/wp-json\/wp\/v2\/users\/1"}],"replies":[{"embeddable":true,"href":"https:\/\/droitemoderniste.be\/index.php\/wp-json\/wp\/v2\/comments?post=814"}],"version-history":[{"count":1,"href":"https:\/\/droitemoderniste.be\/index.php\/wp-json\/wp\/v2\/posts\/814\/revisions"}],"predecessor-version":[{"id":816,"href":"https:\/\/droitemoderniste.be\/index.php\/wp-json\/wp\/v2\/posts\/814\/revisions\/816"}],"wp:attachment":[{"href":"https:\/\/droitemoderniste.be\/index.php\/wp-json\/wp\/v2\/media?parent=814"}],"wp:term":[{"taxonomy":"category","embeddable":true,"href":"https:\/\/droitemoderniste.be\/index.php\/wp-json\/wp\/v2\/categories?post=814"},{"taxonomy":"post_tag","embeddable":true,"href":"https:\/\/droitemoderniste.be\/index.php\/wp-json\/wp\/v2\/tags?post=814"}],"curies":[{"name":"wp","href":"https:\/\/api.w.org\/{rel}","templated":true}]}}