{"id":801,"date":"2025-08-21T14:17:37","date_gmt":"2025-08-21T12:17:37","guid":{"rendered":"https:\/\/droitemoderniste.be\/?p=801"},"modified":"2025-08-21T14:17:37","modified_gmt":"2025-08-21T12:17:37","slug":"reduire-les-inegalites-sociales-en-belgique","status":"publish","type":"post","link":"https:\/\/droitemoderniste.be\/index.php\/2025\/08\/21\/reduire-les-inegalites-sociales-en-belgique\/","title":{"rendered":"R\u00e9duire les in\u00e9galit\u00e9s sociales en Belgique\u00a0"},"content":{"rendered":"\n<figure class=\"wp-block-image size-full\"><img loading=\"lazy\" decoding=\"async\" width=\"275\" height=\"183\" src=\"https:\/\/droitemoderniste.be\/wp-content\/uploads\/2025\/08\/peupleb2.jpg\" alt=\"\" class=\"wp-image-802\"\/><\/figure>\n\n\n\n<p class=\"wp-block-paragraph\">La perspective moderniste du <mark style=\"background-color:rgba(0, 0, 0, 0);color:#ff6900\" class=\"has-inline-color\">MDM<\/mark> est potentiellement la plus efficace<\/p>\n\n\n\n<p class=\"wp-block-paragraph\">Parce qu\u2019elle privil\u00e9gie des approches structurelles, innovantes et pr\u00e9ventives adapt\u00e9es aux r\u00e9alit\u00e9s contemporaines.<\/p>\n\n\n\n<p class=\"wp-block-paragraph\">Voici pourquoi\u202f:<\/p>\n\n\n\n<ul class=\"wp-block-list\">\n<li><strong>Pr\u00e9vention et d\u00e9tection pr\u00e9coce<\/strong><br>L\u2019efficacit\u00e9 accrue de notre approche moderniste tient \u00e0 sa capacit\u00e9 \u00e0 intervenir en amont, avant que les in\u00e9galit\u00e9s ne s\u2019installent durablement. Rep\u00e9rer rapidement les situations \u00e0 risque de pauvret\u00e9 et y r\u00e9agir permet de limiter les dommages sociaux et de r\u00e9duire les co\u00fbts li\u00e9s \u00e0 des politiques r\u00e9paratrices tardives.<\/li>\n\n\n\n<li><strong>Int\u00e9gration de la technologie et de la data<\/strong><br>Notre perspective moderniste envisage l\u2019utilisation des outils num\u00e9riques et de l\u2019intelligence artificielle pour cibler les aides, mieux identifier les besoins, personnaliser les r\u00e9ponses, faciliter l\u2019acc\u00e8s aux lignes de soutien et r\u00e9duire le non-recours aux droits. Cela rend la redistribution et l\u2019accompagnement plus rapides, transparents et efficaces.<\/li>\n\n\n\n<li><strong>Travail transversal et actions coordonn\u00e9es<\/strong><br>Plut\u00f4t que de s\u2019appuyer uniquement sur la redistribution traditionnelle, elle articule ses r\u00e9ponses sur des mesures coordonn\u00e9es m\u00ealant social, sant\u00e9, justice, emploi et fiscalit\u00e9, ce qui permet de s\u2019attaquer aux causes structurelles des in\u00e9galit\u00e9s plut\u00f4t que d\u2019en g\u00e9rer seulement les sympt\u00f4mes.<\/li>\n\n\n\n<li><strong>Emploi, \u00e9mancipation et \u00e9galit\u00e9 des chances<\/strong><br>La modernit\u00e9 privil\u00e9gie le renforcement de l\u2019ascenseur social\u202f: revalorisation du salaire minimum, cumul temporaire d\u2019allocations et d\u2019emploi, investissement dans la formation, et lutte contre la paup\u00e9risation des jeunes qui ne b\u00e9n\u00e9ficient plus des m\u00eames opportunit\u00e9s que les g\u00e9n\u00e9rations pr\u00e9c\u00e9dentes.<\/li>\n\n\n\n<li><strong>Meilleur retour sur investissement social<\/strong><br>Les \u00e9tudes montrent qu&rsquo;il co\u00fbte bien plus cher de \u201crattraper\u201d les personnes une fois qu&rsquo;elles sont tomb\u00e9es dans la pauvret\u00e9 que d\u2019\u00e9viter qu\u2019elles n\u2019y basculent. Notre vision moderniste, en traitant pr\u00e9cocement les facteurs de vuln\u00e9rabilit\u00e9, limite cet effet de spirale descendante.<\/li>\n\n\n\n<li><strong>Souplesse, adaptation et innovation continue<\/strong><br>Une telle approche permet d\u2019ajuster les dispositifs en temps r\u00e9el (gr\u00e2ce au suivi des donn\u00e9es et \u00e0 l\u2019\u00e9valuation constante), de tester et d\u2019\u00e9tendre rapidement ce qui fonctionne, face \u00e0 des in\u00e9galit\u00e9s qui \u00e9voluent dans leurs formes et leurs facteurs (mondialisation, digitalisation, mutations du travail).<\/li>\n<\/ul>\n\n\n\n<p class=\"wp-block-paragraph\">En r\u00e9sum\u00e9, la perspective moderniste du <mark style=\"background-color:rgba(0, 0, 0, 0);color:#ff6900\" class=\"has-inline-color\">MDM<\/mark> se distingue par sa capacit\u00e9 \u00e0 agir efficacement, rapidement et collectivement sur plusieurs leviers, \u00e0 anticiper plut\u00f4t qu\u2019\u00e0 corriger, et \u00e0 int\u00e9grer les outils d\u2019aujourd\u2019hui pour garantir \u00e0 chacun une r\u00e9elle \u00e9galit\u00e9 des chances et une redistribution adapt\u00e9e au XXIe si\u00e8cle.<\/p>\n\n\n\n<p class=\"wp-block-paragraph\"><\/p>\n","protected":false},"excerpt":{"rendered":"<p>La perspective moderniste du MDM est potentiellement la plus efficace Parce qu\u2019elle privil\u00e9gie des approches structurelles, innovantes et pr\u00e9ventives adapt\u00e9es aux r\u00e9alit\u00e9s contemporaines. Voici pourquoi\u202f: En r\u00e9sum\u00e9, la perspective moderniste du MDM se distingue par sa capacit\u00e9 \u00e0 agir efficacement, rapidement et collectivement sur plusieurs leviers, \u00e0 anticiper plut\u00f4t qu\u2019\u00e0 corriger, et \u00e0 int\u00e9grer les [&hellip;]<\/p>\n","protected":false},"author":1,"featured_media":0,"comment_status":"open","ping_status":"open","sticky":false,"template":"","format":"standard","meta":{"_monsterinsights_skip_tracking":false,"_uf_show_specific_survey":0,"_uf_disable_surveys":false,"footnotes":""},"categories":[24],"tags":[],"class_list":["post-801","post","type-post","status-publish","format-standard","hentry","category-justice-sociale"],"_links":{"self":[{"href":"https:\/\/droitemoderniste.be\/index.php\/wp-json\/wp\/v2\/posts\/801","targetHints":{"allow":["GET"]}}],"collection":[{"href":"https:\/\/droitemoderniste.be\/index.php\/wp-json\/wp\/v2\/posts"}],"about":[{"href":"https:\/\/droitemoderniste.be\/index.php\/wp-json\/wp\/v2\/types\/post"}],"author":[{"embeddable":true,"href":"https:\/\/droitemoderniste.be\/index.php\/wp-json\/wp\/v2\/users\/1"}],"replies":[{"embeddable":true,"href":"https:\/\/droitemoderniste.be\/index.php\/wp-json\/wp\/v2\/comments?post=801"}],"version-history":[{"count":1,"href":"https:\/\/droitemoderniste.be\/index.php\/wp-json\/wp\/v2\/posts\/801\/revisions"}],"predecessor-version":[{"id":803,"href":"https:\/\/droitemoderniste.be\/index.php\/wp-json\/wp\/v2\/posts\/801\/revisions\/803"}],"wp:attachment":[{"href":"https:\/\/droitemoderniste.be\/index.php\/wp-json\/wp\/v2\/media?parent=801"}],"wp:term":[{"taxonomy":"category","embeddable":true,"href":"https:\/\/droitemoderniste.be\/index.php\/wp-json\/wp\/v2\/categories?post=801"},{"taxonomy":"post_tag","embeddable":true,"href":"https:\/\/droitemoderniste.be\/index.php\/wp-json\/wp\/v2\/tags?post=801"}],"curies":[{"name":"wp","href":"https:\/\/api.w.org\/{rel}","templated":true}]}}