{"id":798,"date":"2025-08-21T08:22:36","date_gmt":"2025-08-21T06:22:36","guid":{"rendered":"https:\/\/droitemoderniste.be\/?p=798"},"modified":"2025-08-21T08:22:36","modified_gmt":"2025-08-21T06:22:36","slug":"pas-de-transition-energetique-sans-systeme-capitaliste","status":"publish","type":"post","link":"https:\/\/droitemoderniste.be\/index.php\/2025\/08\/21\/pas-de-transition-energetique-sans-systeme-capitaliste\/","title":{"rendered":"Pas de transition \u00e9nerg\u00e9tique sans syst\u00e8me capitaliste\u00a0!"},"content":{"rendered":"\n<figure class=\"wp-block-image size-full\"><img loading=\"lazy\" decoding=\"async\" width=\"800\" height=\"445\" src=\"https:\/\/droitemoderniste.be\/wp-content\/uploads\/2025\/08\/17096832777_b86f614a70_b-800x445-1.jpg\" alt=\"\" class=\"wp-image-799\" srcset=\"https:\/\/droitemoderniste.be\/wp-content\/uploads\/2025\/08\/17096832777_b86f614a70_b-800x445-1.jpg 800w, https:\/\/droitemoderniste.be\/wp-content\/uploads\/2025\/08\/17096832777_b86f614a70_b-800x445-1-300x167.jpg 300w, https:\/\/droitemoderniste.be\/wp-content\/uploads\/2025\/08\/17096832777_b86f614a70_b-800x445-1-768x427.jpg 768w\" sizes=\"auto, (max-width: 800px) 100vw, 800px\" \/><\/figure>\n\n\n\n<p class=\"wp-block-paragraph\">Au \u00ab\u00a0<mark style=\"background-color:rgba(0, 0, 0, 0);color:#ff6900\" class=\"has-inline-color\">Mouvement Droite Moderniste<\/mark>\u00a0\u00bb, nous savons que notre survie \u00e0 tous (Belges, Europ\u00e9ens et d\u2019ailleurs) d\u00e9pend de la transformation de nos modes de production. Et nous partageons le constat de Jeremy Rifkin (\u00e9conomiste et essayiste am\u00e9ricain influent) dans son ouvrage \u00ab\u00a0<em>Le New Deal vert mondial (Les Liens qui lib\u00e8rent)<\/em>\u00a0\u00bb qui voit dans le \u00ab\u00a0march\u00e9\u00a0\u00bb un alli\u00e9 incontournable de la transition \u00e9nerg\u00e9tique.<\/p>\n\n\n\n<p class=\"wp-block-paragraph\">En effet, comme nous pr\u00f4nons l\u2019\u00e9cosophie (c\u2019est-\u00e0-dire un environnementalisme sage et heureux donc tr\u00e8s \u00e9loign\u00e9 de l\u2019\u00e9cologie catastrophiste actuelle), nous sommes naturellement dispos\u00e9s \u00e0 penser que les march\u00e9s, certes tr\u00e8s imparfaits, ainsi que le syst\u00e8me capitaliste, porteront cette transition \u00e9nerg\u00e9tique.<\/p>\n\n\n\n<p class=\"wp-block-paragraph\">Comme la question est de savoir d\u2019o\u00f9 viendra l\u2019argent qui financera les investissements n\u00e9cessaires \u00e0 ce \u00ab&nbsp;New deal vert mondial&nbsp;\u00bb, la r\u00e9ponse naturelle viendra du syst\u00e8me capitaliste. En effet, la source proviendra, en grande partie, des fonds de pension, qui g\u00e8rent l\u2019\u00e9pargne-retraite de millions de travailleurs dans le monde. Ils p\u00e8sent aujourd\u2019hui plus de 37 000 milliards d\u2019euros, dont 22 300 milliards pour les seuls Am\u00e9ricains.<\/p>\n\n\n\n<p class=\"wp-block-paragraph\">Or, ces investisseurs de long terme ont d\u00e9j\u00e0 commenc\u00e9 \u00e0 se d\u00e9tourner des industries fossiles pour miser sur les \u00e9nergies renouvelables. C\u2019est un levier de transformation et de financement puissant.<\/p>\n\n\n\n<p class=\"wp-block-paragraph\">Aujourd\u2019hui, des centaines de villes et quartiers pilotes en Europe testent l\u2019une ou l\u2019autre des technologies favorisant l\u2019autonomie \u00e9nerg\u00e9tique. Comment passer \u00e0 une \u00e9chelle sup\u00e9rieure, susceptible d\u2019attirer des investisseurs de long terme\u00a0? Les \u00c9tats ont ici un r\u00f4le \u00e0 jouer, en profitant des taux bas pour investir, ou bien en r\u00e9orientant une partie de leur budget vers de tels projets.<\/p>\n\n\n\n<p class=\"wp-block-paragraph\">En Belgique, le gouvernement pourrait s\u2019appuyer sur un syst\u00e8me f\u00e9d\u00e9ral et\/ou r\u00e9gional de banques vertes. Celles-ci pourraient \u00e9mettre des obligations vertes susceptibles d\u2019\u00eatre achet\u00e9es par les fonds de pension, par exemple, et destin\u00e9es \u00e0 financer la construction des infrastructures de transition \u00e9nerg\u00e9tique, pilot\u00e9es par les r\u00e9gions.<\/p>\n\n\n\n<p class=\"wp-block-paragraph\"><mark style=\"background-color:rgba(0, 0, 0, 0);color:#ff6900\" class=\"has-inline-color\">MDM<\/mark> est une formation politique (futur parti politique) capitaliste, dans la mesure o\u00f9 <mark style=\"background-color:rgba(0, 0, 0, 0);color:#ff6900\" class=\"has-inline-color\">MDM<\/mark> soutient des politiques capitalistes, c.\u00e0.d. des politiques bas\u00e9es sur l\u2019\u00e9conomie de march\u00e9 et la propri\u00e9t\u00e9 priv\u00e9e des moyens de production.<\/p>\n\n\n\n<p class=\"wp-block-paragraph\"><\/p>\n","protected":false},"excerpt":{"rendered":"<p>Au \u00ab\u00a0Mouvement Droite Moderniste\u00a0\u00bb, nous savons que notre survie \u00e0 tous (Belges, Europ\u00e9ens et d\u2019ailleurs) d\u00e9pend de la transformation de nos modes de production. Et nous partageons le constat de Jeremy Rifkin (\u00e9conomiste et essayiste am\u00e9ricain influent) dans son ouvrage \u00ab\u00a0Le New Deal vert mondial (Les Liens qui lib\u00e8rent)\u00a0\u00bb qui voit dans le \u00ab\u00a0march\u00e9\u00a0\u00bb un [&hellip;]<\/p>\n","protected":false},"author":1,"featured_media":0,"comment_status":"open","ping_status":"open","sticky":false,"template":"","format":"standard","meta":{"_monsterinsights_skip_tracking":false,"_uf_show_specific_survey":0,"_uf_disable_surveys":false,"footnotes":""},"categories":[25],"tags":[],"class_list":["post-798","post","type-post","status-publish","format-standard","hentry","category-environnementalisme"],"_links":{"self":[{"href":"https:\/\/droitemoderniste.be\/index.php\/wp-json\/wp\/v2\/posts\/798","targetHints":{"allow":["GET"]}}],"collection":[{"href":"https:\/\/droitemoderniste.be\/index.php\/wp-json\/wp\/v2\/posts"}],"about":[{"href":"https:\/\/droitemoderniste.be\/index.php\/wp-json\/wp\/v2\/types\/post"}],"author":[{"embeddable":true,"href":"https:\/\/droitemoderniste.be\/index.php\/wp-json\/wp\/v2\/users\/1"}],"replies":[{"embeddable":true,"href":"https:\/\/droitemoderniste.be\/index.php\/wp-json\/wp\/v2\/comments?post=798"}],"version-history":[{"count":1,"href":"https:\/\/droitemoderniste.be\/index.php\/wp-json\/wp\/v2\/posts\/798\/revisions"}],"predecessor-version":[{"id":800,"href":"https:\/\/droitemoderniste.be\/index.php\/wp-json\/wp\/v2\/posts\/798\/revisions\/800"}],"wp:attachment":[{"href":"https:\/\/droitemoderniste.be\/index.php\/wp-json\/wp\/v2\/media?parent=798"}],"wp:term":[{"taxonomy":"category","embeddable":true,"href":"https:\/\/droitemoderniste.be\/index.php\/wp-json\/wp\/v2\/categories?post=798"},{"taxonomy":"post_tag","embeddable":true,"href":"https:\/\/droitemoderniste.be\/index.php\/wp-json\/wp\/v2\/tags?post=798"}],"curies":[{"name":"wp","href":"https:\/\/api.w.org\/{rel}","templated":true}]}}