{"id":790,"date":"2025-08-19T11:41:14","date_gmt":"2025-08-19T09:41:14","guid":{"rendered":"https:\/\/droitemoderniste.be\/?p=790"},"modified":"2025-08-19T11:46:06","modified_gmt":"2025-08-19T09:46:06","slug":"une-vision-moderniste-de-la-redistribution-de-richesses","status":"publish","type":"post","link":"https:\/\/droitemoderniste.be\/index.php\/2025\/08\/19\/une-vision-moderniste-de-la-redistribution-de-richesses\/","title":{"rendered":"Une vision moderniste de la redistribution des richesses en Belgique"},"content":{"rendered":"\n<figure class=\"wp-block-image size-full\"><img loading=\"lazy\" decoding=\"async\" width=\"620\" height=\"258\" src=\"https:\/\/droitemoderniste.be\/wp-content\/uploads\/2025\/08\/1-braLGRtfeq-uvYiqv-LyPA.gif\" alt=\"\" class=\"wp-image-793\"\/><\/figure>\n\n\n\n<p class=\"wp-block-paragraph\">Notre <strong>vision moderniste<\/strong> vise \u00e0 transformer la redistribution des richesses en Belgique en repensant les m\u00e9canismes classiques \u00e0 travers la technologie, l\u2019innovation sociale et l\u2019activation \u00e9conomique, tout en maintenant l\u2019efficience et l\u2019inclusion.<\/p>\n\n\n\n<p class=\"wp-block-paragraph\">Voici les principaux axes de transformation\u202f:<\/p>\n\n\n\n<ul class=\"wp-block-list\">\n<li><strong>Num\u00e9risation et transparence des dispositifs redistributifs<\/strong><br>Notre r\u00e9forme moderniste misera sur la digitalisation (portails en ligne, dossiers sociaux et fiscaux num\u00e9riques, automatisation des droits sociaux) afin de simplifier l\u2019acc\u00e8s aux aides, d\u2019all\u00e9ger les d\u00e9marches administratives et de garantir une distribution plus rapide et transparente des ressources sociales.<\/li>\n\n\n\n<li><strong>Ciblage innovant gr\u00e2ce \u00e0 la data et \u00e0 l\u2019IA<\/strong><br>L\u2019utilisation des nouvelles technologies permettra d\u2019identifier plus pr\u00e9cis\u00e9ment les besoins et de personnaliser les interventions, r\u00e9duisant ainsi les effets d\u2019exclusion ou de non-recours courants dans les mod\u00e8les traditionnels. Les transferts sociaux et fiscaux pourront alors \u00eatre ajust\u00e9s dynamiquement en fonction de l\u2019\u00e9volution des situations individuelles et collectives.<\/li>\n\n\n\n<li><strong>R\u00f4le activateur de la redistribution<\/strong><br>Plut\u00f4t que de privil\u00e9gier exclusivement la redistribution passive, notre approche moderniste visera \u00e0 activer le march\u00e9 du travail et \u00e0 faciliter la mobilit\u00e9 sociale\u202f: cela passera par des politiques de soutien \u00e0 la formation continue, des incitants \u00e0 l\u2019emploi et une refonte de la protection sociale pour qu\u2019elle soit \u00e0 la fois un filet et un tremplin.<\/li>\n\n\n\n<li><strong>Soutien \u00e0 l\u2019innovation et \u00e0 la croissance pour \u00e9largir la base redistributive<\/strong><br>Notre vision moderniste assume que la durabilit\u00e9 de la redistribution d\u00e9pend de la cr\u00e9ation de richesse. Elle pousse \u00e0 renforcer l\u2019\u00e9cosyst\u00e8me entrepreneurial, \u00e0 investir dans les fili\u00e8res vertes et num\u00e9riques, \u00e0 simplifier la fiscalit\u00e9 et \u00e0 moderniser le service public, afin d\u2019augmenter la productivit\u00e9 et d\u2019assurer la soutenabilit\u00e9 financi\u00e8re du mod\u00e8le social belge.<\/li>\n\n\n\n<li><strong>Gouvernance plus int\u00e9gr\u00e9e et agile<\/strong><br>Au lieu de s\u2019en remettre \u00e0 de nombreuses couches institutionnelles, notre redistribution moderniste visera \u00e0 plus de coh\u00e9rence et d\u2019agilit\u00e9 entre \u00c9tats f\u00e9d\u00e9r\u00e9s, pouvoirs locaux et initiatives priv\u00e9es pour privil\u00e9gier les solutions transversales qui maximisent l\u2019impact redistributif.<\/li>\n\n\n\n<li><strong>Veille sociale et adaptation continue<\/strong><br>Avec des outils d\u2019\u00e9valuation en temps r\u00e9el, nos politiques redistributives pourront \u00eatre r\u00e9ajust\u00e9es plus rapidement pour r\u00e9pondre \u00e0 l\u2019\u00e9volution des in\u00e9galit\u00e9s et aux \u201cangles morts\u201d du syst\u00e8me, \u00e9vitant ainsi que des cat\u00e9gories enti\u00e8res restent durablement exclues du progr\u00e8s social.<\/li>\n<\/ul>\n\n\n\n<p class=\"wp-block-paragraph\">En somme, notre vision moderniste de la redistribution en Belgique ne cherche pas seulement \u00e0 perp\u00e9tuer les transferts actuels, mais \u00e0 les rendre <strong>plus denses, plus rapides, plus justes et plus efficaces<\/strong> \u2014 en s\u2019appuyant sur la technologie, l\u2019innovation institutionnelle, l\u2019activation sociale et une gouvernance renouvel\u00e9e.<\/p>\n","protected":false},"excerpt":{"rendered":"<p>Notre vision moderniste vise \u00e0 transformer la redistribution des richesses en Belgique en repensant les m\u00e9canismes classiques \u00e0 travers la technologie, l\u2019innovation sociale et l\u2019activation \u00e9conomique, tout en maintenant l\u2019efficience et l\u2019inclusion. Voici les principaux axes de transformation\u202f: En somme, notre vision moderniste de la redistribution en Belgique ne cherche pas seulement \u00e0 perp\u00e9tuer les [&hellip;]<\/p>\n","protected":false},"author":1,"featured_media":0,"comment_status":"open","ping_status":"open","sticky":false,"template":"","format":"standard","meta":{"_monsterinsights_skip_tracking":false,"_uf_show_specific_survey":0,"_uf_disable_surveys":false,"footnotes":""},"categories":[24],"tags":[],"class_list":["post-790","post","type-post","status-publish","format-standard","hentry","category-justice-sociale"],"_links":{"self":[{"href":"https:\/\/droitemoderniste.be\/index.php\/wp-json\/wp\/v2\/posts\/790","targetHints":{"allow":["GET"]}}],"collection":[{"href":"https:\/\/droitemoderniste.be\/index.php\/wp-json\/wp\/v2\/posts"}],"about":[{"href":"https:\/\/droitemoderniste.be\/index.php\/wp-json\/wp\/v2\/types\/post"}],"author":[{"embeddable":true,"href":"https:\/\/droitemoderniste.be\/index.php\/wp-json\/wp\/v2\/users\/1"}],"replies":[{"embeddable":true,"href":"https:\/\/droitemoderniste.be\/index.php\/wp-json\/wp\/v2\/comments?post=790"}],"version-history":[{"count":2,"href":"https:\/\/droitemoderniste.be\/index.php\/wp-json\/wp\/v2\/posts\/790\/revisions"}],"predecessor-version":[{"id":794,"href":"https:\/\/droitemoderniste.be\/index.php\/wp-json\/wp\/v2\/posts\/790\/revisions\/794"}],"wp:attachment":[{"href":"https:\/\/droitemoderniste.be\/index.php\/wp-json\/wp\/v2\/media?parent=790"}],"wp:term":[{"taxonomy":"category","embeddable":true,"href":"https:\/\/droitemoderniste.be\/index.php\/wp-json\/wp\/v2\/categories?post=790"},{"taxonomy":"post_tag","embeddable":true,"href":"https:\/\/droitemoderniste.be\/index.php\/wp-json\/wp\/v2\/tags?post=790"}],"curies":[{"name":"wp","href":"https:\/\/api.w.org\/{rel}","templated":true}]}}