{"id":787,"date":"2025-08-18T09:30:20","date_gmt":"2025-08-18T07:30:20","guid":{"rendered":"https:\/\/droitemoderniste.be\/?p=787"},"modified":"2025-08-18T09:30:20","modified_gmt":"2025-08-18T07:30:20","slug":"droite-moderniste-et-justicialisme","status":"publish","type":"post","link":"https:\/\/droitemoderniste.be\/index.php\/2025\/08\/18\/droite-moderniste-et-justicialisme\/","title":{"rendered":"Droite moderniste et justicialisme"},"content":{"rendered":"\n<figure class=\"wp-block-image size-full\"><img loading=\"lazy\" decoding=\"async\" width=\"275\" height=\"183\" src=\"https:\/\/droitemoderniste.be\/wp-content\/uploads\/2025\/08\/peuple-b.jpg\" alt=\"\" class=\"wp-image-788\"\/><\/figure>\n\n\n\n<p class=\"wp-block-paragraph\">Unifier la <strong>droite moderniste<\/strong> et le <strong>justicialisme<\/strong> dans le paysage politique belge actuel soul\u00e8ve plusieurs d\u00e9fis majeurs, \u00e9troitement li\u00e9s \u00e0 l\u2019organisation institutionnelle et \u00e0 la dynamique des partis du pays.<\/p>\n\n\n\n<p class=\"wp-block-paragraph\"><strong>1. Fragmentation partisane et f\u00e9d\u00e9ralisme complexe<\/strong><br>La Belgique compte un nombre \u00e9lev\u00e9 de partis majeurs, divis\u00e9s selon des lignes communautaires (flamande, francophone&#8230;) et id\u00e9ologiques (gauche, droite, \u00e9cologistes, nationalistes). Cette fragmentation rend difficile la formation de majorit\u00e9s coh\u00e9rentes o\u00f9 des courants aussi diff\u00e9rents pourraient \u00eatre fusionn\u00e9s de mani\u00e8re stable. La d\u00e9centralisation accrue du syst\u00e8me belge \u2014 avec six \u00e9lections tenues simultan\u00e9ment et diff\u00e9rents parlements r\u00e9gionaux\/communautaires \u2014 complique la recherche d\u2019une vision d\u2019ensemble et ralentit la construction de compromis transversaux.<\/p>\n\n\n\n<p class=\"wp-block-paragraph\"><strong>2. Clivages r\u00e9gionaux et culturels<\/strong><br>La Flandre est domin\u00e9e par des partis de droite et nationalistes (N-VA, Vlaams Belang), alors que la Wallonie reste largement \u00e0 gauche (PS, PTB\/PVDA), ce qui rend la cohabitation de courants oppos\u00e9s particuli\u00e8rement d\u00e9licate. Cette asym\u00e9trie territoriale alimente la d\u00e9fiance et complique le portage commun de projets susceptibles d\u2019unifier des sensibilit\u00e9s aussi diff\u00e9rentes.<\/p>\n\n\n\n<p class=\"wp-block-paragraph\"><strong>3. Logiques de protestation divergentes<\/strong><br>Alors que la contestation flamande se manifeste surtout \u00e0 l\u2019extr\u00eame droite, elle s\u2019exprime \u00e0 l\u2019extr\u00eame gauche du c\u00f4t\u00e9 francophone. Cette polarisation rend difficile l\u2019\u00e9mergence d\u2019un discours rassembleur apte \u00e0 f\u00e9d\u00e9rer la droite innovante et la gauche justicialiste, puisque l\u2019offre politique s\u2019adapte fortement aux aspirations protestataires locales plut\u00f4t qu\u2019\u00e0 une synth\u00e8se nationale.<\/p>\n\n\n\n<p class=\"wp-block-paragraph\"><strong>4. Culture du compromis sous tension<\/strong><br>La Belgique est r\u00e9put\u00e9e pour sa culture du compromis ; pourtant, les gouvernements de coalition sont d\u00e9sormais fragilis\u00e9s par la mont\u00e9e des extr\u00eames et la difficult\u00e9 \u00e0 trouver des terrains d\u2019entente, m\u00eame sur des sujets fondamentaux comme le budget, l\u2019\u00e9ducation ou l\u2019immigration. La d\u00e9fiance croissante envers les institutions politiques alimente l\u2019instabilit\u00e9 et freine les initiatives transpartisanes.<\/p>\n\n\n\n<p class=\"wp-block-paragraph\"><strong>5. Absence d\u2019un \u201ccentre fort\u201d<\/strong><br>\u00c0 la diff\u00e9rence de certains pays, la Belgique ne dispose pas actuellement d\u2019un centre politique suffisamment charismatique et puissant pour imposer une vision int\u00e9gratrice ou op\u00e9rer la synth\u00e8se entre modernisme lib\u00e9ral et justicialisme social. Les partis traditionnels perdent du terrain au profit des extr\u00eames ou de partis \u00e0 ancrage r\u00e9gional fort.<\/p>\n\n\n\n<p class=\"wp-block-paragraph\">En r\u00e9sum\u00e9, la <strong>fragmentation partisane<\/strong>, les <strong>clivages communautaires et culturels<\/strong>, la <strong>double polarisation<\/strong> protestataire, la <strong>fragilisation du compromis<\/strong> et l\u2019<strong>absence de leadership centriste fort<\/strong> rendent particuli\u00e8rement ardu, aujourd\u2019hui, le rapprochement entre droite moderniste et justicialisme dans le paysage politique belge, malgr\u00e9 une tradition de compromis et la n\u00e9cessit\u00e9 de coalitions larges.<\/p>\n\n\n\n<p class=\"wp-block-paragraph\">Pourtant, au <mark style=\"background-color:rgba(0, 0, 0, 0);color:#ff6900\" class=\"has-inline-color\">MDM<\/mark>, nous for\u00e7ons le destin et nous int\u00e9grons le justicialisme (caract\u00e9ristique diff\u00e9renciante du <mark style=\"background-color:rgba(0, 0, 0, 0);color:#ff6900\" class=\"has-inline-color\">MDM<\/mark>) comme principe de mobilisation politique. Le justicialisme fait partie int\u00e9grante de notre programme politique.<\/p>\n\n\n\n<p class=\"wp-block-paragraph\"><\/p>\n","protected":false},"excerpt":{"rendered":"<p>Unifier la droite moderniste et le justicialisme dans le paysage politique belge actuel soul\u00e8ve plusieurs d\u00e9fis majeurs, \u00e9troitement li\u00e9s \u00e0 l\u2019organisation institutionnelle et \u00e0 la dynamique des partis du pays. 1. Fragmentation partisane et f\u00e9d\u00e9ralisme complexeLa Belgique compte un nombre \u00e9lev\u00e9 de partis majeurs, divis\u00e9s selon des lignes communautaires (flamande, francophone&#8230;) et id\u00e9ologiques (gauche, droite, [&hellip;]<\/p>\n","protected":false},"author":1,"featured_media":0,"comment_status":"open","ping_status":"open","sticky":false,"template":"","format":"standard","meta":{"_monsterinsights_skip_tracking":false,"_uf_show_specific_survey":0,"_uf_disable_surveys":false,"footnotes":""},"categories":[24],"tags":[],"class_list":["post-787","post","type-post","status-publish","format-standard","hentry","category-justice-sociale"],"_links":{"self":[{"href":"https:\/\/droitemoderniste.be\/index.php\/wp-json\/wp\/v2\/posts\/787","targetHints":{"allow":["GET"]}}],"collection":[{"href":"https:\/\/droitemoderniste.be\/index.php\/wp-json\/wp\/v2\/posts"}],"about":[{"href":"https:\/\/droitemoderniste.be\/index.php\/wp-json\/wp\/v2\/types\/post"}],"author":[{"embeddable":true,"href":"https:\/\/droitemoderniste.be\/index.php\/wp-json\/wp\/v2\/users\/1"}],"replies":[{"embeddable":true,"href":"https:\/\/droitemoderniste.be\/index.php\/wp-json\/wp\/v2\/comments?post=787"}],"version-history":[{"count":1,"href":"https:\/\/droitemoderniste.be\/index.php\/wp-json\/wp\/v2\/posts\/787\/revisions"}],"predecessor-version":[{"id":789,"href":"https:\/\/droitemoderniste.be\/index.php\/wp-json\/wp\/v2\/posts\/787\/revisions\/789"}],"wp:attachment":[{"href":"https:\/\/droitemoderniste.be\/index.php\/wp-json\/wp\/v2\/media?parent=787"}],"wp:term":[{"taxonomy":"category","embeddable":true,"href":"https:\/\/droitemoderniste.be\/index.php\/wp-json\/wp\/v2\/categories?post=787"},{"taxonomy":"post_tag","embeddable":true,"href":"https:\/\/droitemoderniste.be\/index.php\/wp-json\/wp\/v2\/tags?post=787"}],"curies":[{"name":"wp","href":"https:\/\/api.w.org\/{rel}","templated":true}]}}