{"id":784,"date":"2025-08-17T14:11:39","date_gmt":"2025-08-17T12:11:39","guid":{"rendered":"https:\/\/droitemoderniste.be\/?p=784"},"modified":"2025-08-17T14:11:39","modified_gmt":"2025-08-17T12:11:39","slug":"plusieurs-idees-innovantes-pour-reduire-les-inegalites-sociales","status":"publish","type":"post","link":"https:\/\/droitemoderniste.be\/index.php\/2025\/08\/17\/plusieurs-idees-innovantes-pour-reduire-les-inegalites-sociales\/","title":{"rendered":"Plusieurs id\u00e9es innovantes pour r\u00e9duire les in\u00e9galit\u00e9s sociales"},"content":{"rendered":"\n<figure class=\"wp-block-image size-full\"><img loading=\"lazy\" decoding=\"async\" width=\"660\" height=\"360\" src=\"https:\/\/droitemoderniste.be\/wp-content\/uploads\/2025\/08\/diminuer-sa-consommation-d-energie-impossible-pour-6-francais-sur-10.jpg\" alt=\"\" class=\"wp-image-785\" srcset=\"https:\/\/droitemoderniste.be\/wp-content\/uploads\/2025\/08\/diminuer-sa-consommation-d-energie-impossible-pour-6-francais-sur-10.jpg 660w, https:\/\/droitemoderniste.be\/wp-content\/uploads\/2025\/08\/diminuer-sa-consommation-d-energie-impossible-pour-6-francais-sur-10-300x164.jpg 300w\" sizes=\"auto, (max-width: 660px) 100vw, 660px\" \/><\/figure>\n\n\n\n<p class=\"wp-block-paragraph\">Notre <mark style=\"background-color:rgba(0, 0, 0, 0);color:#ff6900\" class=\"has-inline-color\">Mouvement Droite Moderniste<\/mark>, en rupture avec les approches conservatrices classiques, souhaite introduire plusieurs id\u00e9es innovantes pour r\u00e9duire les in\u00e9galit\u00e9s sociales, en combinant efficacit\u00e9 \u00e9conomique, innovation et justice sociale\u202f:<\/p>\n\n\n\n<ul class=\"wp-block-list\">\n<li><strong>Redistribution intelligente et personnalis\u00e9e<\/strong><br>Mettre \u00e0 profit les technologies de l\u2019information (<em>big data<\/em>, intelligence artificielle) pour mieux cibler les aides selon les besoins r\u00e9els des individus et territoires, assurant ainsi que la redistribution b\u00e9n\u00e9ficie en priorit\u00e9 \u00e0 ceux en situation de vuln\u00e9rabilit\u00e9 et encourage la mobilit\u00e9 sociale.<\/li>\n\n\n\n<li><strong>R\u00e9forme profonde de la fiscalit\u00e9<\/strong><br>Instaurer une fiscalit\u00e9 plus juste\u202f:Taxation accrue du patrimoine et des transmissions qui d\u00e9passent un certain seuil, pour limiter la reproduction interg\u00e9n\u00e9rationnelle des in\u00e9galit\u00e9s. Fiscalit\u00e9 du capital repens\u00e9e, afin de soutenir le m\u00e9rite individuel plut\u00f4t que la rente h\u00e9rit\u00e9e.<\/li>\n\n\n\n<li><strong>Des services publics modernis\u00e9s et accessibles<\/strong><br>D\u00e9ployer des services publics (sant\u00e9, mobilit\u00e9, \u00e9ducation, logement) l\u00e0 o\u00f9 les besoins sont les plus criants, en luttant contre la concentration des offres dans les quartiers favoris\u00e9s. D\u00e9velopper le logement social mixte (par exemple, construire dans les quartiers ais\u00e9s pour favoriser la mixit\u00e9 sociale).<\/li>\n\n\n\n<li><strong>Secondes chances et mobilit\u00e9 professionnelle<\/strong><br>Offrir des parcours de \u201cseconde chance\u201d innovants, permettant \u00e0 chacun de rebondir apr\u00e8s un \u00e9chec, par le biais de la formation professionnelle continue et de l\u2019apprentissage tout au long de la vie. Valoriser le droit \u00e0 l\u2019erreur et le r\u00e9investissement dans la formation des publics fragilis\u00e9s.<\/li>\n\n\n\n<li><strong>\u00c9galit\u00e9 dans l\u2019entreprise et gouvernance partag\u00e9e<\/strong><br>Renforcer la repr\u00e9sentation des salari\u00e9s dans la gouvernance des entreprises, sur le mod\u00e8le allemand, afin de r\u00e9duire les \u00e9carts de pouvoir et d\u2019influence au sein du monde du travail. Promouvoir la transparence sur les \u00e9carts de r\u00e9mun\u00e9ration et introduire des mesures incitatives pour les entreprises promouvant l\u2019\u00e9galit\u00e9 professionnelle.<\/li>\n\n\n\n<li><strong>Innovation sociale et coop\u00e9rations locales<\/strong><br>Inciter \u00e0 l\u2019exp\u00e9rimentation de projets locaux visant l\u2019inclusion et l\u2019innovation sociale\u202f: soutien aux startups sociales, partenariats public-priv\u00e9 pour l\u2019insertion, et d\u00e9veloppement des outils num\u00e9riques facilitant l\u2019acc\u00e8s aux droits et \u00e0 l\u2019information.<\/li>\n\n\n\n<li><strong>Priorit\u00e9 \u00e0 l\u2019\u00e9galit\u00e9 d\u2019acc\u00e8s<\/strong><br>Lutter activement contre l\u2019exclusion en facilitant l\u2019acc\u00e8s universel \u00e0 la sant\u00e9, \u00e0 la culture et au num\u00e9rique. Investir massivement dans l\u2019\u00e9ducation pr\u00e9coce et la pr\u00e9vention pour limiter la reproduction des in\u00e9galit\u00e9s d\u00e8s l\u2019enfance.<\/li>\n<\/ul>\n\n\n\n<p class=\"wp-block-paragraph\">Ces leviers, conciliant modernit\u00e9 \u00e9conomique et responsabilit\u00e9 sociale, permettront \u00e0 notre droite moderniste de proposer une <strong>r\u00e9duction des in\u00e9galit\u00e9s fond\u00e9e sur l\u2019innovation, la m\u00e9ritocratie, la deuxi\u00e8me chance et la justice dans les opportunit\u00e9s<\/strong> \u2013 d\u00e9passant ainsi les limites des approches traditionnelles tout en conservant le souci d\u2019efficacit\u00e9.<\/p>\n","protected":false},"excerpt":{"rendered":"<p>Notre Mouvement Droite Moderniste, en rupture avec les approches conservatrices classiques, souhaite introduire plusieurs id\u00e9es innovantes pour r\u00e9duire les in\u00e9galit\u00e9s sociales, en combinant efficacit\u00e9 \u00e9conomique, innovation et justice sociale\u202f: Ces leviers, conciliant modernit\u00e9 \u00e9conomique et responsabilit\u00e9 sociale, permettront \u00e0 notre droite moderniste de proposer une r\u00e9duction des in\u00e9galit\u00e9s fond\u00e9e sur l\u2019innovation, la m\u00e9ritocratie, la deuxi\u00e8me [&hellip;]<\/p>\n","protected":false},"author":1,"featured_media":0,"comment_status":"open","ping_status":"open","sticky":false,"template":"","format":"standard","meta":{"_monsterinsights_skip_tracking":false,"_uf_show_specific_survey":0,"_uf_disable_surveys":false,"footnotes":""},"categories":[24],"tags":[],"class_list":["post-784","post","type-post","status-publish","format-standard","hentry","category-justice-sociale"],"_links":{"self":[{"href":"https:\/\/droitemoderniste.be\/index.php\/wp-json\/wp\/v2\/posts\/784","targetHints":{"allow":["GET"]}}],"collection":[{"href":"https:\/\/droitemoderniste.be\/index.php\/wp-json\/wp\/v2\/posts"}],"about":[{"href":"https:\/\/droitemoderniste.be\/index.php\/wp-json\/wp\/v2\/types\/post"}],"author":[{"embeddable":true,"href":"https:\/\/droitemoderniste.be\/index.php\/wp-json\/wp\/v2\/users\/1"}],"replies":[{"embeddable":true,"href":"https:\/\/droitemoderniste.be\/index.php\/wp-json\/wp\/v2\/comments?post=784"}],"version-history":[{"count":1,"href":"https:\/\/droitemoderniste.be\/index.php\/wp-json\/wp\/v2\/posts\/784\/revisions"}],"predecessor-version":[{"id":786,"href":"https:\/\/droitemoderniste.be\/index.php\/wp-json\/wp\/v2\/posts\/784\/revisions\/786"}],"wp:attachment":[{"href":"https:\/\/droitemoderniste.be\/index.php\/wp-json\/wp\/v2\/media?parent=784"}],"wp:term":[{"taxonomy":"category","embeddable":true,"href":"https:\/\/droitemoderniste.be\/index.php\/wp-json\/wp\/v2\/categories?post=784"},{"taxonomy":"post_tag","embeddable":true,"href":"https:\/\/droitemoderniste.be\/index.php\/wp-json\/wp\/v2\/tags?post=784"}],"curies":[{"name":"wp","href":"https:\/\/api.w.org\/{rel}","templated":true}]}}