{"id":773,"date":"2025-08-16T10:47:43","date_gmt":"2025-08-16T08:47:43","guid":{"rendered":"https:\/\/droitemoderniste.be\/?p=773"},"modified":"2025-08-16T10:48:19","modified_gmt":"2025-08-16T08:48:19","slug":"repenser-la-redistribution-sociale-en-belgique","status":"publish","type":"post","link":"https:\/\/droitemoderniste.be\/index.php\/2025\/08\/16\/repenser-la-redistribution-sociale-en-belgique\/","title":{"rendered":"Repenser la redistribution sociale en Belgique\u00a0"},"content":{"rendered":"\n<figure class=\"wp-block-image size-full\"><img loading=\"lazy\" decoding=\"async\" width=\"300\" height=\"168\" src=\"https:\/\/droitemoderniste.be\/wp-content\/uploads\/2025\/08\/peupleb3.jpg\" alt=\"\" class=\"wp-image-774\"\/><\/figure>\n\n\n\n<p class=\"wp-block-paragraph\">La droite moderniste du <mark style=\"background-color:rgba(0, 0, 0, 0);color:#ff6900\" class=\"has-inline-color\">MDM<\/mark>, distincte de la droite conservatrice, cherche \u00e0 r\u00e9inventer la redistribution sociale autour de l\u2019efficacit\u00e9, de l\u2019\u00e9quit\u00e9, et de la stimulation de l\u2019autonomie, tout en restant fid\u00e8le \u00e0 l\u2019id\u00e9al d\u2019innovation et de coh\u00e9sion sociale. Voici comment cette refonte pourrait s\u2019articuler&nbsp;:<\/p>\n\n\n\n<p class=\"wp-block-paragraph\"><strong>1. Redistribution personnalis\u00e9e et incitative<\/strong><\/p>\n\n\n\n<ul class=\"wp-block-list\">\n<li><strong>Ciblage accru des aides<\/strong>&nbsp;: Utiliser la technologie (<em>big data<\/em>, IA) pour mieux d\u00e9tecter les situations de vuln\u00e9rabilit\u00e9, afin de moduler les aides selon le parcours et les besoins concrets des individus, plut\u00f4t que par cat\u00e9gorie rigide.<\/li>\n\n\n\n<li><strong>R\u00e9compense de l\u2019effort et soutien \u00e0 la mobilit\u00e9 sociale<\/strong>&nbsp;: Conditionner certains transferts \u00e0 l\u2019engagement dans la formation, l\u2019emploi ou l\u2019entreprenariat social, dans une logique de droits et devoirs, mais sans stigmatiser les parcours atypiques.<\/li>\n<\/ul>\n\n\n\n<p class=\"wp-block-paragraph\"><strong>2. Fiscalit\u00e9 et transferts repens\u00e9s pour la justice sociale<\/strong><\/p>\n\n\n\n<ul class=\"wp-block-list\">\n<li><strong>R\u00e9forme de l\u2019indexation automatique<\/strong>&nbsp;: Plut\u00f4t qu\u2019une indexation uniforme, privil\u00e9gier des transferts fiscaux plus cibl\u00e9s (cr\u00e9dits d\u2019imp\u00f4t mobilit\u00e9, bonus sociaux, aides \u00e0 la famille et \u00e0 l\u2019enfance) avec une attention particuli\u00e8re aux m\u00e9nages les plus pr\u00e9caires, compensant l\u2019inflation sans creuser les d\u00e9ficits publics.<\/li>\n\n\n\n<li><strong>Taxation innovante<\/strong>&nbsp;: Taxer davantage les rentes passives (immobili\u00e8res, financi\u00e8res) et all\u00e9ger la fiscalit\u00e9 sur le travail, afin de stimuler l\u2019emploi, l\u2019innovation et r\u00e9duire la reproduction des in\u00e9galit\u00e9s patrimoniales. Fixer par exemple un plafond d\u2019exon\u00e9rations sur certains patrimoines tout en prot\u00e9geant les premiers acc\u00e8s \u00e0 la propri\u00e9t\u00e9.<\/li>\n<\/ul>\n\n\n\n<p class=\"wp-block-paragraph\"><strong>3. Services publics moteurs d\u2019\u00e9galit\u00e9 des chances<\/strong><\/p>\n\n\n\n<ul class=\"wp-block-list\">\n<li><strong>Investissement massif dans l\u2019\u00e9ducation et la formation tout au long de la vie<\/strong>, pour sortir de la simple redistribution mon\u00e9taire et donner \u00e0 chacun les moyens de s\u2019ins\u00e9rer durablement sur le march\u00e9 du travail ou de s\u2019adapter aux transitions \u00e9conomiques.<\/li>\n\n\n\n<li><strong>D\u00e9centralisation intelligente<\/strong>&nbsp;: Adapter les m\u00e9canismes redistributifs aux sp\u00e9cificit\u00e9s r\u00e9gionales et locales, en y associant des indicateurs nationaux robustes pour garantir l\u2019\u00e9quit\u00e9 sur tout le territoire.<\/li>\n<\/ul>\n\n\n\n<p class=\"wp-block-paragraph\"><strong>4. Protection sociale active et dynamique<\/strong><\/p>\n\n\n\n<ul class=\"wp-block-list\">\n<li><strong>Encourager l\u2019innovation sociale<\/strong>&nbsp;: Soutien direct aux nouveaux dispositifs locaux (revenu de transition, exp\u00e9rimentations d\u2019insertion, innovation en sant\u00e9 ou logement), via des financements publics ou des incitants fiscaux adapt\u00e9s.<\/li>\n\n\n\n<li><strong>Flexis\u00e9curit\u00e9<\/strong>&nbsp;: Adapter la redistribution pour accompagner la transition entre emplois et int\u00e9grer les parcours professionnels non lin\u00e9aires, avec des droits sociaux sanctuaris\u00e9s et transf\u00e9rables.<\/li>\n<\/ul>\n\n\n\n<p class=\"wp-block-paragraph\"><strong>5. Transparence, lutte contre l\u2019inefficacit\u00e9 et les abus<\/strong><\/p>\n\n\n\n<ul class=\"wp-block-list\">\n<li><strong>Rationaliser les flux redistributifs<\/strong>&nbsp;: Simplifier les circuits de redistribution afin de limiter les effets de dilution et s\u2019assurer que les aides parviennent bien aux publics cibles.<\/li>\n\n\n\n<li><strong>Renforcer les contr\u00f4les<\/strong>&nbsp;: Mise en place de m\u00e9canismes transparents pour \u00e9viter la fraude et l\u2019optimisation abusive, tout en veillant \u00e0 ne pas p\u00e9naliser les plus vuln\u00e9rables.<\/li>\n<\/ul>\n\n\n\n<p class=\"wp-block-paragraph\"><strong>6. Concertation et gouvernance innovante<\/strong><\/p>\n\n\n\n<ul class=\"wp-block-list\">\n<li><strong>Coconstruction avec la soci\u00e9t\u00e9 civile<\/strong>&nbsp;: Faire des associations, mutualit\u00e9s et acteurs locaux de v\u00e9ritables partenaires de la redistribution, pour mieux adapter les politiques aux besoins r\u00e9els du terrain et favoriser l\u2019innovation sociale collaborative.<\/li>\n<\/ul>\n\n\n\n<p class=\"wp-block-paragraph\"><strong>Tableau comparatif&nbsp;: redistribution traditionnelle vs moderniste<\/strong><\/p>\n\n\n\n<figure class=\"wp-block-table\"><table class=\"has-fixed-layout\"><thead><tr><td><strong>Aspect<\/strong><\/td><td><strong>Redistribution traditionnelle<\/strong><\/td><td><strong>Droite moderniste<\/strong><\/td><\/tr><\/thead><tbody><tr><td>Mode d\u2019intervention<\/td><td>Uniforme, cat\u00e9gorielle<\/td><td>Personnalis\u00e9e, modul\u00e9e<\/td><\/tr><tr><td>Fiscalit\u00e9<\/td><td>Bas\u00e9e sur le revenu, peu flexible<\/td><td>Incitative, modul\u00e9e, cibl\u00e9e<\/td><\/tr><tr><td>Services publics<\/td><td>Universels, centralis\u00e9s<\/td><td>Investissement cibl\u00e9, d\u00e9centralis\u00e9<\/td><\/tr><tr><td>Innovation sociale<\/td><td>Marginale<\/td><td>Soutien actif, exp\u00e9rimentation<\/td><\/tr><tr><td>R\u00f4le des acteurs locaux<\/td><td>Limit\u00e9<\/td><td>Partenariat, gouvernance partag\u00e9e<\/td><\/tr><\/tbody><\/table><\/figure>\n\n\n\n<p class=\"wp-block-paragraph\">En somme, notre <mark style=\"background-color:rgba(0, 0, 0, 0);color:#ff6900\" class=\"has-inline-color\">Mouvement Droite Moderniste<\/mark> privil\u00e9gie une redistribution qui soit \u00e0 la fois plus <strong>personnalis\u00e9e, responsable et novatrice<\/strong>, afin de mieux soutenir l\u2019\u00e9galit\u00e9 des chances, d\u2019assurer la soutenabilit\u00e9 budg\u00e9taire et de r\u00e9pondre avec souplesse aux nouveaux d\u00e9fis sociaux de la Belgique.<\/p>\n\n\n\n<p class=\"wp-block-paragraph\"><\/p>\n","protected":false},"excerpt":{"rendered":"<p>La droite moderniste du MDM, distincte de la droite conservatrice, cherche \u00e0 r\u00e9inventer la redistribution sociale autour de l\u2019efficacit\u00e9, de l\u2019\u00e9quit\u00e9, et de la stimulation de l\u2019autonomie, tout en restant fid\u00e8le \u00e0 l\u2019id\u00e9al d\u2019innovation et de coh\u00e9sion sociale. Voici comment cette refonte pourrait s\u2019articuler&nbsp;: 1. Redistribution personnalis\u00e9e et incitative 2. Fiscalit\u00e9 et transferts repens\u00e9s pour [&hellip;]<\/p>\n","protected":false},"author":1,"featured_media":0,"comment_status":"open","ping_status":"open","sticky":false,"template":"","format":"standard","meta":{"_monsterinsights_skip_tracking":false,"_uf_show_specific_survey":0,"_uf_disable_surveys":false,"footnotes":""},"categories":[10],"tags":[],"class_list":["post-773","post","type-post","status-publish","format-standard","hentry","category-securite-sociale"],"_links":{"self":[{"href":"https:\/\/droitemoderniste.be\/index.php\/wp-json\/wp\/v2\/posts\/773","targetHints":{"allow":["GET"]}}],"collection":[{"href":"https:\/\/droitemoderniste.be\/index.php\/wp-json\/wp\/v2\/posts"}],"about":[{"href":"https:\/\/droitemoderniste.be\/index.php\/wp-json\/wp\/v2\/types\/post"}],"author":[{"embeddable":true,"href":"https:\/\/droitemoderniste.be\/index.php\/wp-json\/wp\/v2\/users\/1"}],"replies":[{"embeddable":true,"href":"https:\/\/droitemoderniste.be\/index.php\/wp-json\/wp\/v2\/comments?post=773"}],"version-history":[{"count":2,"href":"https:\/\/droitemoderniste.be\/index.php\/wp-json\/wp\/v2\/posts\/773\/revisions"}],"predecessor-version":[{"id":776,"href":"https:\/\/droitemoderniste.be\/index.php\/wp-json\/wp\/v2\/posts\/773\/revisions\/776"}],"wp:attachment":[{"href":"https:\/\/droitemoderniste.be\/index.php\/wp-json\/wp\/v2\/media?parent=773"}],"wp:term":[{"taxonomy":"category","embeddable":true,"href":"https:\/\/droitemoderniste.be\/index.php\/wp-json\/wp\/v2\/categories?post=773"},{"taxonomy":"post_tag","embeddable":true,"href":"https:\/\/droitemoderniste.be\/index.php\/wp-json\/wp\/v2\/tags?post=773"}],"curies":[{"name":"wp","href":"https:\/\/api.w.org\/{rel}","templated":true}]}}