{"id":768,"date":"2025-08-16T08:31:45","date_gmt":"2025-08-16T06:31:45","guid":{"rendered":"https:\/\/droitemoderniste.be\/?p=768"},"modified":"2025-08-16T08:31:45","modified_gmt":"2025-08-16T06:31:45","slug":"lattachement-a-la-democratie-central-dans-le-discours-populiste","status":"publish","type":"post","link":"https:\/\/droitemoderniste.be\/index.php\/2025\/08\/16\/lattachement-a-la-democratie-central-dans-le-discours-populiste\/","title":{"rendered":"L&rsquo;attachement \u00e0 la d\u00e9mocratie, central dans le discours populiste"},"content":{"rendered":"\n<figure class=\"wp-block-image size-full\"><img loading=\"lazy\" decoding=\"async\" width=\"317\" height=\"159\" src=\"https:\/\/droitemoderniste.be\/wp-content\/uploads\/2025\/08\/peuple-b1.jpg\" alt=\"\" class=\"wp-image-769\" srcset=\"https:\/\/droitemoderniste.be\/wp-content\/uploads\/2025\/08\/peuple-b1.jpg 317w, https:\/\/droitemoderniste.be\/wp-content\/uploads\/2025\/08\/peuple-b1-300x150.jpg 300w\" sizes=\"auto, (max-width: 317px) 100vw, 317px\" \/><\/figure>\n\n\n\n<p class=\"wp-block-paragraph\">L\u2019attachement revendiqu\u00e9 \u00e0 la d\u00e9mocratie, central dans le discours populiste, contribue fortement \u00e0 leur popularit\u00e9 car il r\u00e9pond \u00e0 une demande importante de participation directe et de \u00ab\u00a0reprise de contr\u00f4le\u00a0\u00bb du citoyen.<\/p>\n\n\n\n<p class=\"wp-block-paragraph\">Concr\u00e8tement :<\/p>\n\n\n\n<ul class=\"wp-block-list\">\n<li><strong>Promesse de redonner la parole au peuple<\/strong>\u202f: Les partis populistes d\u00e9noncent la d\u00e9mocratie repr\u00e9sentative jug\u00e9e \u00e9loign\u00e9e et promeuvent des instruments de d\u00e9mocratie directe (r\u00e9f\u00e9rendums, consultations populaires, \u00ab\u00a0mandat imp\u00e9ratif\u00a0\u00bb pour les d\u00e9put\u00e9s). Ils valorisent l\u2019id\u00e9e que \u00ab\u00a0le peuple d\u00e9cide\u00a0\u00bb, ce qui s\u00e9duit des citoyens frustr\u00e9s de ne pas \u00eatre entendus dans le syst\u00e8me actuel.<\/li>\n\n\n\n<li><strong>Critique et d\u00e9fiance du syst\u00e8me en place<\/strong>\u202f: En se pr\u00e9sentant comme d\u00e9fenseurs d\u2019une \u00ab\u00a0vraie\u00a0\u00bb d\u00e9mocratie, plus transparente et r\u00e9active, les populistes surfent sur la d\u00e9fiance envers les \u00e9lites et institutions accus\u00e9es de monopolisent le pouvoir ou d\u2019ignorer les besoins r\u00e9els de la population.<\/li>\n\n\n\n<li><strong>Satisfaction de la demande de reconnaissance politique<\/strong>\u202f: Beaucoup d\u2019\u00e9lecteurs ont le sentiment d\u2019\u00eatre d\u00e9laiss\u00e9s ou m\u00e9pris\u00e9s par les d\u00e9cideurs. Le populisme, en insistant sur le contr\u00f4le citoyen et l\u2019inclusion de tous dans la d\u00e9cision publique, affirme r\u00e9pondre concr\u00e8tement \u00e0 ce ressenti.<\/li>\n\n\n\n<li><strong>Ad\u00e9quation avec un id\u00e9al d\u00e9mocratique largement partag\u00e9<\/strong> : L\u2019attachement fort des Europ\u00e9ens \u00e0 la d\u00e9mocratie et \u00e0 l\u2019\u00c9tat de droit reste massif (pr\u00e8s de 90\u202f% selon Eurobarom\u00e8tre 2024). Les partis populistes surfent sur cette aspiration fondamentale, tout en promettant de la renouveler ou de la \u00ab\u00a0sauver\u00a0\u00bb de ses d\u00e9rives technocratiques ou oligarchiques.<\/li>\n<\/ul>\n\n\n\n<p class=\"wp-block-paragraph\">Ainsi, cet attachement affich\u00e9 \u00e0 la d\u00e9mocratie permet aux partis populistes de s\u2019\u00e9riger en porteurs de la volont\u00e9 g\u00e9n\u00e9rale tout en justifiant leur contestation des institutions existantes, ce qui accro\u00eet leur l\u00e9gitimit\u00e9 et leur attrait.<\/p>\n","protected":false},"excerpt":{"rendered":"<p>L\u2019attachement revendiqu\u00e9 \u00e0 la d\u00e9mocratie, central dans le discours populiste, contribue fortement \u00e0 leur popularit\u00e9 car il r\u00e9pond \u00e0 une demande importante de participation directe et de \u00ab\u00a0reprise de contr\u00f4le\u00a0\u00bb du citoyen. Concr\u00e8tement : Ainsi, cet attachement affich\u00e9 \u00e0 la d\u00e9mocratie permet aux partis populistes de s\u2019\u00e9riger en porteurs de la volont\u00e9 g\u00e9n\u00e9rale tout en [&hellip;]<\/p>\n","protected":false},"author":1,"featured_media":0,"comment_status":"open","ping_status":"open","sticky":false,"template":"","format":"standard","meta":{"_monsterinsights_skip_tracking":false,"_uf_show_specific_survey":0,"_uf_disable_surveys":false,"footnotes":""},"categories":[22],"tags":[],"class_list":["post-768","post","type-post","status-publish","format-standard","hentry","category-democratie"],"_links":{"self":[{"href":"https:\/\/droitemoderniste.be\/index.php\/wp-json\/wp\/v2\/posts\/768","targetHints":{"allow":["GET"]}}],"collection":[{"href":"https:\/\/droitemoderniste.be\/index.php\/wp-json\/wp\/v2\/posts"}],"about":[{"href":"https:\/\/droitemoderniste.be\/index.php\/wp-json\/wp\/v2\/types\/post"}],"author":[{"embeddable":true,"href":"https:\/\/droitemoderniste.be\/index.php\/wp-json\/wp\/v2\/users\/1"}],"replies":[{"embeddable":true,"href":"https:\/\/droitemoderniste.be\/index.php\/wp-json\/wp\/v2\/comments?post=768"}],"version-history":[{"count":1,"href":"https:\/\/droitemoderniste.be\/index.php\/wp-json\/wp\/v2\/posts\/768\/revisions"}],"predecessor-version":[{"id":770,"href":"https:\/\/droitemoderniste.be\/index.php\/wp-json\/wp\/v2\/posts\/768\/revisions\/770"}],"wp:attachment":[{"href":"https:\/\/droitemoderniste.be\/index.php\/wp-json\/wp\/v2\/media?parent=768"}],"wp:term":[{"taxonomy":"category","embeddable":true,"href":"https:\/\/droitemoderniste.be\/index.php\/wp-json\/wp\/v2\/categories?post=768"},{"taxonomy":"post_tag","embeddable":true,"href":"https:\/\/droitemoderniste.be\/index.php\/wp-json\/wp\/v2\/tags?post=768"}],"curies":[{"name":"wp","href":"https:\/\/api.w.org\/{rel}","templated":true}]}}