{"id":765,"date":"2025-08-15T14:25:21","date_gmt":"2025-08-15T12:25:21","guid":{"rendered":"https:\/\/droitemoderniste.be\/?p=765"},"modified":"2025-08-15T14:25:21","modified_gmt":"2025-08-15T12:25:21","slug":"moderniser-la-politique-sociale","status":"publish","type":"post","link":"https:\/\/droitemoderniste.be\/index.php\/2025\/08\/15\/moderniser-la-politique-sociale\/","title":{"rendered":"Moderniser la politique sociale"},"content":{"rendered":"\n<figure class=\"wp-block-image size-full\"><img loading=\"lazy\" decoding=\"async\" width=\"310\" height=\"163\" src=\"https:\/\/droitemoderniste.be\/wp-content\/uploads\/2025\/08\/parite.jpg\" alt=\"\" class=\"wp-image-766\" srcset=\"https:\/\/droitemoderniste.be\/wp-content\/uploads\/2025\/08\/parite.jpg 310w, https:\/\/droitemoderniste.be\/wp-content\/uploads\/2025\/08\/parite-300x158.jpg 300w\" sizes=\"auto, (max-width: 310px) 100vw, 310px\" \/><\/figure>\n\n\n\n<p class=\"wp-block-paragraph\"><mark style=\"background-color:rgba(0, 0, 0, 0);color:#ff6900\" class=\"has-inline-color\">Mouvement Droite Moderniste (MDM)<\/mark> se distingue des droites traditionnelles par sa capacit\u00e9 \u00e0 r\u00e9concilier efficacit\u00e9, innovation et justice sociale, tout en rompant avec le repli conservateur et la tentation d\u2019un repli strictement gestionnaire ou r\u00e9pressif.<\/p>\n\n\n\n<p class=\"wp-block-paragraph\">Voici comment cette modernisation pourrait se traduire dans la politique sociale belge :<\/p>\n\n\n\n<p class=\"wp-block-paragraph\"><strong>1. Refondre le contrat social pour favoriser autonomie et inclusion<\/strong><\/p>\n\n\n\n<ul class=\"wp-block-list\">\n<li><strong>Responsabilisation sans stigmatisation<\/strong> : Plut\u00f4t que de voir l\u2019accompagnement social comme une simple \u00ab activation \u00bb punitive, <mark style=\"background-color:rgba(0, 0, 0, 0);color:#ff6900\" class=\"has-inline-color\">MDM <\/mark>misera sur l\u2019investissement dans l\u2019inclusion, la formation tout au long de la vie, l\u2019individualisation des parcours et la flexis\u00e9curit\u00e9, \u00e9vitant d\u2019associer pr\u00e9carit\u00e9 et \u00ab faute \u00bb individuelle.<\/li>\n\n\n\n<li><strong>Droits et devoirs actualis\u00e9s<\/strong> : Repenser la s\u00e9curit\u00e9 sociale en valorisant le principe d\u2019\u201cautonomie responsable\u201d, par exemple en conditionnant une part de l\u2019aide \u00e0 des d\u00e9marches d\u2019int\u00e9gration ou de requalification, mais dans un cadre positif.<\/li>\n<\/ul>\n\n\n\n<p class=\"wp-block-paragraph\"><strong>2. Donner la priorit\u00e9 \u00e0 l\u2019innovation sociale et technologique<\/strong><\/p>\n\n\n\n<ul class=\"wp-block-list\">\n<li><strong>Mobilisation du num\u00e9rique<\/strong> : Utiliser l\u2019intelligence artificielle et la data pour mieux cibler les aides, d\u00e9tecter la pr\u00e9carit\u00e9 cach\u00e9e, et \u00e9valuer l\u2019impact r\u00e9el des politiques en temps r\u00e9el.<\/li>\n\n\n\n<li><strong>Soutien aux entreprises sociales innovantes<\/strong> : Accorder des incitants et simplifier l\u2019acc\u00e8s aux financements publics pour les startups sociales et les acteurs proposant des r\u00e9ponses in\u00e9dites \u00e0 la pauvret\u00e9, \u00e0 la d\u00e9pendance ou au vieillissement, sur le mod\u00e8le de l\u2019\u00e9conomie num\u00e9rique.<\/li>\n\n\n\n<li><strong>Exp\u00e9rimentation<\/strong> : Ouvrir le droit social \u00e0 la logique \u00ab d\u2019essai-erreur \u00bb, en autorisant des exp\u00e9rimentations locales ou sectorielles (revenu de transition, cr\u00e9dits d\u2019imp\u00f4t personnalis\u00e9s, dispositifs d\u2019insertion atypiques).<\/li>\n<\/ul>\n\n\n\n<p class=\"wp-block-paragraph\"><strong>3. All\u00e9ger et adapter l\u2019intervention publique pour plus d\u2019efficacit\u00e9<\/strong><\/p>\n\n\n\n<ul class=\"wp-block-list\">\n<li><strong>Simplification radicale<\/strong> : R\u00e9duire la complexit\u00e9 administrative et les syst\u00e8mes d\u2019aide pour garantir la lisibilit\u00e9 et l\u2019accessibilit\u00e9 \u00e0 tous, en s\u2019inspirant des r\u00e9formes dites de \u201c<em>design thinking<\/em>\u201d dans le secteur public.<\/li>\n\n\n\n<li><strong>D\u00e9centralisation intelligente<\/strong> : Confier davantage de comp\u00e9tences aux niveaux local et r\u00e9gional pour adapter les r\u00e9ponses sociales \u00e0 la diversit\u00e9 des territoires, tout en maintenant des indicateurs nationaux robustes d\u2019\u00e9valuation.<\/li>\n<\/ul>\n\n\n\n<p class=\"wp-block-paragraph\"><strong>4. Justice sociale et mobilit\u00e9 : le double pari<\/strong><\/p>\n\n\n\n<ul class=\"wp-block-list\">\n<li><strong>Promouvoir la mobilit\u00e9 sociale<\/strong> : Investir dans l\u2019\u00e9ducation et la formation pour r\u00e9duire la reproduction des in\u00e9galit\u00e9s d\u2019une g\u00e9n\u00e9ration \u00e0 l\u2019autre.<\/li>\n\n\n\n<li><strong>Fiscalit\u00e9 incitative mais \u00e9quitable<\/strong> : R\u00e9former la fiscalit\u00e9 pour soutenir le travail et l\u2019innovation, tout en garantissant un financement p\u00e9renne des droits sociaux fondamentaux gr\u00e2ce \u00e0 des pr\u00e9l\u00e8vements cibl\u00e9s sur les rentes et les revenus du capital, mais sans recours \u00e0 l\u2019aust\u00e9rit\u00e9 g\u00e9n\u00e9ralis\u00e9e.<\/li>\n<\/ul>\n\n\n\n<p class=\"wp-block-paragraph\"><strong>5. Engager la soci\u00e9t\u00e9 civile dans la coconstruction<\/strong><\/p>\n\n\n\n<ul class=\"wp-block-list\">\n<li><strong>Partenariats publics-priv\u00e9s et associatifs<\/strong> : Associer les mutualit\u00e9s, associations et entreprises \u00e0 la construction des nouveaux dispositifs, dans une logique de gouvernance partag\u00e9e et d\u2019innovation ouverte.<\/li>\n<\/ul>\n\n\n\n<p class=\"wp-block-paragraph\"><strong>Ce qui distingue une droite moderniste<\/strong><\/p>\n\n\n\n<figure class=\"wp-block-table\"><table class=\"has-fixed-layout\"><thead><tr><td><strong>Axe<\/strong><\/td><td><strong>Droite conservatrice<\/strong><\/td><td><strong>Droite moderniste<\/strong><\/td><\/tr><\/thead><tbody><tr><td>S\u00e9curit\u00e9 sociale<\/td><td>Restrictive, activation punitive<\/td><td>Pr\u00e9vention, mobilit\u00e9 sociale, autonomie<\/td><\/tr><tr><td>Innovation sociale<\/td><td>Peu valoris\u00e9e, logique march\u00e9<\/td><td>Soutien actif, exp\u00e9rimentations multiples<\/td><\/tr><tr><td>Administration<\/td><td>Complexit\u00e9 maintenue<\/td><td>Simplification radicale<\/td><\/tr><tr><td>Territoires<\/td><td>Approche centralis\u00e9e<\/td><td>D\u00e9centralisation intelligente<\/td><\/tr><tr><td>Soci\u00e9t\u00e9 civile<\/td><td>Approche verticale<\/td><td>Coconstruction et partenariats<\/td><\/tr><\/tbody><\/table><\/figure>\n\n\n\n<p class=\"wp-block-paragraph\">En misant sur la capacit\u00e9 \u00e0 moderniser les outils et \u00e0 innover sans exclure ni stigmatiser, <mark style=\"background-color:rgba(0, 0, 0, 0);color:#ff6900\" class=\"has-inline-color\">MDM <\/mark>cherchera \u00e0 d\u00e9passer le clivage traditionnel en promouvant une politique sociale <strong>inclusive, adapt\u00e9e au XXIe si\u00e8cle<\/strong>, et r\u00e9solument tourn\u00e9e vers la cr\u00e9ation d\u2019opportunit\u00e9s pour tous.<\/p>\n\n\n\n<p class=\"wp-block-paragraph\"><\/p>\n","protected":false},"excerpt":{"rendered":"<p>Mouvement Droite Moderniste (MDM) se distingue des droites traditionnelles par sa capacit\u00e9 \u00e0 r\u00e9concilier efficacit\u00e9, innovation et justice sociale, tout en rompant avec le repli conservateur et la tentation d\u2019un repli strictement gestionnaire ou r\u00e9pressif. Voici comment cette modernisation pourrait se traduire dans la politique sociale belge : 1. Refondre le contrat social pour favoriser [&hellip;]<\/p>\n","protected":false},"author":1,"featured_media":0,"comment_status":"open","ping_status":"open","sticky":false,"template":"","format":"standard","meta":{"_monsterinsights_skip_tracking":false,"_uf_show_specific_survey":0,"_uf_disable_surveys":false,"footnotes":""},"categories":[10],"tags":[],"class_list":["post-765","post","type-post","status-publish","format-standard","hentry","category-securite-sociale"],"_links":{"self":[{"href":"https:\/\/droitemoderniste.be\/index.php\/wp-json\/wp\/v2\/posts\/765","targetHints":{"allow":["GET"]}}],"collection":[{"href":"https:\/\/droitemoderniste.be\/index.php\/wp-json\/wp\/v2\/posts"}],"about":[{"href":"https:\/\/droitemoderniste.be\/index.php\/wp-json\/wp\/v2\/types\/post"}],"author":[{"embeddable":true,"href":"https:\/\/droitemoderniste.be\/index.php\/wp-json\/wp\/v2\/users\/1"}],"replies":[{"embeddable":true,"href":"https:\/\/droitemoderniste.be\/index.php\/wp-json\/wp\/v2\/comments?post=765"}],"version-history":[{"count":1,"href":"https:\/\/droitemoderniste.be\/index.php\/wp-json\/wp\/v2\/posts\/765\/revisions"}],"predecessor-version":[{"id":767,"href":"https:\/\/droitemoderniste.be\/index.php\/wp-json\/wp\/v2\/posts\/765\/revisions\/767"}],"wp:attachment":[{"href":"https:\/\/droitemoderniste.be\/index.php\/wp-json\/wp\/v2\/media?parent=765"}],"wp:term":[{"taxonomy":"category","embeddable":true,"href":"https:\/\/droitemoderniste.be\/index.php\/wp-json\/wp\/v2\/categories?post=765"},{"taxonomy":"post_tag","embeddable":true,"href":"https:\/\/droitemoderniste.be\/index.php\/wp-json\/wp\/v2\/tags?post=765"}],"curies":[{"name":"wp","href":"https:\/\/api.w.org\/{rel}","templated":true}]}}