{"id":739,"date":"2025-08-14T09:47:55","date_gmt":"2025-08-14T07:47:55","guid":{"rendered":"https:\/\/droitemoderniste.be\/?p=739"},"modified":"2025-08-14T09:47:55","modified_gmt":"2025-08-14T07:47:55","slug":"pourquoi-le-populisme-est-il-si-populaire-en-belgique","status":"publish","type":"post","link":"https:\/\/droitemoderniste.be\/index.php\/2025\/08\/14\/pourquoi-le-populisme-est-il-si-populaire-en-belgique\/","title":{"rendered":"Pourquoi le populisme est-il si populaire en Belgique?"},"content":{"rendered":"\n<figure class=\"wp-block-image size-full\"><img loading=\"lazy\" decoding=\"async\" width=\"290\" height=\"174\" src=\"https:\/\/droitemoderniste.be\/wp-content\/uploads\/2025\/08\/populismeA.jpg\" alt=\"\" class=\"wp-image-740\"\/><\/figure>\n\n\n\n<p class=\"wp-block-paragraph\">Le populisme est populaire en Belgique parce qu\u2019il exploite le sentiment d\u2019opposition entre \u00ab\u00a0le peuple\u00a0\u00bb et \u00ab\u00a0les \u00e9lites\u00a0\u00bb, s\u2019adapte aux sp\u00e9cificit\u00e9s belges, et b\u00e9n\u00e9ficie de dynamiques politiques et sociales propres au pays.<\/p>\n\n\n\n<p class=\"wp-block-paragraph\">Plusieurs facteurs expliquent cette popularit\u00e9 :<\/p>\n\n\n\n<ul class=\"wp-block-list\">\n<li><strong>Crise de confiance envers les \u00e9lites<\/strong> : Le populisme prosp\u00e8re en p\u00e9riode de m\u00e9fiance envers les \u00e9lites politiques, \u00e9conomiques ou m\u00e9diatiques, sentiment exacerb\u00e9 par diverses crises (\u00e9conomiques, identitaires, etc.). Songez \u00e0 la d\u00e9saffection des Belges pour la politique\u00a0: les abstentionnistes repr\u00e9sentaient environ 18 % du corps \u00e9lectoral aux derni\u00e8res \u00e9lections de juin 2024.<\/li>\n\n\n\n<li><strong>Adaptabilit\u00e9 aux identit\u00e9s locales<\/strong> : En Belgique, le populisme prend des formes vari\u00e9es, s\u2019articulant tant\u00f4t autour de l\u2019identit\u00e9 flamande (Vlaams Belang), tant\u00f4t sur un clivage gauche-droite (PTB). L\u2019identit\u00e9 r\u00e9gionale ou linguistique, en particulier en Flandre, favorise l\u2019\u00e9mergence d\u2019acteurs populistes qui mobilisent ces th\u00e8mes. Songez que dans un nombre croissant de communes les identit\u00e9s ethniques et religieuses deviennent de plus en plus pr\u00e9gnantes.<\/li>\n\n\n\n<li><strong>R\u00e9activit\u00e9 aux enjeux d\u00e9mocratiques<\/strong> : Les partis populistes se pr\u00e9sentent fr\u00e9quemment comme les \u00ab\u00a0d\u00e9fenseurs de la vraie d\u00e9mocratie\u00a0\u00bb, d\u00e9non\u00e7ant la d\u00e9mocratie repr\u00e9sentative classique et pr\u00e9tendant redonner la parole aux \u00ab\u00a0vrais gens\u00a0\u00bb. Songez que les d\u00e9put\u00e9s ne nous repr\u00e9sentent pas vraiment puisqu\u2019une fois \u00e9lus ils font ce qu\u2019ils veulent et ils ind\u00e9boulonnables jusqu\u2019\u00e0 la fin de leur mandat.<\/li>\n\n\n\n<li><strong>Affaiblissement des anciens clivages et des partis traditionnels<\/strong> : Le recul des partis traditionnels et l\u2019\u00e9rosion de certains piliers (syndicats, associations) cr\u00e9ent un espace pour de nouveaux acteurs politiques capables de capter les frustrations populaires.<\/li>\n\n\n\n<li><strong>Offre politique et syst\u00e8me \u00e9lectoral<\/strong> : Le paysage politique belge, marqu\u00e9 par une fragmentation et une offre diversifi\u00e9e, a laiss\u00e9 la place \u00e0 une mont\u00e9e simultan\u00e9e de partis populistes \u00e0 gauche (PTB) et \u00e0 droite (VB).<\/li>\n<\/ul>\n\n\n\n<p class=\"wp-block-paragraph\">\u00c0 noter que la popularit\u00e9 du populisme est souvent plus marqu\u00e9e en Flandre (VB, N-VA) qu\u2019en Wallonie, o\u00f9 le tissu associatif et syndical continue \u00e0 r\u00e9sister davantage \u00e0 l\u2019extr\u00eame droite et au populisme. La structure f\u00e9d\u00e9rale et les identit\u00e9s multiples en Belgique cr\u00e9ent donc des terrains favorables mais diff\u00e9renci\u00e9s pour l\u2019essor de mouvements populistes.<\/p>\n\n\n\n<p class=\"wp-block-paragraph\">En r\u00e9sum\u00e9, le populisme en Belgique est populaire parce qu\u2019il parvient \u00e0 r\u00e9pondre \u00e0 des attentes non satisfaites par les partis traditionnels, utilise efficacement la critique des \u00e9lites et s\u2019appuie sur les sp\u00e9cificit\u00e9s sociales, historiques et institutionnelles du pays.<\/p>\n","protected":false},"excerpt":{"rendered":"<p>Le populisme est populaire en Belgique parce qu\u2019il exploite le sentiment d\u2019opposition entre \u00ab\u00a0le peuple\u00a0\u00bb et \u00ab\u00a0les \u00e9lites\u00a0\u00bb, s\u2019adapte aux sp\u00e9cificit\u00e9s belges, et b\u00e9n\u00e9ficie de dynamiques politiques et sociales propres au pays. Plusieurs facteurs expliquent cette popularit\u00e9 : \u00c0 noter que la popularit\u00e9 du populisme est souvent plus marqu\u00e9e en Flandre (VB, N-VA) qu\u2019en Wallonie, [&hellip;]<\/p>\n","protected":false},"author":1,"featured_media":0,"comment_status":"open","ping_status":"open","sticky":false,"template":"","format":"standard","meta":{"_monsterinsights_skip_tracking":false,"_uf_show_specific_survey":0,"_uf_disable_surveys":false,"footnotes":""},"categories":[22],"tags":[],"class_list":["post-739","post","type-post","status-publish","format-standard","hentry","category-democratie"],"_links":{"self":[{"href":"https:\/\/droitemoderniste.be\/index.php\/wp-json\/wp\/v2\/posts\/739","targetHints":{"allow":["GET"]}}],"collection":[{"href":"https:\/\/droitemoderniste.be\/index.php\/wp-json\/wp\/v2\/posts"}],"about":[{"href":"https:\/\/droitemoderniste.be\/index.php\/wp-json\/wp\/v2\/types\/post"}],"author":[{"embeddable":true,"href":"https:\/\/droitemoderniste.be\/index.php\/wp-json\/wp\/v2\/users\/1"}],"replies":[{"embeddable":true,"href":"https:\/\/droitemoderniste.be\/index.php\/wp-json\/wp\/v2\/comments?post=739"}],"version-history":[{"count":1,"href":"https:\/\/droitemoderniste.be\/index.php\/wp-json\/wp\/v2\/posts\/739\/revisions"}],"predecessor-version":[{"id":741,"href":"https:\/\/droitemoderniste.be\/index.php\/wp-json\/wp\/v2\/posts\/739\/revisions\/741"}],"wp:attachment":[{"href":"https:\/\/droitemoderniste.be\/index.php\/wp-json\/wp\/v2\/media?parent=739"}],"wp:term":[{"taxonomy":"category","embeddable":true,"href":"https:\/\/droitemoderniste.be\/index.php\/wp-json\/wp\/v2\/categories?post=739"},{"taxonomy":"post_tag","embeddable":true,"href":"https:\/\/droitemoderniste.be\/index.php\/wp-json\/wp\/v2\/tags?post=739"}],"curies":[{"name":"wp","href":"https:\/\/api.w.org\/{rel}","templated":true}]}}