{"id":733,"date":"2025-08-12T09:57:38","date_gmt":"2025-08-12T07:57:38","guid":{"rendered":"https:\/\/droitemoderniste.be\/?p=733"},"modified":"2025-08-12T09:57:38","modified_gmt":"2025-08-12T07:57:38","slug":"populiste-et-alors","status":"publish","type":"post","link":"https:\/\/droitemoderniste.be\/index.php\/2025\/08\/12\/populiste-et-alors\/","title":{"rendered":"Populiste? Et alors?"},"content":{"rendered":"\n<figure class=\"wp-block-image size-full\"><img loading=\"lazy\" decoding=\"async\" width=\"300\" height=\"168\" src=\"https:\/\/droitemoderniste.be\/wp-content\/uploads\/2025\/08\/popu1.jpg\" alt=\"\" class=\"wp-image-734\"\/><\/figure>\n\n\n\n<p class=\"wp-block-paragraph\">La protestation populiste exprime fondamentalement une demande de d\u00e9mocratie et non un rejet de la d\u00e9mocratie (comme le plaident \u00e0 l\u2019envi ses innombrables d\u00e9tracteurs).<\/p>\n\n\n\n<p class=\"wp-block-paragraph\">Commen\u00e7ons par balayer le clich\u00e9 en forme d\u2019\u00e9pouvantail du \u00ab\u00a0retour des ann\u00e9es 1930\u00a0\u00bb.<\/p>\n\n\n\n<p class=\"wp-block-paragraph\">Ce clich\u00e9 ne t\u00e9moigne que de l\u2019ignorance historique de ses utilisateurs quant \u00e0 ce que pouvaient \u00eatre les organisations totalitaires et leurs id\u00e9ologies. N\u2019en d\u00e9plaise \u00e0 certains, nos Musulmans d\u2019aujourd\u2019hui ne sont pas les Juifs de l\u2019Allemagne hitl\u00e9rienne&nbsp;!<\/p>\n\n\n\n<p class=\"wp-block-paragraph\">Les populismes sont de leur temps, pour le meilleur et pour le pire. Ils sont les enfants de la soci\u00e9t\u00e9 des individus, des m\u00e9dias et des r\u00e9seaux sociaux. C\u2019est ce qui fait de leur d\u00e9marche protestataire <strong>plus un style politique qu\u2019une identit\u00e9 constitu\u00e9e<\/strong>.<\/p>\n\n\n\n<p class=\"wp-block-paragraph\">Autre confusion \u00e0 dissiper&nbsp;: l\u2019amalgame avec les autoritarismes et autres d\u00e9mocratures qui fleurissent en divers points du globe.<\/p>\n\n\n\n<p class=\"wp-block-paragraph\">S\u2019il est exact qu\u2019il existe un certain appel \u00e0 l\u2019autorit\u00e9 dans les populismes, c\u2019est une autorit\u00e9 d\u2019un tout autre ordre que celle des n\u00e9o-dictateurs.<\/p>\n\n\n\n<p class=\"wp-block-paragraph\">C\u2019est l\u2019autorit\u00e9 des choix d\u00e9mocratiques, pr\u00e9cis\u00e9ment, contourn\u00e9e, voire tendanciellement \u00e9cart\u00e9e de nos r\u00e9gimes, tant\u00f4t au nom de contraintes pr\u00e9sent\u00e9es comme incontournables, tant\u00f4t au nom de normes soustraites \u00e0 la d\u00e9cision majoritaire. Une tendance qui devrait pr\u00e9occuper davantage les v\u00e9ritables amis de la d\u00e9mocratie.<\/p>\n\n\n\n<p class=\"wp-block-paragraph\">Toujours est-il que les populistes sont l\u00e0 pour nous rappeler que la d\u00e9mocratie, c\u2019est aussi la souverainet\u00e9 du peuple.<\/p>\n\n\n\n<p class=\"wp-block-paragraph\">Le populisme ne nous ram\u00e8ne pas en arri\u00e8re et ne nous emm\u00e8ne pas ailleurs, dans des directions qui seraient \u00e9trang\u00e8res \u00e0 la philosophie fondamentale de nos r\u00e9gimes. Il est au contraire un ph\u00e9nom\u00e8ne interne aux d\u00e9mocraties occidentales.<\/p>\n\n\n\n<p class=\"wp-block-paragraph\">Il exprime une contradiction surgie dans leur \u00e9volution. Il est une r\u00e9action aux transformations qu\u2019elles ont connues sous l\u2019effet de la mondialisation, qu\u2019il s\u2019agisse du choc migratoire, de l\u2019appauvrissement des classes moyennes ou de la marginalisation des campagnes, toutes transformations qui se traduisent dans une d\u00e9possession des peuples et des nations de la ma\u00eetrise de leur destin.<\/p>\n\n\n\n<p class=\"wp-block-paragraph\">C\u2019est dire l\u2019enjeu du diagnostic. Il n\u2019oblige nullement \u00e0 \u00e9pouser une cause souvent entach\u00e9e de confusion et d\u2019exc\u00e8s, mais il impose de la prendre au s\u00e9rieux. De m\u00eame que la d\u00e9mocratie du XXe si\u00e8cle s\u2019est affermie en sachant r\u00e9pondre \u00e0 une question sociale qui la d\u00e9fiait au nom d\u2019une r\u00e9volution illusoire, la d\u00e9mocratie du XXIe si\u00e8cle devra r\u00e9pondre \u00e0 la question politique soulev\u00e9e par les populismes. Ils la rappellent \u00e0 ses principes constitutifs. Son plus grand p\u00e9ril serait d\u2019ignorer cette interpellation.<\/p>\n","protected":false},"excerpt":{"rendered":"<p>La protestation populiste exprime fondamentalement une demande de d\u00e9mocratie et non un rejet de la d\u00e9mocratie (comme le plaident \u00e0 l\u2019envi ses innombrables d\u00e9tracteurs). Commen\u00e7ons par balayer le clich\u00e9 en forme d\u2019\u00e9pouvantail du \u00ab\u00a0retour des ann\u00e9es 1930\u00a0\u00bb. Ce clich\u00e9 ne t\u00e9moigne que de l\u2019ignorance historique de ses utilisateurs quant \u00e0 ce que pouvaient \u00eatre les [&hellip;]<\/p>\n","protected":false},"author":1,"featured_media":0,"comment_status":"open","ping_status":"open","sticky":false,"template":"","format":"standard","meta":{"_monsterinsights_skip_tracking":false,"_uf_show_specific_survey":0,"_uf_disable_surveys":false,"footnotes":""},"categories":[22],"tags":[],"class_list":["post-733","post","type-post","status-publish","format-standard","hentry","category-democratie"],"_links":{"self":[{"href":"https:\/\/droitemoderniste.be\/index.php\/wp-json\/wp\/v2\/posts\/733","targetHints":{"allow":["GET"]}}],"collection":[{"href":"https:\/\/droitemoderniste.be\/index.php\/wp-json\/wp\/v2\/posts"}],"about":[{"href":"https:\/\/droitemoderniste.be\/index.php\/wp-json\/wp\/v2\/types\/post"}],"author":[{"embeddable":true,"href":"https:\/\/droitemoderniste.be\/index.php\/wp-json\/wp\/v2\/users\/1"}],"replies":[{"embeddable":true,"href":"https:\/\/droitemoderniste.be\/index.php\/wp-json\/wp\/v2\/comments?post=733"}],"version-history":[{"count":1,"href":"https:\/\/droitemoderniste.be\/index.php\/wp-json\/wp\/v2\/posts\/733\/revisions"}],"predecessor-version":[{"id":735,"href":"https:\/\/droitemoderniste.be\/index.php\/wp-json\/wp\/v2\/posts\/733\/revisions\/735"}],"wp:attachment":[{"href":"https:\/\/droitemoderniste.be\/index.php\/wp-json\/wp\/v2\/media?parent=733"}],"wp:term":[{"taxonomy":"category","embeddable":true,"href":"https:\/\/droitemoderniste.be\/index.php\/wp-json\/wp\/v2\/categories?post=733"},{"taxonomy":"post_tag","embeddable":true,"href":"https:\/\/droitemoderniste.be\/index.php\/wp-json\/wp\/v2\/tags?post=733"}],"curies":[{"name":"wp","href":"https:\/\/api.w.org\/{rel}","templated":true}]}}