{"id":723,"date":"2025-08-09T14:30:35","date_gmt":"2025-08-09T12:30:35","guid":{"rendered":"https:\/\/droitemoderniste.be\/?p=723"},"modified":"2025-08-09T14:30:35","modified_gmt":"2025-08-09T12:30:35","slug":"trois-idees-phares-pour-en-finir-avec-la-bouderie-electorale-endemique","status":"publish","type":"post","link":"https:\/\/droitemoderniste.be\/index.php\/2025\/08\/09\/trois-idees-phares-pour-en-finir-avec-la-bouderie-electorale-endemique\/","title":{"rendered":"Trois id\u00e9es phares pour en finir avec la bouderie \u00e9lectorale end\u00e9mique"},"content":{"rendered":"\n<figure class=\"wp-block-image size-full\"><img loading=\"lazy\" decoding=\"async\" width=\"583\" height=\"389\" src=\"https:\/\/droitemoderniste.be\/wp-content\/uploads\/2025\/08\/5f01eaa1-b45f-43b1-9b56-4f32a5847b8a-large.jpeg\" alt=\"\" class=\"wp-image-724\" srcset=\"https:\/\/droitemoderniste.be\/wp-content\/uploads\/2025\/08\/5f01eaa1-b45f-43b1-9b56-4f32a5847b8a-large.jpeg 583w, https:\/\/droitemoderniste.be\/wp-content\/uploads\/2025\/08\/5f01eaa1-b45f-43b1-9b56-4f32a5847b8a-large-300x200.jpeg 300w\" sizes=\"auto, (max-width: 583px) 100vw, 583px\" \/><\/figure>\n\n\n\n<p class=\"wp-block-paragraph\">En Belgique, la dynamique de d\u00e9prise \u00e9lectorale est f\u00e9roce&nbsp;: la <strong>l\u00e8pre abstentionniste<\/strong>, le <strong>chol\u00e9ra des votes blancs<\/strong>, le <strong>typhus des votes nuls<\/strong>, ont gagn\u00e9 depuis longtemps tous les rendez-vous majeurs de notre monarchie parlementaire, atteignant 17 % des \u00e9lecteurs. Et il n\u2019est pas exclu de voir le mal s\u2019\u00e9tendre aux toutes proches \u00e9lections si la dynamique de d\u00e9prise \u00e9lectorale se poursuit.<\/p>\n\n\n\n<p class=\"wp-block-paragraph\">On peut voir dans l\u2019ampleur ph\u00e9nom\u00e8ne abstentionniste (il concernait tout de m\u00eame&nbsp; 1,4 million d\u2019\u00e9lecteurs aux derni\u00e8res \u00e9lections r\u00e9gionales de 2024) (1) autant de signes que l\u2019on veut&nbsp;: celui de la <strong>paresse civique<\/strong>, comme celui d\u2019une <strong>maturit\u00e9 politique<\/strong> ou encore celui d\u2019un <strong>acte de r\u00e9sistance citoyenne<\/strong> (ind\u00e9tectable dans le cas des votants blanc ou nul)\u2026<\/p>\n\n\n\n<p class=\"wp-block-paragraph\">La recherche d\u2019explications \u00e0 l\u2019abstention massive lors de nos fr\u00e9quents scrutins s\u2019av\u00e8re d\u00e9cevante si l\u2019on y recherche un message positif. On peine \u00e0 trouver une adresse qui serait envoy\u00e9e aux gouvernants, aux \u00e9lus ou bien encore \u00e0 telle ou telle formation politique.<\/p>\n\n\n\n<p class=\"wp-block-paragraph\">Sollicit\u00e9s par les instituts de sondage, les abstentionnistes choisissent d\u2019abord les items relatifs \u00e0 l\u2019absence d\u2019enjeu, et plus pr\u00e9cis\u00e9ment le fait que leur vote ne changera rien \u00e0 leur sort personnel et pas davantage \u00e0 l\u2019action concr\u00e8te de leur r\u00e9gion, province ou commune. Il est bien difficile de leur donner tort.<\/p>\n\n\n\n<p class=\"wp-block-paragraph\">\u00c0 chaque fois malgr\u00e9 toute la rh\u00e9torique d\u00e9ploy\u00e9e durant la campagne \u00e9lectorale, comment penser qu\u2019un changement substantiel des politiques publiques pourrait survenir alors que l\u2019essentiel du budget de ces institutions est affect\u00e9 \u00e0 des d\u00e9penses contraintes&nbsp;?<\/p>\n\n\n\n<p class=\"wp-block-paragraph\">\u00c0 chaque fois donc, l\u2019issue du scrutin ne suscite ni r\u00e9elle esp\u00e9rance ni v\u00e9ritable crainte parmi les citoyens. D\u00e8s lors, un ab\u00eeme s\u00e9pare les \u00e9lecteurs et les cadres politiques, lesquels surinvestissent de sens le vote, ou le non-vote, de leurs concitoyens.<\/p>\n\n\n\n<p class=\"wp-block-paragraph\">En effet, hors l\u2019argument juridique du vote obligatoire, le principal myst\u00e8re \u00e9lectoral n\u2019est pas l\u2019abstention mais la participation. Pourquoi, \u00e0 une date donn\u00e9e, les gens d\u00e9cident-ils de transf\u00e9rer \u00e0 des personnes qu\u2019ils connaissent peu ou pas du tout leur parcelle personnelle de pouvoir&nbsp;?<\/p>\n\n\n\n<p class=\"wp-block-paragraph\">Pour enrayer la mont\u00e9e continue du d\u00e9sengagement \u00e9lectoral, et l\u2019usure d\u00e9mocratique nous avons un plan de r\u00e9g\u00e9n\u00e9ration d\u00e9mocratique, synth\u00e9tis\u00e9 en trois points cl\u00e9s&nbsp;:<\/p>\n\n\n\n<ol class=\"wp-block-list\">\n<li><strong>Changeons notre syst\u00e8me \u00e9lectoral<\/strong><\/li>\n<\/ol>\n\n\n\n<ol class=\"wp-block-list\"><\/ol>\n\n\n\n<p class=\"wp-block-paragraph\">Dans notre royaume il est toujours difficile de former un gouvernement parce qu\u2019on ne parvient \u00e0 chaque fois \u00e0 constituer une majorit\u00e9 qu\u2019au forceps en raison&nbsp; du double antagonisme qui existe d\u2019une part, entre la gauche et la droite, et d\u2019autre part, entre Flamands et Francophones. Avec cette particularit\u00e9 que n\u2019ont pas d\u2019autres pays plurilingues, comme la Suisse, qu\u2019il n\u2019existe gu\u00e8re de parti national.<\/p>\n\n\n\n<p class=\"wp-block-paragraph\">L\u2019impossibilit\u00e9 de d\u00e9gager une majorit\u00e9 r\u00e9sulte essentiellement de notre syst\u00e8me \u00e9lectoral. Ce n\u2019est pas un hasard si les trois pays occidentaux qui \u00e9prouvent \u00e0 chaque scrutin le plus de difficult\u00e9s \u00e0 former un gouvernement sont la Belgique, l\u2019Espagne et Isra\u00ebl, soit trois pays qui connaissent un syst\u00e8me dit \u00ab&nbsp;proportionnel&nbsp;\u00bb. Les Pays-Bas, qui appliquent le m\u00eame syst\u00e8me \u00e9lectoral, sont d\u2019ailleurs r\u00e9guli\u00e8rement affect\u00e9s du m\u00eame mal.<\/p>\n\n\n\n<p class=\"wp-block-paragraph\">L\u2019avantage du <strong>syst\u00e8me proportionnel<\/strong> est qu\u2019il refl\u00e8te de mani\u00e8re plus ou moins exacte les divers courants dans la soci\u00e9t\u00e9 et qu\u2019il assure une repr\u00e9sentation \u00e0 toute opinion disposant d\u2019un certain soutien. Mais il conduit toujours \u00e0 un \u00e9miettement de la repr\u00e9sentation parlementaire et rend plus&nbsp; complexe la constitution de coalitions. Et puis, il faut aussi tenir compte de la lassitude des \u00e9lecteurs face \u00e0 un syst\u00e8me de coalitions qui augmente la perception d\u2019impuissance.<\/p>\n\n\n\n<p class=\"wp-block-paragraph\">En revanche, le <strong>syst\u00e8me majoritaire<\/strong>, \u00e0 l\u2019anglaise (dans chaque circonscription, l\u2019\u00e9lu est celui qui a le plus de voix), ou \u00e0 la fran\u00e7aise (\u00e9lection en deux tours d\u2019un \u00e9lu dans chaque circonscription), d\u00e9gage presque toujours des majorit\u00e9s claires, et complique l\u2019apparition de partis extr\u00e9mistes&nbsp;: le Rassemblement national en sait quelque chose.<\/p>\n\n\n\n<p class=\"wp-block-paragraph\">Inversement, en Belgique, si le Vlaams Belang et le PTB sont si puissants qu\u2019ils le sont aujourd\u2019hui, ils le doivent au syst\u00e8me proportionnel parce qu\u2019ils auraient tr\u00e8s peu de chances d\u2019obtenir une majorit\u00e9 des voix, m\u00eame dans une seule circonscription. Or, l\u2019existence au Parlement de partis extr\u00eames, qui font l\u2019objet d\u2019un \u00ab&nbsp;cordon sanitaire&nbsp;\u00bb, complique encore la possibilit\u00e9 d\u2019un accord entre les partis plus mod\u00e9r\u00e9s.<\/p>\n\n\n\n<p class=\"wp-block-paragraph\">Si nos partis voulaient r\u00e9ellement rendre plus facile la constitution d\u2019un gouvernement, ils proposeraient de passer au scrutin majoritaire. S\u2019ils ne le font pas, c\u2019est notamment parce que celui-ci r\u00e9duit le pouvoir des organes centraux des partis.<\/p>\n\n\n\n<p class=\"wp-block-paragraph\">Dans notre syst\u00e8me proportionnel, les scrutins sont faits par listes, organis\u00e9s par le parti, et les parlementaires ont individuellement tr\u00e8s peu d\u2019autonomie. Ils savent que s\u2019ils ne votent pas suivant les instructions qu\u2019ils re\u00e7oivent, ils ont tr\u00e8s peu de chances de figurer encore en ordre utile lors des prochaines \u00e9lections.<\/p>\n\n\n\n<p class=\"wp-block-paragraph\">En revanche, dans le syst\u00e8me majoritaire \u2013 et c\u2019est une qualit\u00e9 suppl\u00e9mentaire de celui-ci \u2013 les partis accordent, circonscription par circonscription, une \u00ab&nbsp;investiture&nbsp;\u00bb, mais il est souvent arriv\u00e9 que des personnalit\u00e9s marquantes, bien implant\u00e9es, parviennent \u00e0 se faire \u00e9lire r\u00e9guli\u00e8rement sans disposer de cette investiture, ce qui leur donne beaucoup plus d\u2019ind\u00e9pendance, et une r\u00e9elle repr\u00e9sentativit\u00e9 de leurs \u00e9lecteurs.<\/p>\n\n\n\n<p class=\"wp-block-paragraph\">En outre, le syst\u00e8me majoritaire, dans lequel les listes de suppl\u00e9ants ainsi que l\u2019effet d\u00e9volutif de la case de t\u00eate (m\u00e9canismes trompeurs qui favorisent les candidats choisis par les partis plut\u00f4t que le choix des \u00e9lecteurs) sont supprim\u00e9s, facilite le renforcement du choix de l\u2019\u00e9lecteur.<\/p>\n\n\n\n<p class=\"wp-block-paragraph\">Il est vrai que si l\u2019on introduisait en Belgique le scrutin majoritaire, on verrait sans doute se f\u00e9d\u00e9rer un grand parti de centre-droit en Flandre et un grand parti de centre-gauche en Wallonie et que cela pourrait conduire \u00e0 la scission du pays.<\/p>\n\n\n\n<p class=\"wp-block-paragraph\">Ce n\u2019est jamais, faut-il le dire, qu\u2019une expression plus nette d\u2019une situation qui est d\u00e9j\u00e0 existante, confirm\u00e9e par l\u2019incapacit\u00e9 du PS et de la N-VA \u00e0 s\u2019entendre. S\u2019il devait appara\u00eetre que telle est la volont\u00e9 des \u00e9lecteurs, faudrait-il vraiment s\u2019acharner \u00e0 emp\u00eacher qu\u2019elle se concr\u00e9tise, en cherchant encore des accords entre de multiples petits partis tr\u00e8s peu repr\u00e9sentatifs de l\u2019opinion de leur r\u00e9gion&nbsp;?<\/p>\n\n\n\n<p class=\"wp-block-paragraph\">   2. <strong>Supprimons l\u2019obligation de voter<\/strong><\/p>\n\n\n\n<p class=\"wp-block-paragraph\">&nbsp;Dans la grande majorit\u00e9 des pays on a le \u00ab&nbsp;droit&nbsp;\u00bb et non l\u2019\u00ab&nbsp;obligation&nbsp;\u00bb de voter. Sauf chez nous, o\u00f9 les \u00e9lecteurs ont l\u2019obligation d\u2019exercer leur droit de vote, sous peine d\u2019amende. L\u2019obligation de voter (2) fausse la d\u00e9mocratie, du moins la participation \u00e9lectorale, en amenant devant les urnes des centaines de milliers de personnes qui n\u2019y viennent que sous la contrainte. Et cette contrainte ne restaure en rien la confiance dans la politique.<\/p>\n\n\n\n<p class=\"wp-block-paragraph\">En raison de la contrainte l\u00e9gale (amende), la participation r\u00e9elle des \u00e9lecteurs aux diff\u00e9rents scrutins est proche de 85 %. Mais, nos \u00e9lus seraient-ils moins l\u00e9gitimes si la participation aux \u00e9lections n\u2019atteignait que&nbsp; 55 % &nbsp;?<\/p>\n\n\n\n<p class=\"wp-block-paragraph\">De toute fa\u00e7on, depuis belle lurette, aucun \u00e9lu (ministre, secr\u00e9taire d\u2019\u00c9tat, s\u00e9nateur, d\u00e9put\u00e9, bourgmestre, \u00e9chevin) ne l\u2019a \u00e9t\u00e9 par plus de 30 % des \u00e9lecteurs inscrits. Et pourtant il ou elle dispose l\u00e9gitimement de tous les pouvoirs que la Constitution belge lui r\u00e9serve. Serait-il\/elle \u00ab\u00a0mieux \u00e9lu(e)\u00a0\u00bb si\u00a0 45 % d\u2019absents, a priori non motiv\u00e9s par l\u2019\u00e9lection, \u00e9taient oblig\u00e9s de venir voter pour un(e) candidat(e) choisi(e) \u00e0 pile ou face ou en fonction de ses beaux yeux\u00a0?<\/p>\n\n\n\n<p class=\"wp-block-paragraph\">On sait que les programmes des partis politiques, accessibles parfois avec beaucoup d\u2019efforts sur leur site Web, sont inconnus de la quasi-totalit\u00e9 des \u00e9lecteurs. De toute fa\u00e7on, puisque les partis ont l\u2019obsession d\u2019attirer \u00ab&nbsp;l\u2019\u00e9lecteur m\u00e9dian&nbsp;\u00bb, les diff\u00e9rences r\u00e9elles entre les choix politiques sont en g\u00e9n\u00e9ral tr\u00e8s r\u00e9duites, si l\u2019on excepte les extr\u00eames.<\/p>\n\n\n\n<p class=\"wp-block-paragraph\">Comment faire un choix entre le socialisme lib\u00e9ral du PS et le lib\u00e9ralisme social du MR, le centrisme glouton des Engag\u00e9s (ex CDH) et l\u2019hyper centrisme globaliste (fourre-tout) de D\u00e9fi&nbsp;? Le choix entre les bonnets rouges-blancs-bleus et bleus-blancs-rouges ne suscite pas \u00e0 une envie irr\u00e9pressible d\u2019aller voter.<\/p>\n\n\n\n<p class=\"wp-block-paragraph\">Le citoyen belge doit pouvoir d\u00e9cider que dans l\u2019offre politique, il n\u2019existe aucun choix acceptable. Si le citoyen a le sentiment ou la conviction que le scrutin est un jeu de dupes (la particratie ne permet pas une vraie repr\u00e9sentativit\u00e9 des \u00e9lecteurs, ni les candidats, ni les partis, ni les programmes ne sont suffisamment inspirants et\/ou cr\u00e9dibles) alors l\u2019obligation de voter (de participer \u00e0 un jeu de dupes) ne peut \u00eatre l\u00e9gitime&nbsp;!<\/p>\n\n\n\n<p class=\"wp-block-paragraph\">Les partisans de l\u2019obligation d\u2019exercer le droit de voter invoquent l\u2019importance que tout le monde exprime son opinion et pas uniquement les personnes qui s\u2019int\u00e9ressent d\u00e9j\u00e0 \u00e0 la politique. Cela permet une repr\u00e9sentativit\u00e9 plus importante, notamment celle des personnes les plus pr\u00e9caris\u00e9es, et d\u00e9cisions prises refl\u00e9teront davantage l\u2019ensemble des tendances de la soci\u00e9t\u00e9. Et les thurif\u00e9raires de la contrainte l\u00e9gale estiment que, d\u00e9mocratiquement, les d\u00e9cisions sont d\u00e8s lors plus acceptables et couvertes d&rsquo;une plus grande l\u00e9gitimit\u00e9.<\/p>\n\n\n\n<p class=\"wp-block-paragraph\">Mais, faut-il leur rappeler, ne pas aller voter, voter blanc ou nul c\u2019est d\u00e9j\u00e0 exprimer une opinion, c\u2019est m\u00eame un acte de maturit\u00e9 politique un acte de d\u00e9fiance ou plut\u00f4t de r\u00e9sistance civile face \u00e0 une offre politique non inspirante et non cr\u00e9dible.<\/p>\n\n\n\n<p class=\"wp-block-paragraph\">   3. <strong>Changeons le principe du mandat de d\u00e9put\u00e9<\/strong><\/p>\n\n\n\n<p class=\"wp-block-paragraph\">La bouderie \u00e9lectorale de plus en plus pr\u00e9gnante en Belgique vient aussi du fait que nous \u00e9lisons des personnes qui, une fois \u00e9lus font ce qu\u2019elles veulent. De fait, elles peuvent ais\u00e9ment et impun\u00e9ment nous tromper et nous n\u2019y pouvons rien. C\u2019est peu motivant pour les \u00e9lecteurs de ne pas avoir l\u2019assurance que leurs \u00e9lus travailleront effectivement pour eux.<\/p>\n\n\n\n<p class=\"wp-block-paragraph\">En Belgique, les d\u00e9put\u00e9s sont \u00e9lus sur un \u00ab\u00a0<strong>mandat repr\u00e9sentatif et libre<\/strong>\u00a0\u00bb (o\u00f9 l\u2019\u00e9lu agit librement en son \u00e2me et conscience, repr\u00e9sentant le peuple dans son ensemble), ce qui signifie qu&rsquo;ils ne sont pas juridiquement contraints par des instructions pr\u00e9cises de leurs \u00e9lecteurs et ne peuvent \u00eatre r\u00e9voqu\u00e9s par eux en cours de mandat pour ne pas avoir suivi de telles instructions.<\/p>\n\n\n\n<p class=\"wp-block-paragraph\">Aujourd\u2019hui un(e) d\u00e9put\u00e9(e) au comportement indigne est ind\u00e9boulonnable et il\/elle peut continuer impun\u00e9ment \u00e0 repr\u00e9senter le pays, sa r\u00e9gion et\/ou les \u00e9lecteurs de sa circonscription. Cela doit cesser.<\/p>\n\n\n\n<p class=\"wp-block-paragraph\">Nous voulons que les Belges puissent voter pour destituer des d\u00e9put\u00e9(e)s qui manquent \u00e0 leurs obligations morales (ivresse sur la voie publique, drogue, exhibitionnisme, &nbsp;corruption, collusion\u2026) ou qui sapent les int\u00e9r\u00eats nationaux (liens avec des r\u00e9gimes hostiles, votes de r\u00e9formes d\u00e9stabilisant les int\u00e9r\u00eats nationaux, contestations\/blocages\/paralysies &nbsp;syst\u00e9matiques des projets ou des budgets nationaux\u2026)<\/p>\n\n\n\n<p class=\"wp-block-paragraph\">Le vote de r\u00e9vocation doit \u00eatre rendu possible dans les circonscriptions \u00e9lectorales respectives, par exemple d\u00e8s lors que 10 % des \u00e9lecteurs concern\u00e9s ont sign\u00e9 une p\u00e9tition.<\/p>\n\n\n\n<p class=\"wp-block-paragraph\">En Belgique, un d\u00e9put\u00e9 ne peut pas \u00eatre destitu\u00e9 (ni par ses \u00e9lecteurs, ni par son groupe politique, ni par le parlement) uniquement en raison de ses liens pr\u00e9sum\u00e9s avec des r\u00e9gimes \u00e9trangers hostiles (ou des organisations terroristes\u00a0: Fr\u00e8res musulmans, Hezbollah, Hamas\u2026), ou uniquement en raison d\u2019un conflit d\u2019int\u00e9r\u00eat (c\u2019est-\u00e0-dire l\u2019utilisation \u00e0 son b\u00e9n\u00e9fice d\u2019une fonction publique sans infraction p\u00e9nale av\u00e9r\u00e9e). Aucun texte constitutionnel ou loi ordinaire ne pr\u00e9voit la r\u00e9vocation par voie de vote, que ce soit des citoyens ou du parlement.<\/p>\n\n\n\n<p class=\"wp-block-paragraph\">Pour rendre possible, en Belgique, un vote de r\u00e9vocation des d\u00e9put\u00e9s (appel\u00e9 \u00e9galement \u00ab\u202frecall\u202f\u00bb ou r\u00e9vocation populaire), il faudra modifier la Constitution. Nous voulons moderniser la tradition constitutionnelle belge, notamment en r\u00e9formant le mandat parlementaire.<\/p>\n\n\n\n<p class=\"wp-block-paragraph\">Instaurons le principe du \u00ab\u00a0<strong>mandat imp\u00e9ratif\u00a0<\/strong>\u00bb. Un \u00ab\u00a0mandat imp\u00e9ratif\u00a0\u00bb en politique d\u00e9signe un mode de repr\u00e9sentation o\u00f9 l&rsquo;\u00e9lu a l&rsquo;obligation stricte de respecter les directives ou instructions pr\u00e9cises donn\u00e9es par ses \u00e9lecteurs, sous peine de r\u00e9vocation s\u2019il ne s\u2019y conforme pas.<\/p>\n\n\n\n<p class=\"wp-block-paragraph\">Autrement dit, l\u2019\u00e9lu est mandat\u00e9 pour accomplir une mission d\u00e9finie et ne peut agir librement comme il le souhaite, mais doit suivre point par point la volont\u00e9 des \u00e9lecteurs qui l\u2019ont d\u00e9sign\u00e9. Il permet aux \u00e9lecteurs de contr\u00f4ler de pr\u00e8s leur repr\u00e9sentant et de le r\u00e9voquer s\u2019il d\u00e9roge aux instructions. Ce principe est li\u00e9 \u00e0 la souverainet\u00e9 populaire telle que pens\u00e9e par Rousseau, o\u00f9 l\u2019\u00e9lu est consid\u00e9r\u00e9 comme un d\u00e9l\u00e9gu\u00e9 fid\u00e8le et non un repr\u00e9sentant libre.<\/p>\n\n\n\n<p class=\"wp-block-paragraph\">Nous sommes convaincus que cette r\u00e9forme est<strong> <\/strong>techniquement possible via la proc\u00e9dure ordinaire de r\u00e9vision constitutionnelle.<\/p>\n\n\n\n<figure class=\"wp-block-image size-full\"><img loading=\"lazy\" decoding=\"async\" width=\"275\" height=\"183\" src=\"https:\/\/droitemoderniste.be\/wp-content\/uploads\/2025\/08\/croissance-eco.jpg\" alt=\"\" class=\"wp-image-725\"\/><\/figure>\n\n\n\n<p class=\"wp-block-paragraph\">(1) Dans ce texte le terme \u00ab\u00a0abstentionnistes\u00a0\u00bb\u00a0 englobe \u00e0 la fois ceux qui ne vont pas voter mais aussi les \u00e9lecteurs qui votent blanc et ceux qui votent nul. Plus de 1,05 million d\u2019\u00e9lecteurs ne se sont pas pr\u00e9sent\u00e9s dans les bureaux de vote (\u00e9lections r\u00e9gionales belges de juin 2024), un record historique contemporain pour la Belgique. Cela repr\u00e9sente environ <strong>12,5% du corps \u00e9lectoral<\/strong>. Et plus de <strong>400,000<\/strong> votes blancs ou nuls (pr\u00e9sence mais bulletin non valide) ont \u00e9t\u00e9 comptabilis\u00e9s au niveau national pour les diff\u00e9rentes assembl\u00e9es r\u00e9gionales. Pour la <strong>R\u00e9gion wallonne<\/strong> : 191 923 bulletins blancs ou nuls (soit <strong>8,49%<\/strong> des votants. Pour la <strong>R\u00e9gion flamande<\/strong> : 216 121 bulletins blancs ou nuls (<strong>4,7%<\/strong> des votants). Pour la <strong>R\u00e9gion bruxelloise<\/strong> : 30 619 bulletins blancs ou nuls (<strong>6,1%<\/strong> des votants), chiffres officiels pour Bruxelles.<\/p>\n\n\n\n<p class=\"wp-block-paragraph\">(2) <strong>La Belgique constitue en quelque sorte une exception en Europe<\/strong> aux c\u00f4t\u00e9s de quatre autres pays: Luxembourg, Gr\u00e8ce, Bulgarie et Liechtenstein. Dans les faits cependant, <strong>l\u2019obligation d\u2019aller voter reste assez th\u00e9orique, puisqu&rsquo;environ 1,4 million de Belges ne votent pas<\/strong><strong>.<\/strong> Ce qui est punissable par la loi mais, en pratique, presque jamais poursuivi. Aucun \u00e9lecteur n\u2019a \u00e9t\u00e9 condamn\u00e9 depuis 2003 pour ne pas avoir particip\u00e9 au vote.<\/p>\n","protected":false},"excerpt":{"rendered":"<p>En Belgique, la dynamique de d\u00e9prise \u00e9lectorale est f\u00e9roce&nbsp;: la l\u00e8pre abstentionniste, le chol\u00e9ra des votes blancs, le typhus des votes nuls, ont gagn\u00e9 depuis longtemps tous les rendez-vous majeurs de notre monarchie parlementaire, atteignant 17 % des \u00e9lecteurs. Et il n\u2019est pas exclu de voir le mal s\u2019\u00e9tendre aux toutes proches \u00e9lections si la [&hellip;]<\/p>\n","protected":false},"author":1,"featured_media":0,"comment_status":"open","ping_status":"open","sticky":false,"template":"","format":"standard","meta":{"_monsterinsights_skip_tracking":false,"_uf_show_specific_survey":0,"_uf_disable_surveys":false,"footnotes":""},"categories":[22],"tags":[],"class_list":["post-723","post","type-post","status-publish","format-standard","hentry","category-democratie"],"_links":{"self":[{"href":"https:\/\/droitemoderniste.be\/index.php\/wp-json\/wp\/v2\/posts\/723","targetHints":{"allow":["GET"]}}],"collection":[{"href":"https:\/\/droitemoderniste.be\/index.php\/wp-json\/wp\/v2\/posts"}],"about":[{"href":"https:\/\/droitemoderniste.be\/index.php\/wp-json\/wp\/v2\/types\/post"}],"author":[{"embeddable":true,"href":"https:\/\/droitemoderniste.be\/index.php\/wp-json\/wp\/v2\/users\/1"}],"replies":[{"embeddable":true,"href":"https:\/\/droitemoderniste.be\/index.php\/wp-json\/wp\/v2\/comments?post=723"}],"version-history":[{"count":1,"href":"https:\/\/droitemoderniste.be\/index.php\/wp-json\/wp\/v2\/posts\/723\/revisions"}],"predecessor-version":[{"id":726,"href":"https:\/\/droitemoderniste.be\/index.php\/wp-json\/wp\/v2\/posts\/723\/revisions\/726"}],"wp:attachment":[{"href":"https:\/\/droitemoderniste.be\/index.php\/wp-json\/wp\/v2\/media?parent=723"}],"wp:term":[{"taxonomy":"category","embeddable":true,"href":"https:\/\/droitemoderniste.be\/index.php\/wp-json\/wp\/v2\/categories?post=723"},{"taxonomy":"post_tag","embeddable":true,"href":"https:\/\/droitemoderniste.be\/index.php\/wp-json\/wp\/v2\/tags?post=723"}],"curies":[{"name":"wp","href":"https:\/\/api.w.org\/{rel}","templated":true}]}}