{"id":717,"date":"2025-08-09T09:47:06","date_gmt":"2025-08-09T07:47:06","guid":{"rendered":"https:\/\/droitemoderniste.be\/?p=717"},"modified":"2025-08-09T09:47:06","modified_gmt":"2025-08-09T07:47:06","slug":"social-liberalisme","status":"publish","type":"post","link":"https:\/\/droitemoderniste.be\/index.php\/2025\/08\/09\/social-liberalisme\/","title":{"rendered":"Social-lib\u00e9ralisme"},"content":{"rendered":"\n<figure class=\"wp-block-image size-full\"><img loading=\"lazy\" decoding=\"async\" width=\"274\" height=\"184\" src=\"https:\/\/droitemoderniste.be\/wp-content\/uploads\/2025\/08\/liberalisme.jpg\" alt=\"\" class=\"wp-image-718\"\/><\/figure>\n\n\n\n<p class=\"wp-block-paragraph\">Le <strong>social-lib\u00e9ralisme<\/strong> (aussi appel\u00e9 <strong>lib\u00e9ralisme social<\/strong> ou <strong>lib\u00e9ralisme moderne<\/strong>) est g\u00e9n\u00e9ralement consid\u00e9r\u00e9 comme le courant de droite <strong>le plus moderniste<\/strong> par rapport au lib\u00e9ralisme classique.<\/p>\n\n\n\n<p class=\"wp-block-paragraph\">Voici pourquoi\u202f:<\/p>\n\n\n\n<ul class=\"wp-block-list\">\n<li>Le social-lib\u00e9ralisme est n\u00e9 comme un renouvellement du lib\u00e9ralisme\u202f; il cherche activement \u00e0 concilier <strong>libert\u00e9 individuelle<\/strong> et <strong>justice sociale<\/strong>. Il met l\u2019accent sur le d\u00e9veloppement personnel, la d\u00e9mocratie, l\u2019implication citoyenne et la recherche de politiques publiques qui am\u00e9liorent les capacit\u00e9s de chacun, en adoptant une d\u00e9marche inductive centr\u00e9e sur les faits et l\u2019\u00e9volution concr\u00e8te des soci\u00e9t\u00e9s.<\/li>\n\n\n\n<li>Ce courant a aussi \u00e9t\u00e9 appel\u00e9 <strong>lib\u00e9ralisme moderne<\/strong> car il int\u00e8gre des id\u00e9es nouvelles comme la redistribution, la r\u00e9gulation, et une vision positive du r\u00f4le de l\u2019\u00c9tat pour corriger les in\u00e9galit\u00e9s, tout en restant attach\u00e9 \u00e0 la libert\u00e9 individuelle et \u00e0 l\u2019\u00e9conomie de march\u00e9.<\/li>\n\n\n\n<li>Par rapport au lib\u00e9ralisme classique, le social-lib\u00e9ralisme r\u00e9interpr\u00e8te la notion de libert\u00e9\u202f: il ne s\u2019agit plus seulement de l\u2019\u00ab\u202fabsence de contrainte\u202f\u00bb, mais aussi d\u2019un <strong>pouvoir d\u2019agir r\u00e9el<\/strong> pour les individus, ce qui implique une place accrue pour l\u2019\u00c9tat ou l\u2019action publique afin de garantir l\u2019\u00e9galit\u00e9 des chances et l\u2019acc\u00e8s aux \u00ab\u202ffonds communs\u202f\u00bb.<\/li>\n<\/ul>\n\n\n\n<p class=\"wp-block-paragraph\">En r\u00e9sum\u00e9&nbsp;:<\/p>\n\n\n\n<ul class=\"wp-block-list\">\n<li><strong>La droite lib\u00e9rale sociale (social-lib\u00e9rale) est plus moderniste que la droite lib\u00e9rale classique<\/strong>, car elle cherche \u00e0 actualiser le lib\u00e9ralisme pour r\u00e9pondre aux d\u00e9fis du XXIe si\u00e8cle\u202f: inclusion sociale, r\u00e9gulation, redistribution, et capacit\u00e9 d\u2019innovation politique et \u00e9conomique.<\/li>\n\n\n\n<li><strong><mark style=\"background-color:rgba(0, 0, 0, 0);color:#ff6900\" class=\"has-inline-color\">MDM<\/mark> incarne la droite social-lib\u00e9rale <\/strong>(lib\u00e9ralisme social ou lib\u00e9ralisme moderne) tandis que le MR incarne la droite lib\u00e9rale tout court (lib\u00e9ralisme classique).<\/li>\n<\/ul>\n","protected":false},"excerpt":{"rendered":"<p>Le social-lib\u00e9ralisme (aussi appel\u00e9 lib\u00e9ralisme social ou lib\u00e9ralisme moderne) est g\u00e9n\u00e9ralement consid\u00e9r\u00e9 comme le courant de droite le plus moderniste par rapport au lib\u00e9ralisme classique. Voici pourquoi\u202f: En r\u00e9sum\u00e9&nbsp;:<\/p>\n","protected":false},"author":1,"featured_media":0,"comment_status":"open","ping_status":"open","sticky":false,"template":"","format":"standard","meta":{"_monsterinsights_skip_tracking":false,"_uf_show_specific_survey":0,"_uf_disable_surveys":false,"footnotes":""},"categories":[8],"tags":[],"class_list":["post-717","post","type-post","status-publish","format-standard","hentry","category-positionnement"],"_links":{"self":[{"href":"https:\/\/droitemoderniste.be\/index.php\/wp-json\/wp\/v2\/posts\/717","targetHints":{"allow":["GET"]}}],"collection":[{"href":"https:\/\/droitemoderniste.be\/index.php\/wp-json\/wp\/v2\/posts"}],"about":[{"href":"https:\/\/droitemoderniste.be\/index.php\/wp-json\/wp\/v2\/types\/post"}],"author":[{"embeddable":true,"href":"https:\/\/droitemoderniste.be\/index.php\/wp-json\/wp\/v2\/users\/1"}],"replies":[{"embeddable":true,"href":"https:\/\/droitemoderniste.be\/index.php\/wp-json\/wp\/v2\/comments?post=717"}],"version-history":[{"count":1,"href":"https:\/\/droitemoderniste.be\/index.php\/wp-json\/wp\/v2\/posts\/717\/revisions"}],"predecessor-version":[{"id":719,"href":"https:\/\/droitemoderniste.be\/index.php\/wp-json\/wp\/v2\/posts\/717\/revisions\/719"}],"wp:attachment":[{"href":"https:\/\/droitemoderniste.be\/index.php\/wp-json\/wp\/v2\/media?parent=717"}],"wp:term":[{"taxonomy":"category","embeddable":true,"href":"https:\/\/droitemoderniste.be\/index.php\/wp-json\/wp\/v2\/categories?post=717"},{"taxonomy":"post_tag","embeddable":true,"href":"https:\/\/droitemoderniste.be\/index.php\/wp-json\/wp\/v2\/tags?post=717"}],"curies":[{"name":"wp","href":"https:\/\/api.w.org\/{rel}","templated":true}]}}