{"id":714,"date":"2025-08-08T11:54:41","date_gmt":"2025-08-08T09:54:41","guid":{"rendered":"https:\/\/droitemoderniste.be\/?p=714"},"modified":"2025-08-08T11:54:41","modified_gmt":"2025-08-08T09:54:41","slug":"le-mdm-incarne-une-droite-plus-moderniste-que-la-droite-liberale-classique-lorsquelle-envisage-la-reforme-institutionnelle-belge","status":"publish","type":"post","link":"https:\/\/droitemoderniste.be\/index.php\/2025\/08\/08\/le-mdm-incarne-une-droite-plus-moderniste-que-la-droite-liberale-classique-lorsquelle-envisage-la-reforme-institutionnelle-belge\/","title":{"rendered":"Le MDM incarne une droite plus moderniste que la droite lib\u00e9rale classique lorsqu\u2019elle envisage la r\u00e9forme institutionnelle belge."},"content":{"rendered":"\n<figure class=\"wp-block-image size-full\"><img loading=\"lazy\" decoding=\"async\" width=\"275\" height=\"183\" src=\"https:\/\/droitemoderniste.be\/wp-content\/uploads\/2025\/08\/parlement-bxl.jpg\" alt=\"\" class=\"wp-image-715\"\/><\/figure>\n\n\n\n<p class=\"wp-block-paragraph\">Pour nous, il faut d\u00e9passer la simple consolidation du f\u00e9d\u00e9ralisme existant ou la d\u00e9fense d\u2019un statu quo et proposer une transformation plus profonde et audacieuse de la structure de l&rsquo;\u00c9tat, suivant une logique de clarification, de simplification et d\u2019adaptation radicale aux r\u00e9alit\u00e9s contemporaines.<\/p>\n\n\n\n<p class=\"wp-block-paragraph\">Voici comment une position moderniste avanc\u00e9e se distingue :<\/p>\n\n\n\n<ul class=\"wp-block-list\">\n<li><strong>Aller au-del\u00e0 du f\u00e9d\u00e9ralisme actuel<\/strong> : L\u00e0 o\u00f9 la droite lib\u00e9rale classique privil\u00e9gie une f\u00e9d\u00e9ralisation temp\u00e9r\u00e9e, une position moderniste radicale propose la suppression de certains niveaux de pouvoir \u2014 notamment les Communaut\u00e9s \u2014 pour ne conserver que des R\u00e9gions dot\u00e9es de vraies comp\u00e9tences pleines et enti\u00e8res, voire une \u00e9volution vers un mod\u00e8le conf\u00e9d\u00e9ral clair. Il s\u2019agirait de transf\u00e9rer toutes (ou presque toutes) les comp\u00e9tences cl\u00e9s, y compris en fiscalit\u00e9 ou s\u00e9curit\u00e9 sociale, aux entit\u00e9s f\u00e9d\u00e9r\u00e9es, r\u00e9duisant le niveau f\u00e9d\u00e9ral \u00e0 des fonctions strictement r\u00e9siduelles ou de coordination.<\/li>\n\n\n\n<li><strong>Simplification et rationalisation institutionnelle<\/strong> : Proposer un \u00ab choc de simplification \u00bb non seulement administratif mais aussi institutionnel, en supprimant les chevauchements de comp\u00e9tence, en fusionnant les administrations et en instaurant un guichet unique num\u00e9rique pour tous les services publics, inspir\u00e9 des r\u00e9formes \u00ab choc \u00bb d\u00e9j\u00e0 entreprises aux niveaux r\u00e9gionaux.<\/li>\n\n\n\n<li><strong>Digitalisation et citoyennet\u00e9 proactive<\/strong> : Placer la gouvernance num\u00e9rique au c\u0153ur de la r\u00e9forme, en autonomisant le citoyen \u00e0 travers des outils centralis\u00e9s lui permettant de g\u00e9rer, v\u00e9rifier et revendiquer ses droits en temps r\u00e9el pour toutes les d\u00e9marches administratives et sociales. Cette approche, largement amorc\u00e9e dans les r\u00e9formes r\u00e9centes, pourrait \u00eatre g\u00e9n\u00e9ralis\u00e9e et rendue obligatoire \u00e0 toutes les instances de pouvoir.<\/li>\n\n\n\n<li><strong>Responsabilisation accrue des entit\u00e9s f\u00e9d\u00e9r\u00e9es<\/strong> : Imposer une responsabilisation budg\u00e9taire et politique beaucoup plus forte, chaque R\u00e9gion g\u00e9rant ses propres ressources, assumant pleinement les cons\u00e9quences de ses choix politiques, tout en assurant une coop\u00e9ration contractuelle sur les grands enjeux (mobilit\u00e9, climat, infrastructures\u2026).<\/li>\n\n\n\n<li><strong>D\u00e9mocratie locale renforc\u00e9e<\/strong> : Soutenir un transfert massif de comp\u00e9tences et de budgets vers l\u2019\u00e9chelon communal ou interm\u00e9diaire, afin de rendre les politiques publiques plus proches, lisibles et contr\u00f4lables par les citoyens, plut\u00f4t que de maintenir des structures supra-lourdes, h\u00e9rit\u00e9es de compromis anciens.<\/li>\n<\/ul>\n\n\n\n<p class=\"wp-block-paragraph\">Un modernisme institutionnel avanc\u00e9 ne se contente donc pas de pr\u00f4ner une pause des r\u00e9formes ou de d\u00e9fendre le f\u00e9d\u00e9ralisme actuel, mais vise la <strong>refonte compl\u00e8te<\/strong>, la clarification radicale et la mise en place d&rsquo;un syst\u00e8me o\u00f9 chaque niveau de pouvoir a un r\u00f4le lisible, autonome, et o\u00f9 l\u2019exp\u00e9rience citoyenne est plac\u00e9e au centre de la gouvernance, en misant sur la digitalisation, l\u2019efficacit\u00e9, et une autonomie v\u00e9ritable des entit\u00e9s f\u00e9d\u00e9r\u00e9es et locales.<\/p>\n","protected":false},"excerpt":{"rendered":"<p>Pour nous, il faut d\u00e9passer la simple consolidation du f\u00e9d\u00e9ralisme existant ou la d\u00e9fense d\u2019un statu quo et proposer une transformation plus profonde et audacieuse de la structure de l&rsquo;\u00c9tat, suivant une logique de clarification, de simplification et d\u2019adaptation radicale aux r\u00e9alit\u00e9s contemporaines. Voici comment une position moderniste avanc\u00e9e se distingue : Un modernisme institutionnel [&hellip;]<\/p>\n","protected":false},"author":1,"featured_media":0,"comment_status":"open","ping_status":"open","sticky":false,"template":"","format":"standard","meta":{"_monsterinsights_skip_tracking":false,"_uf_show_specific_survey":0,"_uf_disable_surveys":false,"footnotes":""},"categories":[21],"tags":[],"class_list":["post-714","post","type-post","status-publish","format-standard","hentry","category-institutions"],"_links":{"self":[{"href":"https:\/\/droitemoderniste.be\/index.php\/wp-json\/wp\/v2\/posts\/714","targetHints":{"allow":["GET"]}}],"collection":[{"href":"https:\/\/droitemoderniste.be\/index.php\/wp-json\/wp\/v2\/posts"}],"about":[{"href":"https:\/\/droitemoderniste.be\/index.php\/wp-json\/wp\/v2\/types\/post"}],"author":[{"embeddable":true,"href":"https:\/\/droitemoderniste.be\/index.php\/wp-json\/wp\/v2\/users\/1"}],"replies":[{"embeddable":true,"href":"https:\/\/droitemoderniste.be\/index.php\/wp-json\/wp\/v2\/comments?post=714"}],"version-history":[{"count":1,"href":"https:\/\/droitemoderniste.be\/index.php\/wp-json\/wp\/v2\/posts\/714\/revisions"}],"predecessor-version":[{"id":716,"href":"https:\/\/droitemoderniste.be\/index.php\/wp-json\/wp\/v2\/posts\/714\/revisions\/716"}],"wp:attachment":[{"href":"https:\/\/droitemoderniste.be\/index.php\/wp-json\/wp\/v2\/media?parent=714"}],"wp:term":[{"taxonomy":"category","embeddable":true,"href":"https:\/\/droitemoderniste.be\/index.php\/wp-json\/wp\/v2\/categories?post=714"},{"taxonomy":"post_tag","embeddable":true,"href":"https:\/\/droitemoderniste.be\/index.php\/wp-json\/wp\/v2\/tags?post=714"}],"curies":[{"name":"wp","href":"https:\/\/api.w.org\/{rel}","templated":true}]}}