{"id":710,"date":"2025-08-08T08:16:40","date_gmt":"2025-08-08T06:16:40","guid":{"rendered":"https:\/\/droitemoderniste.be\/?p=710"},"modified":"2025-08-08T08:16:40","modified_gmt":"2025-08-08T06:16:40","slug":"vous-voulez-savoir-pourquoi-nos-mandataires-politiques-nous-mentent-si-aisement-et-si-impunement","status":"publish","type":"post","link":"https:\/\/droitemoderniste.be\/index.php\/2025\/08\/08\/vous-voulez-savoir-pourquoi-nos-mandataires-politiques-nous-mentent-si-aisement-et-si-impunement\/","title":{"rendered":"Vous voulez savoir pourquoi nos mandataires politiques nous mentent si ais\u00e9ment et si impun\u00e9ment\u00a0?"},"content":{"rendered":"\n<figure class=\"wp-block-image size-full\"><img loading=\"lazy\" decoding=\"async\" width=\"300\" height=\"168\" src=\"https:\/\/droitemoderniste.be\/wp-content\/uploads\/2025\/08\/mensonge.jpg\" alt=\"\" class=\"wp-image-711\"\/><\/figure>\n\n\n\n<p class=\"wp-block-paragraph\">En Belgique, il n\u2019existe pas de m\u00e9canisme formel permettant la destitution d\u2019un d\u00e9put\u00e9 par une autorit\u00e9, un \u00e9lectorat ou un autre organe l\u00e9gislatif, m\u00eame en cas de liens pr\u00e9sum\u00e9s avec un r\u00e9gime \u00e9tranger hostile.<\/p>\n\n\n\n<p class=\"wp-block-paragraph\">Le mandat parlementaire est bas\u00e9 sur la repr\u00e9sentation libre\u202f: autrement dit, le d\u00e9put\u00e9 exerce sa fonction ind\u00e9pendamment de pressions, y compris celles venant de ses \u00e9lecteurs ou de son parti \u2014 le fameux rejet du \u00ab\u202fmandat imp\u00e9ratif\u202f\u00bb tel que pratiqu\u00e9 dans d\u2019autres d\u00e9mocraties.<\/p>\n\n\n\n<p class=\"wp-block-paragraph\">Contrairement \u00e0 certains syst\u00e8mes (par exemple, le \u00ab\u202frecall\u202f\u00bb anglo-saxon), ni le parlement ni les \u00e9lecteurs ne disposent d&rsquo;un moyen de <strong>destituer<\/strong> un d\u00e9put\u00e9 en cours de mandat pour ses activit\u00e9s ou prises de position, y compris des liens avec des puissances \u00e9trang\u00e8res hostiles.<\/p>\n\n\n\n<p class=\"wp-block-paragraph\">Seuls les ministres peuvent \u00eatre explicitement <strong>r\u00e9voqu\u00e9s<\/strong> par des m\u00e9canismes constitutionnels (article 96 de la Constitution), mais cela ne concerne pas les d\u00e9put\u00e9s.<\/p>\n\n\n\n<p class=\"wp-block-paragraph\">Voici les principaux points concernant la cessation anticip\u00e9e du mandat parlementaire en Belgique\u202f:<\/p>\n\n\n\n<ul class=\"wp-block-list\">\n<li>D\u00e9mission volontaire\u202f: Un d\u00e9put\u00e9 peut d\u00e9missionner \u00e0 tout moment, selon des proc\u00e9dures encadr\u00e9es par la loi. Sa d\u00e9mission prend effet d\u00e8s la notification \u00e9crite \u00e0 la chambre concern\u00e9e.<\/li>\n\n\n\n<li>D\u00e9c\u00e8s ou incompatibilit\u00e9\u202f: Le mandat prend \u00e9galement fin en cas de d\u00e9c\u00e8s, ou si une incompatibilit\u00e9 survient (par exemple, nomination \u00e0 une fonction jug\u00e9e incompatible).<\/li>\n\n\n\n<li>Condamnation p\u00e9nale\u202f: Si un d\u00e9put\u00e9 est condamn\u00e9 pour certains crimes graves, il peut perdre ses droits civils et donc son mandat, mais cela rel\u00e8ve d\u2019une d\u00e9cision judiciaire, non politique.<\/li>\n<\/ul>\n\n\n\n<p class=\"wp-block-paragraph\">En r\u00e9sum\u00e9\u202f: En Belgique, la destitution d\u2019un d\u00e9put\u00e9 pour des liens avec des r\u00e9gimes (ou des organisations&nbsp;: Fr\u00e8res musulmans, Hamas, Hezbollah et consorts.) \u00e9trangers hostiles n\u2019est donc pas pr\u00e9vue par la Constitution ni par la l\u00e9gislation. Les seules exceptions sont la d\u00e9mission volontaire, certaines condamnations judiciaires, ou l\u2019incompatibilit\u00e9 de fonctions. La dissolution des assembl\u00e9es (et donc la mise \u00e0 fin du mandat de tous les d\u00e9put\u00e9s) reste une pr\u00e9rogative collective et exceptionnelle, jamais cibl\u00e9e individuellement.<\/p>\n\n\n\n<p class=\"wp-block-paragraph\">Avec une telle impunit\u00e9 (les comportements inacceptables, gravement contraires \u00e0 la d\u00e9ontologie ne sont pas, ou alors tr\u00e8s rarement, sanctionn\u00e9s) les d\u00e9put\u00e9s peuvent faire ce qu\u2019ils veulent, par exemple (en exag\u00e9rant un tantinet) ils pourraient aller jusqu\u2019\u00e0 abolir l\u2019arm\u00e9e belge, la police, la S\u00fbret\u00e9 de l\u2019\u00c9tat\u2026<\/p>\n\n\n\n<p class=\"wp-block-paragraph\">Le <strong><mark style=\"background-color:rgba(0, 0, 0, 0);color:#ff6900\" class=\"has-inline-color\">MDM<\/mark><\/strong> souhaite r\u00e9nover fondamentalement le statut et le mandat des d\u00e9put\u00e9s belges\u00a0: le mandat parlementaire en Belgique est \u00ab\u00a0libre\u00a0\u00bb, nous voulons le remplacer par un mandat \u00ab\u00a0imp\u00e9ratif\u00a0\u00bb.<\/p>\n\n\n\n<p class=\"wp-block-paragraph\">Un \u00ab\u00a0mandat imp\u00e9ratif\u00a0\u00bb en politique d\u00e9signe un mode de repr\u00e9sentation o\u00f9 l&rsquo;\u00e9lu a l&rsquo;obligation stricte de respecter les directives ou instructions pr\u00e9cises donn\u00e9es par ses \u00e9lecteurs, sous peine de r\u00e9vocation s\u2019il ne s\u2019y conforme pas. Autrement dit, l\u2019\u00e9lu est mandat\u00e9 pour accomplir une mission d\u00e9finie et ne peut agir librement comme il le souhaite, mais doit suivre point par point la volont\u00e9 des \u00e9lecteurs qui l\u2019ont d\u00e9sign\u00e9.<\/p>\n\n\n\n<p class=\"wp-block-paragraph\">C\u2019est le meilleur moyen pour lutter contre la d\u00e9saffection des citoyens vis-\u00e0-vis du monde politique et plus particuli\u00e8rement leur m\u00e9pris des mandataires politiques. Et en y r\u00e9fl\u00e9chissant bien, il s\u2019agit \u00e9galement du meilleur moyen pour \u00e9radiquer cette funeste \u00ab&nbsp;particratie&nbsp;\u00bb(*) qui d\u00e9voie la d\u00e9mocratie belge.<\/p>\n\n\n\n<p class=\"wp-block-paragraph\">Nous voulons que les Belges puissent voter pour destituer des d\u00e9put\u00e9s qui manquent \u00e0 leurs obligations morales (conduite en \u00e9tat d\u2019ivresse, exhibitionnisme, conflit d\u2019int\u00e9r\u00eat, corruption, collusion\u2026) ou qui sapent les int\u00e9r\u00eats nationaux (liens avec des r\u00e9gimes hostiles, r\u00e9formes d\u00e9stabilisant les int\u00e9r\u00eats nationaux, contestations\/blocages\/paralysies &nbsp;syst\u00e9matiques des projets ou des budgets nationaux\u2026)<\/p>\n\n\n\n<p class=\"wp-block-paragraph\">Le vote de r\u00e9vocation doit \u00eatre rendu possible dans les circonscriptions \u00e9lectorales respectives. Ce type de scrutin doit \u00eatre permis par la Constitution, par exemple d\u00e8s lors que 10 % des \u00e9lecteurs concern\u00e9s ont sign\u00e9 une p\u00e9tition.<\/p>\n\n\n\n<p class=\"wp-block-paragraph\">Le <strong><mark style=\"background-color:rgba(0, 0, 0, 0);color:#ff6900\" class=\"has-inline-color\">MDM<\/mark><\/strong> souhaite instaurer une proc\u00e9dure explicite permettant de destituer un parlementaire jug\u00e9 indigne de poursuivre son mandat. Beaucoup trop de d\u00e9put\u00e9s nous font honte (alcooliques, drogu\u00e9s, exhibitionnistes, corrompus, pr\u00e9varicateurs (abus d&rsquo;autorit\u00e9, d\u00e9tournement de fonds publics, concussion, collusion, conflit d&rsquo;int\u00e9r\u00eat) , fain\u00e9ants (peu pr\u00e9sents, voire absents lors des s\u00e9ances parlementaires), etc.) et pourtant ils continuent impun\u00e9ment \u00e0 repr\u00e9senter le pays, leur r\u00e9gion et\/ou leurs \u00e9lecteurs. Cela doit cesser.<\/p>\n\n\n\n<p class=\"wp-block-paragraph\">Pour rendre possible, en Belgique, un <strong>vote de r\u00e9vocation des d\u00e9put\u00e9s<\/strong> (appel\u00e9 \u00e9galement \u00ab\u202frecall\u202f\u00bb ou r\u00e9vocation populaire), il faudrait <strong>modifier la Constitution<\/strong>, car aujourd\u2019hui ce m\u00e9canisme n\u2019existe pas dans le droit belge\u202f:<\/p>\n\n\n\n<ul class=\"wp-block-list\">\n<li>Le mandat parlementaire en Belgique est \u00ab\u202flibre\u202f\u00bb\u202f: une fois \u00e9lu, un d\u00e9put\u00e9 ne peut \u00eatre r\u00e9voqu\u00e9 ni par ses \u00e9lecteurs, ni par son groupe politique, ni par le parlement, sauf dans les cas limit\u00e9s de d\u00e9ch\u00e9ance judiciaire, d\u00e9c\u00e8s, incompatibilit\u00e9 ou d\u00e9mission volontaire.<\/li>\n\n\n\n<li>Aucun texte constitutionnel ou loi ordinaire ne pr\u00e9voit la r\u00e9vocation par voie de vote, que ce soit des citoyens ou du parlement.<\/li>\n<\/ul>\n\n\n\n<p class=\"wp-block-paragraph\"><strong>\u00c9tapes n\u00e9cessaires pour instaurer la r\u00e9vocation des d\u00e9put\u00e9s\u202f:<\/strong><\/p>\n\n\n\n<ol class=\"wp-block-list\">\n<li><strong>R\u00e9vision de la Constitution<\/strong>\u202f:\n<ul class=\"wp-block-list\">\n<li>Ajouter un article ou modifier un article existant (comme l\u2019article 63 ou 64 concernant le mandat des d\u00e9put\u00e9s) afin d\u2019introduire le principe du \u00ab\u202frecall\u202f\u00bb (r\u00e9vocation).<\/li>\n\n\n\n<li>Cette modification requiert deux votes successifs \u00e0 la majorit\u00e9 des deux tiers\u202f: la d\u00e9claration de r\u00e9vision (par le Roi et les deux Chambres) puis l\u2019adoption effective par la nouvelle assembl\u00e9e issue d\u2019\u00e9lections anticip\u00e9es.<\/li>\n<\/ul>\n<\/li>\n\n\n\n<li><strong>Adoption d\u2019une loi d\u2019application<\/strong>\u202f:\n<ul class=\"wp-block-list\">\n<li>Pr\u00e9ciser les modalit\u00e9s concr\u00e8tes\u202f: seuil de signatures citoyennes pour lancer la proc\u00e9dure, conditions, protection contre l\u2019arbitraire, garanties proc\u00e9durales et droit de d\u00e9fense du d\u00e9put\u00e9 vis\u00e9.<\/li>\n<\/ul>\n<\/li>\n\n\n\n<li><strong>Garanties constitutionnelles<\/strong>\u202f:\n<ul class=\"wp-block-list\">\n<li>Il faudrait encadrer strictement la proc\u00e9dure pour \u00e9viter des d\u00e9rives (utilisation abusive, pressions politiques, atteinte \u00e0 la stabilit\u00e9 parlementaire).<\/li>\n<\/ul>\n<\/li>\n<\/ol>\n\n\n\n<p class=\"wp-block-paragraph\">Aucun projet concret de ce type n\u2019a actuellement abouti en Belgique, car le \u00ab\u202fmandat imp\u00e9ratif\u202f\u00bb reste strictement prohib\u00e9 dans la tradition constitutionnelle belge. Mais une telle r\u00e9forme est techniquement possible via la proc\u00e9dure ordinaire de r\u00e9vision constitutionnelle.<\/p>\n\n\n\n<figure class=\"wp-block-image size-full\"><img loading=\"lazy\" decoding=\"async\" width=\"300\" height=\"168\" src=\"https:\/\/droitemoderniste.be\/wp-content\/uploads\/2025\/08\/mensonge1.jpg\" alt=\"\" class=\"wp-image-712\"\/><\/figure>\n\n\n\n<p class=\"wp-block-paragraph\">\u00a0(*) En Belgique, le terme \u00ab\u00a0particratie\u00a0\u00bb d\u00e9signe la situation o\u00f9 les partis politiques exercent une influence pr\u00e9pond\u00e9rante sur le processus politique, allant parfois jusqu&rsquo;\u00e0 contr\u00f4ler les d\u00e9cisions prises par les \u00e9lus. Cela signifie que, bien que la Belgique soit une d\u00e9mocratie repr\u00e9sentative, les d\u00e9cisions importantes sont souvent prises par les dirigeants des partis plut\u00f4t qu&rsquo;au sein du Parlement.\u00a0<\/p>\n\n\n\n<p class=\"wp-block-paragraph\">Particularit\u00e9 belge&nbsp;: les \u00e9lus, bien que repr\u00e9sentants du peuple, sont souvent per\u00e7us comme davantage redevables \u00e0 leur parti qu&rsquo;\u00e0 leurs \u00e9lecteurs. D\u00e8s lors, la dissociation entre les&nbsp; \u00e9lus et les \u00e9lecteurs est une r\u00e9alit\u00e9 du syst\u00e8me d\u00e9mocratique belge.<\/p>\n","protected":false},"excerpt":{"rendered":"<p>En Belgique, il n\u2019existe pas de m\u00e9canisme formel permettant la destitution d\u2019un d\u00e9put\u00e9 par une autorit\u00e9, un \u00e9lectorat ou un autre organe l\u00e9gislatif, m\u00eame en cas de liens pr\u00e9sum\u00e9s avec un r\u00e9gime \u00e9tranger hostile. Le mandat parlementaire est bas\u00e9 sur la repr\u00e9sentation libre\u202f: autrement dit, le d\u00e9put\u00e9 exerce sa fonction ind\u00e9pendamment de pressions, y compris [&hellip;]<\/p>\n","protected":false},"author":1,"featured_media":0,"comment_status":"open","ping_status":"open","sticky":false,"template":"","format":"standard","meta":{"_monsterinsights_skip_tracking":false,"_uf_show_specific_survey":0,"_uf_disable_surveys":false,"footnotes":""},"categories":[22],"tags":[],"class_list":["post-710","post","type-post","status-publish","format-standard","hentry","category-democratie"],"_links":{"self":[{"href":"https:\/\/droitemoderniste.be\/index.php\/wp-json\/wp\/v2\/posts\/710","targetHints":{"allow":["GET"]}}],"collection":[{"href":"https:\/\/droitemoderniste.be\/index.php\/wp-json\/wp\/v2\/posts"}],"about":[{"href":"https:\/\/droitemoderniste.be\/index.php\/wp-json\/wp\/v2\/types\/post"}],"author":[{"embeddable":true,"href":"https:\/\/droitemoderniste.be\/index.php\/wp-json\/wp\/v2\/users\/1"}],"replies":[{"embeddable":true,"href":"https:\/\/droitemoderniste.be\/index.php\/wp-json\/wp\/v2\/comments?post=710"}],"version-history":[{"count":1,"href":"https:\/\/droitemoderniste.be\/index.php\/wp-json\/wp\/v2\/posts\/710\/revisions"}],"predecessor-version":[{"id":713,"href":"https:\/\/droitemoderniste.be\/index.php\/wp-json\/wp\/v2\/posts\/710\/revisions\/713"}],"wp:attachment":[{"href":"https:\/\/droitemoderniste.be\/index.php\/wp-json\/wp\/v2\/media?parent=710"}],"wp:term":[{"taxonomy":"category","embeddable":true,"href":"https:\/\/droitemoderniste.be\/index.php\/wp-json\/wp\/v2\/categories?post=710"},{"taxonomy":"post_tag","embeddable":true,"href":"https:\/\/droitemoderniste.be\/index.php\/wp-json\/wp\/v2\/tags?post=710"}],"curies":[{"name":"wp","href":"https:\/\/api.w.org\/{rel}","templated":true}]}}