{"id":704,"date":"2025-08-07T09:14:36","date_gmt":"2025-08-07T07:14:36","guid":{"rendered":"https:\/\/droitemoderniste.be\/?p=704"},"modified":"2025-08-07T09:14:36","modified_gmt":"2025-08-07T07:14:36","slug":"comparaison-des-visions-moderniste-et-conservatrice-sur-levolution-de-letat-belge","status":"publish","type":"post","link":"https:\/\/droitemoderniste.be\/index.php\/2025\/08\/07\/comparaison-des-visions-moderniste-et-conservatrice-sur-levolution-de-letat-belge\/","title":{"rendered":"Comparaison des visions moderniste et conservatrice sur l&rsquo;\u00e9volution de l\u2019\u00c9tat belge"},"content":{"rendered":"\n<figure class=\"wp-block-image size-full\"><img loading=\"lazy\" decoding=\"async\" width=\"275\" height=\"183\" src=\"https:\/\/droitemoderniste.be\/wp-content\/uploads\/2025\/08\/particratie.jpg\" alt=\"\" class=\"wp-image-706\"\/><\/figure>\n\n\n\n<p class=\"wp-block-paragraph\">Les visions <strong>moderniste<\/strong> et <strong>conservatrice<\/strong> sur l\u2019\u00e9volution de l\u2019\u00c9tat belge exposent des diff\u00e9rences claires concernant l\u2019organisation institutionnelle du pays, notamment autour du choix entre f\u00e9d\u00e9ralisme \u00e9volutif ou retour \u00e0 un mod\u00e8le plus unitaire.<\/p>\n\n\n\n<p class=\"wp-block-paragraph\"><strong>Vision moderniste :<\/strong><\/p>\n\n\n\n<ul class=\"wp-block-list\">\n<li>Les modernistes privil\u00e9gient la poursuite du <strong>f\u00e9d\u00e9ralisme<\/strong>, voire son approfondissement. Ils soutiennent l\u2019id\u00e9e que la Belgique doit continuer \u00e0 \u00e9voluer vers une structure o\u00f9 les entit\u00e9s f\u00e9d\u00e9r\u00e9es (r\u00e9gions et communaut\u00e9s) poss\u00e8dent davantage de comp\u00e9tences et d\u2019autonomie.<\/li>\n\n\n\n<li>Cette tendance s\u2019appuie sur la r\u00e9alit\u00e9 historique belge : le passage d\u2019un \u00c9tat unitaire \u00e0 un \u00c9tat f\u00e9d\u00e9ral a \u00e9t\u00e9 progressif, essentiellement sous la pression de forces communautaires centrifuges et d\u2019une logique de compromis. Les modernistes appellent souvent \u00e0 la clarification du syst\u00e8me \u2014 voire \u00e0 une forme de conf\u00e9d\u00e9ralisme \u2014 pour r\u00e9pondre aux revendications croissantes des diff\u00e9rentes communaut\u00e9s et accro\u00eetre l\u2019efficacit\u00e9 institutionnelle.<\/li>\n\n\n\n<li>Leur objectif est g\u00e9n\u00e9ralement d\u2019assurer un \u00e9quilibre entre autonomie des entit\u00e9s f\u00e9d\u00e9r\u00e9es et une coexistence pacifique des communaut\u00e9s, tout en adaptant la structure de l\u2019\u00c9tat \u00e0 la diversit\u00e9 r\u00e9elle du pays.<\/li>\n<\/ul>\n\n\n\n<p class=\"wp-block-paragraph\"><strong>Vision conservatrice :<\/strong><\/p>\n\n\n\n<ul class=\"wp-block-list\">\n<li>Les partisans de la vision conservatrice se montrent plus r\u00e9serv\u00e9s face \u00e0 l\u2019\u00e9volution f\u00e9d\u00e9rale. Ils privil\u00e9gient le maintien d\u2019un cadre f\u00e9d\u00e9ral stable ou sont parfois nostalgiques d\u2019un \u00c9tat centralis\u00e9 (unitaire) pour pr\u00e9server l&rsquo;unit\u00e9 nationale.<\/li>\n\n\n\n<li>Les conservateurs sont attach\u00e9s aux institutions existantes et \u00e0 la stabilit\u00e9 : selon eux, multiplier les r\u00e9formes f\u00e9d\u00e9rales renforce la complexit\u00e9 administrative, menace la solidarit\u00e9 nationale et fragilise l\u2019\u00c9tat central.<\/li>\n\n\n\n<li>Ils d\u00e9fendent souvent l\u2019id\u00e9e que les compromis successifs ayant conduit \u00e0 l\u2019actuel f\u00e9d\u00e9ralisme doivent \u00eatre respect\u00e9s, estimant qu\u2019une r\u00e9forme plus pouss\u00e9e pourrait aggraver les tensions communautaires et mettre en p\u00e9ril la survie m\u00eame de l\u2019\u00c9tat belge.<\/li>\n<\/ul>\n\n\n\n<figure class=\"wp-block-table\"><table class=\"has-fixed-layout\"><thead><tr><td><\/td><td><strong>Vision moderniste<\/strong><\/td><td><strong>Vision conservatrice<\/strong><\/td><\/tr><\/thead><tbody><tr><td>Rapport \u00e0 l\u2019\u00c9tat<\/td><td>F\u00e9d\u00e9ralisme \u00e9volutif, autonomies accrues<\/td><td>F\u00e9d\u00e9ralisme stabilis\u00e9, voire pr\u00e9f\u00e9rer un mod\u00e8le plus unitaire<\/td><\/tr><tr><td>Objectif<\/td><td>Adapter institutions \u00e0 la diversit\u00e9, simplifier ou clarifier la structure (parfois aspiration conf\u00e9d\u00e9rale)<\/td><td>Pr\u00e9server l\u2019unit\u00e9 nationale, stabilit\u00e9 et solidarit\u00e9<\/td><\/tr><tr><td>Rapport \u00e0 la r\u00e9forme<\/td><td>Favorable \u00e0 de nouvelles r\u00e9formes institutionnelles<\/td><td>R\u00e9ticence \u00e0 de nouvelles r\u00e9formes, attachement au statu quo<\/td><\/tr><tr><td>Risque per\u00e7u<\/td><td>Blocage institutionnel si rien ne change<\/td><td>D\u00e9sagr\u00e9gation de l\u2019\u00c9tat et fragmentation nationale<\/td><\/tr><\/tbody><\/table><\/figure>\n\n\n\n<p class=\"wp-block-paragraph\">En r\u00e9sum\u00e9, la <strong>vision moderniste<\/strong> se caract\u00e9rise par une volont\u00e9 de prolonger l\u2019\u00e9volution f\u00e9d\u00e9rale belge pour r\u00e9pondre \u00e0 la r\u00e9alit\u00e9 multiculturelle et aux tensions internes pour pr\u00e9server la paix sociale et l\u2019ordre public, alors que la <strong>vision conservatrice<\/strong> pr\u00f4ne la pr\u00e9servation des \u00e9quilibres institutionnels actuels, voire un certain retour \u00e0 un centralisme capable de pr\u00e9server la coh\u00e9sion nationale.<\/p>\n","protected":false},"excerpt":{"rendered":"<p>Les visions moderniste et conservatrice sur l\u2019\u00e9volution de l\u2019\u00c9tat belge exposent des diff\u00e9rences claires concernant l\u2019organisation institutionnelle du pays, notamment autour du choix entre f\u00e9d\u00e9ralisme \u00e9volutif ou retour \u00e0 un mod\u00e8le plus unitaire. Vision moderniste : Vision conservatrice : Vision moderniste Vision conservatrice Rapport \u00e0 l\u2019\u00c9tat F\u00e9d\u00e9ralisme \u00e9volutif, autonomies accrues F\u00e9d\u00e9ralisme stabilis\u00e9, voire pr\u00e9f\u00e9rer un [&hellip;]<\/p>\n","protected":false},"author":1,"featured_media":0,"comment_status":"open","ping_status":"open","sticky":false,"template":"","format":"standard","meta":{"_monsterinsights_skip_tracking":false,"_uf_show_specific_survey":0,"_uf_disable_surveys":false,"footnotes":""},"categories":[21],"tags":[],"class_list":["post-704","post","type-post","status-publish","format-standard","hentry","category-institutions"],"_links":{"self":[{"href":"https:\/\/droitemoderniste.be\/index.php\/wp-json\/wp\/v2\/posts\/704","targetHints":{"allow":["GET"]}}],"collection":[{"href":"https:\/\/droitemoderniste.be\/index.php\/wp-json\/wp\/v2\/posts"}],"about":[{"href":"https:\/\/droitemoderniste.be\/index.php\/wp-json\/wp\/v2\/types\/post"}],"author":[{"embeddable":true,"href":"https:\/\/droitemoderniste.be\/index.php\/wp-json\/wp\/v2\/users\/1"}],"replies":[{"embeddable":true,"href":"https:\/\/droitemoderniste.be\/index.php\/wp-json\/wp\/v2\/comments?post=704"}],"version-history":[{"count":1,"href":"https:\/\/droitemoderniste.be\/index.php\/wp-json\/wp\/v2\/posts\/704\/revisions"}],"predecessor-version":[{"id":707,"href":"https:\/\/droitemoderniste.be\/index.php\/wp-json\/wp\/v2\/posts\/704\/revisions\/707"}],"wp:attachment":[{"href":"https:\/\/droitemoderniste.be\/index.php\/wp-json\/wp\/v2\/media?parent=704"}],"wp:term":[{"taxonomy":"category","embeddable":true,"href":"https:\/\/droitemoderniste.be\/index.php\/wp-json\/wp\/v2\/categories?post=704"},{"taxonomy":"post_tag","embeddable":true,"href":"https:\/\/droitemoderniste.be\/index.php\/wp-json\/wp\/v2\/tags?post=704"}],"curies":[{"name":"wp","href":"https:\/\/api.w.org\/{rel}","templated":true}]}}