{"id":701,"date":"2025-08-06T11:50:23","date_gmt":"2025-08-06T09:50:23","guid":{"rendered":"https:\/\/droitemoderniste.be\/?p=701"},"modified":"2025-08-06T11:50:23","modified_gmt":"2025-08-06T09:50:23","slug":"une-vision-particuliere-de-la-modernisation-des-institutions-belges","status":"publish","type":"post","link":"https:\/\/droitemoderniste.be\/index.php\/2025\/08\/06\/une-vision-particuliere-de-la-modernisation-des-institutions-belges\/","title":{"rendered":"Une vision particuli\u00e8re de la modernisation des institutions belges"},"content":{"rendered":"\n<figure class=\"wp-block-image size-full\"><img loading=\"lazy\" decoding=\"async\" width=\"275\" height=\"183\" src=\"https:\/\/droitemoderniste.be\/wp-content\/uploads\/2025\/08\/atomium.jpg\" alt=\"\" class=\"wp-image-702\"\/><\/figure>\n\n\n\n<p class=\"wp-block-paragraph\">Les diff\u00e9rentes <strong>droites francophones<\/strong> en Belgique \u2014 lib\u00e9rale classique, radicale, conservatrice et moderniste \u2014 proposent chacune une vision particuli\u00e8re de la <strong>modernisation des institutions belges<\/strong>, reflet de priorit\u00e9s id\u00e9ologiques distinctes.<\/p>\n\n\n\n<ul class=\"wp-block-list\">\n<li><strong>Droite lib\u00e9rale classique (MR, ex PRL)<\/strong> : Traditionnellement, le lib\u00e9ralisme francophone promeut un attachement marqu\u00e9 \u00e0 la structure f\u00e9d\u00e9rale existante, d\u00e9fendant notamment la solidarit\u00e9 fiscale et sociale au niveau f\u00e9d\u00e9ral.<\/li>\n<\/ul>\n\n\n\n<p class=\"wp-block-paragraph\"> Les lib\u00e9raux francophones s\u2019opposent majoritairement \u00e0 un accroissement        excessif des autonomies r\u00e9gionales, notamment en ce qui concerne la s\u00e9curit\u00e9 sociale ou l&rsquo;imp\u00f4t des soci\u00e9t\u00e9s, pour pr\u00e9server un socle commun de solidarit\u00e9 et d\u2019efficience administrative.<\/p>\n\n\n\n<p class=\"wp-block-paragraph\">Ils appellent souvent \u00e0 une \u00ab pause institutionnelle \u00bb, consid\u00e9rant que les r\u00e9formes successives ont g\u00e9n\u00e9r\u00e9 une certaine instabilit\u00e9. Cette position souligne une pens\u00e9e plut\u00f4t mod\u00e9r\u00e9e et pragmatique, soucieuse d\u2019\u00e9viter un \u00e9clatement du cadre f\u00e9d\u00e9ral au profit d\u2019un conf\u00e9d\u00e9ralisme plus accentu\u00e9.<\/p>\n\n\n\n<ul class=\"wp-block-list\">\n<li><strong>Droite radicale<\/strong> : Les mouvements radicaux francophones (comme le Front national ou le Front nouveau de Belgique) d\u00e9fendent une profonde restructuration institutionnelle : ils critiquent la multiplication des niveaux de pouvoir et appellent, dans le cas du Front national, \u00e0 un <strong>f\u00e9d\u00e9ralisme provincial<\/strong>, supprimant R\u00e9gions et Communaut\u00e9s au profit d\u2019une d\u00e9centralisation ax\u00e9e sur les provinces. Ils proposent une simplification drastique du syst\u00e8me, estimant que la structure actuelle g\u00e9n\u00e8re des \u00ab gaspillages \u00bb et qu\u2019il faut rendre le pouvoir \u00ab au peuple belge \u00bb. L\u2019approche radicale s\u2019accompagne g\u00e9n\u00e9ralement d\u2019un discours nationaliste, hostile aux compromis institutionnels qui marquent le f\u00e9d\u00e9ralisme belge.<\/li>\n<\/ul>\n\n\n\n<ul class=\"wp-block-list\">\n<li><strong>Droite conservatrice (droite catholique)<\/strong> : Traditionnellement incarn\u00e9e par le Centre d\u00e9mocrate humaniste devenu <strong>Les Engag\u00e9s<\/strong>, la droite conservatrice francophone reste attach\u00e9e \u00e0 l\u2019h\u00e9ritage national, \u00e0 la d\u00e9fense de l\u2019unit\u00e9 et \u00e0 l\u2019int\u00e9gration socio-\u00e9conomique, tout en portant une vision paternaliste de la gouvernance. Sa modernisation institutionnelle reste prudente : elle d\u00e9fend l&rsquo;int\u00e9gration dans les \u00ab piliers \u00bb historiques de la soci\u00e9t\u00e9 belge (confessionnels, notamment catholiques) et soutient le maintien d&rsquo;un \u00e9quilibre entre le f\u00e9d\u00e9ralisme et la pr\u00e9servation de liens forts \u00e0 l\u2019\u00e9chelle de l\u2019\u00c9tat belge.<\/li>\n<\/ul>\n\n\n\n<ul class=\"wp-block-list\">\n<li><strong>Droite moderniste (<mark style=\"background-color:rgba(0, 0, 0, 0);color:#ff6900\" class=\"has-inline-color\">MDM<\/mark>) <\/strong>: <mark style=\"background-color:rgba(0, 0, 0, 0);color:#ff6900\" class=\"has-inline-color\">Mouvement Droite Moderniste<\/mark> propose la refonte en profondeur de la structure f\u00e9d\u00e9rale \u2014 par exemple, le passage \u00e0 un \u00ab f\u00e9d\u00e9ralisme radical \u00bb, supprimant les Communaut\u00e9s pour ne garder que les R\u00e9gions dot\u00e9es de v\u00e9ritables capacit\u00e9s fiscales et politiques.<\/li>\n<\/ul>\n\n\n\n<p class=\"wp-block-paragraph\">Ce sch\u00e9ma vise une clarification institutionnelle nette : Bruxelles deviendrait une R\u00e9gion distincte, la Wallonie et la Flandre disposeraient d&rsquo;une autonomie tr\u00e8s pouss\u00e9e, tandis que la Communaut\u00e9 germanophone resterait s\u00e9par\u00e9e, notamment afin de simplifier la gouvernance et renforcer la lisibilit\u00e9 d\u00e9mocratique. Notre courant se d\u00e9marque par sa volont\u00e9 de d\u00e9passer les compromis historiques en rationalisant la structure \u00e0 l\u2019extr\u00eame.<\/p>\n\n\n\n<p class=\"wp-block-paragraph\">Dans l\u2019ensemble, <strong>la droite francophone classique<\/strong> s\u2019av\u00e8re plus conservatrice et pragmatique, attach\u00e9e \u00e0 une Belgique f\u00e9d\u00e9rale de compromis, tandis que les courants <strong>radicaux et modernistes<\/strong> plaident pour une simplification profonde, voire une refondation, pour mettre fin \u00e0 ce qu\u2019ils per\u00e7oivent comme une complexit\u00e9 inefficace et co\u00fbteuse. Les diff\u00e9rences entre ces familles s\u2019expriment tant dans leur rapport \u00e0 l\u2019unit\u00e9 nationale que dans la place accord\u00e9e \u00e0 la solidarit\u00e9 interr\u00e9gionale et \u00e0 l\u2019autonomie des entit\u00e9s f\u00e9d\u00e9r\u00e9es.<\/p>\n","protected":false},"excerpt":{"rendered":"<p>Les diff\u00e9rentes droites francophones en Belgique \u2014 lib\u00e9rale classique, radicale, conservatrice et moderniste \u2014 proposent chacune une vision particuli\u00e8re de la modernisation des institutions belges, reflet de priorit\u00e9s id\u00e9ologiques distinctes. Les lib\u00e9raux francophones s\u2019opposent majoritairement \u00e0 un accroissement excessif des autonomies r\u00e9gionales, notamment en ce qui concerne la s\u00e9curit\u00e9 sociale ou l&rsquo;imp\u00f4t des soci\u00e9t\u00e9s, pour [&hellip;]<\/p>\n","protected":false},"author":1,"featured_media":0,"comment_status":"open","ping_status":"open","sticky":false,"template":"","format":"standard","meta":{"_monsterinsights_skip_tracking":false,"_uf_show_specific_survey":0,"_uf_disable_surveys":false,"footnotes":""},"categories":[21],"tags":[],"class_list":["post-701","post","type-post","status-publish","format-standard","hentry","category-institutions"],"_links":{"self":[{"href":"https:\/\/droitemoderniste.be\/index.php\/wp-json\/wp\/v2\/posts\/701","targetHints":{"allow":["GET"]}}],"collection":[{"href":"https:\/\/droitemoderniste.be\/index.php\/wp-json\/wp\/v2\/posts"}],"about":[{"href":"https:\/\/droitemoderniste.be\/index.php\/wp-json\/wp\/v2\/types\/post"}],"author":[{"embeddable":true,"href":"https:\/\/droitemoderniste.be\/index.php\/wp-json\/wp\/v2\/users\/1"}],"replies":[{"embeddable":true,"href":"https:\/\/droitemoderniste.be\/index.php\/wp-json\/wp\/v2\/comments?post=701"}],"version-history":[{"count":1,"href":"https:\/\/droitemoderniste.be\/index.php\/wp-json\/wp\/v2\/posts\/701\/revisions"}],"predecessor-version":[{"id":703,"href":"https:\/\/droitemoderniste.be\/index.php\/wp-json\/wp\/v2\/posts\/701\/revisions\/703"}],"wp:attachment":[{"href":"https:\/\/droitemoderniste.be\/index.php\/wp-json\/wp\/v2\/media?parent=701"}],"wp:term":[{"taxonomy":"category","embeddable":true,"href":"https:\/\/droitemoderniste.be\/index.php\/wp-json\/wp\/v2\/categories?post=701"},{"taxonomy":"post_tag","embeddable":true,"href":"https:\/\/droitemoderniste.be\/index.php\/wp-json\/wp\/v2\/tags?post=701"}],"curies":[{"name":"wp","href":"https:\/\/api.w.org\/{rel}","templated":true}]}}