{"id":682,"date":"2025-08-03T09:44:45","date_gmt":"2025-08-03T07:44:45","guid":{"rendered":"https:\/\/droitemoderniste.be\/?p=682"},"modified":"2025-08-03T09:44:45","modified_gmt":"2025-08-03T07:44:45","slug":"moderniser-la-droite-en-belgique-francophone","status":"publish","type":"post","link":"https:\/\/droitemoderniste.be\/index.php\/2025\/08\/03\/moderniser-la-droite-en-belgique-francophone\/","title":{"rendered":"Moderniser la droite en Belgique francophone"},"content":{"rendered":"\n<figure class=\"wp-block-image size-full\"><img loading=\"lazy\" decoding=\"async\" width=\"216\" height=\"122\" src=\"https:\/\/droitemoderniste.be\/wp-content\/uploads\/2025\/08\/cote-belge.webp\" alt=\"\" class=\"wp-image-683\"\/><\/figure>\n\n\n\n<p class=\"wp-block-paragraph\">Cela implique plusieurs axes d\u2019\u00e9volution et de repositionnement, en tenant compte \u00e0 la fois des dynamiques r\u00e9centes, des attentes de l\u2019\u00e9lectorat et de la structure particuli\u00e8re du paysage politique local.<\/p>\n\n\n\n<p class=\"wp-block-paragraph\"><strong>1. Renouveler la vision \u00e9conomique et sociale<\/strong><\/p>\n\n\n\n<ul class=\"wp-block-list\">\n<li>Le MR a d\u00e9j\u00e0 effectu\u00e9 un virage net \u00e0 droite sur l\u2019axe \u00e9conomique sous l\u2019impulsion de Georges-Louis Bouchez, misant sur des politiques pro-entrepreneuriat, de r\u00e9duction des allocations sociales et de fermet\u00e9 sur la s\u00e9curit\u00e9 et l\u2019immigration.<\/li>\n\n\n\n<li>Cependant, pour le <mark style=\"background-color:rgba(0, 0, 0, 0);color:#ff6900\" class=\"has-inline-color\">MDM<\/mark>, la modernisation ne doit pas se limiter \u00e0 un durcissement du discours : il s\u2019agit aussi de <strong>proposer une droite de solutions concr\u00e8tes aux d\u00e9fis socio-\u00e9conomiques<\/strong> (emploi, \u00e9ducation, transition \u00e9nerg\u00e9tique, justice sociale dans un cadre lib\u00e9ral), capable de r\u00e9pondre aux inqui\u00e9tudes populaires tout en \u00e9vitant le pi\u00e8ge du populisme ou du suivisme vis-\u00e0-vis de l\u2019extr\u00eame droite.<\/li>\n<\/ul>\n\n\n\n<p class=\"wp-block-paragraph\"><strong>2. R\u00e9investir le d\u00e9bat culturel<\/strong><\/p>\n\n\n\n<ul class=\"wp-block-list\">\n<li>Sur le plan culturel, la droite francophone demeure relativement mod\u00e9r\u00e9e, \u00e0 l\u2019exception du MR et du <mark style=\"background-color:rgba(0, 0, 0, 0);color:#ff6900\" class=\"has-inline-color\">MDM<\/mark>. Moderniser la droite suppose un <strong>positionnement assum\u00e9 sur les enjeux de l\u2019identit\u00e9, la la\u00efcit\u00e9, la spiritualit\u00e9, la coh\u00e9sion sociale, l\u2019innovation technologique<\/strong> \u2013 tout en \u00e9vitant la tentation du repli identitaire ou du discours d\u2019exclusion.<\/li>\n<\/ul>\n\n\n\n<p class=\"wp-block-paragraph\"><strong>3. D\u00e9velopper une offre politique structur\u00e9e et innovante<\/strong><\/p>\n\n\n\n<ul class=\"wp-block-list\">\n<li>Les tentatives d\u2019installer une droite plus radicale structur\u00e9e (ex. Parti Populaire, Chez Nous) ont \u00e9chou\u00e9 ou se sont marginalis\u00e9es, du fait de l\u2019instabilit\u00e9 et de la faiblesse organisationnelle de ces acteurs. Cette fragmentation nuit \u00e0 la cr\u00e9dibilit\u00e9 de l\u2019ensemble de la famille de droite hors MR et <mark style=\"background-color:rgba(0, 0, 0, 0);color:#ff6900\" class=\"has-inline-color\">MDM<\/mark>.<\/li>\n\n\n\n<li>Moderniser la droite suppose donc de <strong>favoriser l\u2019\u00e9mergence ou la structuration d\u2019une droite r\u00e9formiste, ouverte \u00e0 l\u2019innovation d\u00e9mocratique<\/strong>, int\u00e9grant des th\u00e9matiques contemporaines (num\u00e9rique, environnement, mobilit\u00e9, concurrence internationale) tout en restant fid\u00e8le \u00e0 un socle de valeurs lib\u00e9rales ou conservatrices modernes.<\/li>\n\n\n\n<li><mark style=\"background-color:rgba(0, 0, 0, 0);color:#ff6900\" class=\"has-inline-color\">Mouvement Droite Moderniste (MDM)<\/mark> incarne une droite r\u00e9formiste mais avec une grande sensibilit\u00e9 sociale et un solide ancrage populaire.<\/li>\n<\/ul>\n\n\n\n<p class=\"wp-block-paragraph\"><strong>4. Strat\u00e9gies d\u2019ancrage et d\u2019ouverture<\/strong><\/p>\n\n\n\n<ul class=\"wp-block-list\">\n<li>Pour toucher une base \u00e9lectorale plus large, la droite doit <strong>revenir sur le terrain, renouveler ses cadres, ouvrir davantage aux nouvelles g\u00e9n\u00e9rations et \u00e0 la diversit\u00e9 sociale<\/strong>. Cela passe par un travail d\u2019ancrage local, de pr\u00e9sence sur les r\u00e9seaux sociaux et d\u2019adaptation des discours aux nouveaux modes de participation citoyenne.<\/li>\n\n\n\n<li>L\u2019accent peut \u00eatre mis sur <strong>l\u2019\u00e9ducation civique, le dialogue participatif et la lutte contre la mont\u00e9e des extr\u00eames<\/strong> par une politique de tol\u00e9rance, d\u2019inclusion et de fermet\u00e9 sur les principes d\u00e9mocratiques, face notamment \u00e0 la progression de l\u2019extr\u00eame droite en Europe.<\/li>\n<\/ul>\n\n\n\n<p class=\"wp-block-paragraph\"><strong>5. Travailler l\u2019unit\u00e9 et l\u2019alternance<\/strong><\/p>\n\n\n\n<ul class=\"wp-block-list\">\n<li>Enfin, une droite modernis\u00e9e doit \u00eatre capable d\u2019appara\u00eetre comme une <strong>vraie alternative de gouvernement<\/strong>, non dans l\u2019opposition syst\u00e9matique, mais en \u00e9tant force de propositions et de rassemblement, notamment face \u00e0 la fragmentation actuelle des partis centristes, et \u00e0 la pouss\u00e9e \u00e0 droite des familles politiques traditionnelles.<\/li>\n<\/ul>\n\n\n\n<p class=\"wp-block-paragraph\">En r\u00e9sum\u00e9, la modernisation de la droite en Belgique francophone doit allier rigueur \u00e9conomique, innovation sociale, positionnement culturel clair mais responsable, capacit\u00e9 organisationnelle et ouverture sur les nouveaux enjeux et publics de la soci\u00e9t\u00e9 francophone. Tout repli sur des recettes strictement traditionnelles ou une droitisation mim\u00e9tique de la Flandre porterait le risque soit de la marginalisation politique, soit d\u2019un isolement croissant sur la sc\u00e8ne nationale.<\/p>\n","protected":false},"excerpt":{"rendered":"<p>Cela implique plusieurs axes d\u2019\u00e9volution et de repositionnement, en tenant compte \u00e0 la fois des dynamiques r\u00e9centes, des attentes de l\u2019\u00e9lectorat et de la structure particuli\u00e8re du paysage politique local. 1. Renouveler la vision \u00e9conomique et sociale 2. R\u00e9investir le d\u00e9bat culturel 3. D\u00e9velopper une offre politique structur\u00e9e et innovante 4. Strat\u00e9gies d\u2019ancrage et d\u2019ouverture [&hellip;]<\/p>\n","protected":false},"author":1,"featured_media":0,"comment_status":"open","ping_status":"open","sticky":false,"template":"","format":"standard","meta":{"_monsterinsights_skip_tracking":false,"_uf_show_specific_survey":0,"_uf_disable_surveys":false,"footnotes":""},"categories":[18],"tags":[],"class_list":["post-682","post","type-post","status-publish","format-standard","hentry","category-droite"],"_links":{"self":[{"href":"https:\/\/droitemoderniste.be\/index.php\/wp-json\/wp\/v2\/posts\/682","targetHints":{"allow":["GET"]}}],"collection":[{"href":"https:\/\/droitemoderniste.be\/index.php\/wp-json\/wp\/v2\/posts"}],"about":[{"href":"https:\/\/droitemoderniste.be\/index.php\/wp-json\/wp\/v2\/types\/post"}],"author":[{"embeddable":true,"href":"https:\/\/droitemoderniste.be\/index.php\/wp-json\/wp\/v2\/users\/1"}],"replies":[{"embeddable":true,"href":"https:\/\/droitemoderniste.be\/index.php\/wp-json\/wp\/v2\/comments?post=682"}],"version-history":[{"count":1,"href":"https:\/\/droitemoderniste.be\/index.php\/wp-json\/wp\/v2\/posts\/682\/revisions"}],"predecessor-version":[{"id":684,"href":"https:\/\/droitemoderniste.be\/index.php\/wp-json\/wp\/v2\/posts\/682\/revisions\/684"}],"wp:attachment":[{"href":"https:\/\/droitemoderniste.be\/index.php\/wp-json\/wp\/v2\/media?parent=682"}],"wp:term":[{"taxonomy":"category","embeddable":true,"href":"https:\/\/droitemoderniste.be\/index.php\/wp-json\/wp\/v2\/categories?post=682"},{"taxonomy":"post_tag","embeddable":true,"href":"https:\/\/droitemoderniste.be\/index.php\/wp-json\/wp\/v2\/tags?post=682"}],"curies":[{"name":"wp","href":"https:\/\/api.w.org\/{rel}","templated":true}]}}