{"id":673,"date":"2025-08-02T10:39:25","date_gmt":"2025-08-02T08:39:25","guid":{"rendered":"https:\/\/droitemoderniste.be\/?p=673"},"modified":"2025-08-02T10:39:25","modified_gmt":"2025-08-02T08:39:25","slug":"definition-neutre-et-fidele-de-la-droite-populaire","status":"publish","type":"post","link":"https:\/\/droitemoderniste.be\/index.php\/2025\/08\/02\/definition-neutre-et-fidele-de-la-droite-populaire\/","title":{"rendered":"D\u00e9finition neutre et fid\u00e8le de la &lsquo;droite populaire\u00a0\u00bb"},"content":{"rendered":"\n<figure class=\"wp-block-image size-full\"><img loading=\"lazy\" decoding=\"async\" width=\"275\" height=\"183\" src=\"https:\/\/droitemoderniste.be\/wp-content\/uploads\/2025\/08\/populaire.jpg\" alt=\"\" class=\"wp-image-674\"\/><\/figure>\n\n\n\n<p class=\"wp-block-paragraph\">La droite populaire d\u00e9signe un courant politique de la droite qui met l\u2019accent sur la d\u00e9fense des classes moyennes et populaires, en valorisant des th\u00e8mes comme la s\u00e9curit\u00e9, l\u2019ordre, l\u2019autorit\u00e9 de l\u2019\u00c9tat, la promotion du m\u00e9rite, la justice sociale et la pr\u00e9servation de l\u2019identit\u00e9 nationale. <\/p>\n\n\n\n<p class=\"wp-block-paragraph\">Elle se veut attentive aux pr\u00e9occupations concr\u00e8tes du quotidien (emploi, pouvoir d\u2019achat, acc\u00e8s aux services publics) et cherche \u00e0 offrir des r\u00e9ponses pragmatiques aux d\u00e9fis rencontr\u00e9s par les Belges issus de milieux modestes ou des territoires p\u00e9riurbains et ruraux.<\/p>\n\n\n\n<p class=\"wp-block-paragraph\">La droite populaire se distingue par :<\/p>\n\n\n\n<ul class=\"wp-block-list\">\n<li><strong>Son attachement \u00e0 la souverainet\u00e9 nationale<\/strong> et \u00e0 la ma\u00eetrise des fronti\u00e8res.<\/li>\n\n\n\n<li><strong>Sa volont\u00e9 de renforcer l\u2019\u00e9galit\u00e9 des chances<\/strong> par l\u2019\u00e9cole, le travail et la s\u00e9curit\u00e9.<\/li>\n\n\n\n<li><strong>Un discours de proximit\u00e9<\/strong> avec les r\u00e9alit\u00e9s v\u00e9cues par les citoyens, en particulier ceux qui se sentent parfois oubli\u00e9s par les \u00e9lites ou les grandes m\u00e9tropoles.<\/li>\n\n\n\n<li><strong>La valorisation du travail, de l\u2019effort et de la responsabilit\u00e9 individuelle<\/strong>.<\/li>\n\n\n\n<li><strong>Une approche pragmatique<\/strong> des questions \u00e9conomiques et sociales, cherchant \u00e0 conjuguer efficacit\u00e9 et justice.<\/li>\n<\/ul>\n\n\n\n<p class=\"wp-block-paragraph\">Ce courant s\u2019inscrit dans la tradition d\u00e9mocratique belge et valorise l\u2019unit\u00e9 nationale, tout en \u00e9tant attentif \u00e0 la coh\u00e9sion sociale et \u00e0 la lutte contre les fractures territoriales ou sociales.<\/p>\n\n\n\n<p class=\"wp-block-paragraph\"><strong>En somme<\/strong>:<br><strong>La droite populaire<\/strong> est une droite qui se veut proche du peuple, attach\u00e9e \u00e0 la s\u00e9curit\u00e9, \u00e0 la justice sociale, \u00e0 la souverainet\u00e9 et \u00e0 la valorisation du travail, sans pour autant verser dans l\u2019extr\u00e9misme ou la stigmatisation.<\/p>\n\n\n\n<p class=\"wp-block-paragraph\"><strong>La droite moderniste<\/strong> est une droite social-lib\u00e9rale populaire. Ce qui, si l\u2019on s\u2019en tient aux d\u00e9finitions, d\u00e9signe une droite qui combine h\u00e9ritage lib\u00e9ral, sensibilit\u00e9 sociale et un ancrage populaire.<\/p>\n\n\n\n<p class=\"wp-block-paragraph\">Le <mark style=\"background-color:rgba(0, 0, 0, 0);color:#ff6900\" class=\"has-inline-color\">MDM <\/mark>occupe une place laiss\u00e9e vacante par le MR, qui s\u2019est progressivement \u00e9loign\u00e9 de cette synth\u00e8se et se distingue d\u00e9sormais par une orientation nettement plus lib\u00e9rale que sociale, s\u2019affichant davantage comme un parti de r\u00e9forme et de classes moyennes sup\u00e9rieures que comme une formation \u00ab populaire \u00bb au sens social du terme. L\u2019aile \u00ab\u202fsocial-lib\u00e9rale\u202f\u00bb a\u00a0 disparu du MR, laissant place \u00e0 une direction qui revendique \u00ab\u202fle parti le plus \u00e0 droite du pays sur l\u2019axe \u00e9conomique\u202f\u00bb entre 2019 et 2024.<\/p>\n\n\n\n<p class=\"wp-block-paragraph\"><\/p>\n\n\n\n<p class=\"wp-block-paragraph\"><mark style=\"background-color:rgba(0, 0, 0, 0);color:#ff6900\" class=\"has-inline-color\">\u00ab\u00a0MDM\u00a0: Fier d\u2019\u00eatre social-lib\u00e9ral\u00a0!\u00a0\u00bb<\/mark><\/p>\n","protected":false},"excerpt":{"rendered":"<p>La droite populaire d\u00e9signe un courant politique de la droite qui met l\u2019accent sur la d\u00e9fense des classes moyennes et populaires, en valorisant des th\u00e8mes comme la s\u00e9curit\u00e9, l\u2019ordre, l\u2019autorit\u00e9 de l\u2019\u00c9tat, la promotion du m\u00e9rite, la justice sociale et la pr\u00e9servation de l\u2019identit\u00e9 nationale. Elle se veut attentive aux pr\u00e9occupations concr\u00e8tes du quotidien (emploi, [&hellip;]<\/p>\n","protected":false},"author":1,"featured_media":0,"comment_status":"open","ping_status":"open","sticky":false,"template":"","format":"standard","meta":{"_monsterinsights_skip_tracking":false,"_uf_show_specific_survey":0,"_uf_disable_surveys":false,"footnotes":""},"categories":[8],"tags":[],"class_list":["post-673","post","type-post","status-publish","format-standard","hentry","category-positionnement"],"_links":{"self":[{"href":"https:\/\/droitemoderniste.be\/index.php\/wp-json\/wp\/v2\/posts\/673","targetHints":{"allow":["GET"]}}],"collection":[{"href":"https:\/\/droitemoderniste.be\/index.php\/wp-json\/wp\/v2\/posts"}],"about":[{"href":"https:\/\/droitemoderniste.be\/index.php\/wp-json\/wp\/v2\/types\/post"}],"author":[{"embeddable":true,"href":"https:\/\/droitemoderniste.be\/index.php\/wp-json\/wp\/v2\/users\/1"}],"replies":[{"embeddable":true,"href":"https:\/\/droitemoderniste.be\/index.php\/wp-json\/wp\/v2\/comments?post=673"}],"version-history":[{"count":1,"href":"https:\/\/droitemoderniste.be\/index.php\/wp-json\/wp\/v2\/posts\/673\/revisions"}],"predecessor-version":[{"id":675,"href":"https:\/\/droitemoderniste.be\/index.php\/wp-json\/wp\/v2\/posts\/673\/revisions\/675"}],"wp:attachment":[{"href":"https:\/\/droitemoderniste.be\/index.php\/wp-json\/wp\/v2\/media?parent=673"}],"wp:term":[{"taxonomy":"category","embeddable":true,"href":"https:\/\/droitemoderniste.be\/index.php\/wp-json\/wp\/v2\/categories?post=673"},{"taxonomy":"post_tag","embeddable":true,"href":"https:\/\/droitemoderniste.be\/index.php\/wp-json\/wp\/v2\/tags?post=673"}],"curies":[{"name":"wp","href":"https:\/\/api.w.org\/{rel}","templated":true}]}}