{"id":654,"date":"2025-07-30T09:07:48","date_gmt":"2025-07-30T07:07:48","guid":{"rendered":"https:\/\/droitemoderniste.be\/?p=654"},"modified":"2025-07-30T09:07:48","modified_gmt":"2025-07-30T07:07:48","slug":"droite-moderniste-droite-populaire","status":"publish","type":"post","link":"https:\/\/droitemoderniste.be\/index.php\/2025\/07\/30\/droite-moderniste-droite-populaire\/","title":{"rendered":"Droite moderniste, droite populaire ?"},"content":{"rendered":"\n<figure class=\"wp-block-image size-full\"><img loading=\"lazy\" decoding=\"async\" width=\"500\" height=\"316\" src=\"https:\/\/droitemoderniste.be\/wp-content\/uploads\/2025\/07\/muppets.png\" alt=\"\" class=\"wp-image-655\" srcset=\"https:\/\/droitemoderniste.be\/wp-content\/uploads\/2025\/07\/muppets.png 500w, https:\/\/droitemoderniste.be\/wp-content\/uploads\/2025\/07\/muppets-300x190.png 300w\" sizes=\"auto, (max-width: 500px) 100vw, 500px\" \/><\/figure>\n\n\n\n<p class=\"wp-block-paragraph\"><\/p>\n\n\n\n<p class=\"wp-block-paragraph\"><strong>1. Nous pr\u00f4nons des valeurs positives et concr\u00e8tes<\/strong><\/p>\n\n\n\n<ul class=\"wp-block-list\">\n<li>Nous insistons sur la proximit\u00e9 avec les citoyens, notamment les classes populaires et moyennes, en valorisant l\u2019\u00e9coute et la prise en compte des pr\u00e9occupations quotidiennes (emploi, s\u00e9curit\u00e9, pouvoir d\u2019achat).<\/li>\n\n\n\n<li>Nous sommes attach\u00e9s \u00e0 la justice sociale, \u00e0 l\u2019\u00e9galit\u00e9 des chances et \u00e0 la responsabilit\u00e9 individuelle\u00a0: le <strong><mark style=\"background-color:rgba(0, 0, 0, 0);color:#ff6900\" class=\"has-inline-color\">MDM<\/mark><\/strong> est un acteur de coh\u00e9sion sociale.<\/li>\n\n\n\n<li>Nous valorisons la d\u00e9fense de la souverainet\u00e9 nationale et de l\u2019identit\u00e9 culturelle comme un engagement pour la pr\u00e9servation d\u2019un cadre commun garantissant la stabilit\u00e9 et la solidarit\u00e9.<\/li>\n<\/ul>\n\n\n\n<p class=\"wp-block-paragraph\"><strong>2. Nous adoptons un discours constructif et pragmatique<\/strong><\/p>\n\n\n\n<ul class=\"wp-block-list\">\n<li>Nous proposons des solutions concr\u00e8tes et r\u00e9alisables, en \u00e9vitant les slogans trop simplistes ou pol\u00e9miques qui peuvent d\u00e9cr\u00e9dibiliser.<\/li>\n\n\n\n<li>Nous nous consid\u00e9rons comme une force d\u2019innovation sociale et \u00e9conomique, capable de s\u2019adapter aux d\u00e9fis contemporains tout en respectant les traditions belges.<\/li>\n\n\n\n<li>Nous insistons sur notre capacit\u00e9 \u00e0 rassembler, d\u00e9passer les clivages et travailler pour l\u2019int\u00e9r\u00eat g\u00e9n\u00e9ral.<\/li>\n\n\n\n<li>Nous utilisons un langage inclusif et positif, nous \u00e9vitons les termes clivants ou stigmatisants.<\/li>\n<\/ul>\n\n\n\n<p class=\"wp-block-paragraph\">Cette approche permet de d\u00e9passer les clich\u00e9s et de valoriser pleinement notre nouveau courant politique dans le d\u00e9bat public.<\/p>\n","protected":false},"excerpt":{"rendered":"<p>1. Nous pr\u00f4nons des valeurs positives et concr\u00e8tes 2. Nous adoptons un discours constructif et pragmatique Cette approche permet de d\u00e9passer les clich\u00e9s et de valoriser pleinement notre nouveau courant politique dans le d\u00e9bat public.<\/p>\n","protected":false},"author":1,"featured_media":0,"comment_status":"open","ping_status":"open","sticky":false,"template":"","format":"standard","meta":{"_monsterinsights_skip_tracking":false,"_uf_show_specific_survey":0,"_uf_disable_surveys":false,"footnotes":""},"categories":[8],"tags":[],"class_list":["post-654","post","type-post","status-publish","format-standard","hentry","category-positionnement"],"_links":{"self":[{"href":"https:\/\/droitemoderniste.be\/index.php\/wp-json\/wp\/v2\/posts\/654","targetHints":{"allow":["GET"]}}],"collection":[{"href":"https:\/\/droitemoderniste.be\/index.php\/wp-json\/wp\/v2\/posts"}],"about":[{"href":"https:\/\/droitemoderniste.be\/index.php\/wp-json\/wp\/v2\/types\/post"}],"author":[{"embeddable":true,"href":"https:\/\/droitemoderniste.be\/index.php\/wp-json\/wp\/v2\/users\/1"}],"replies":[{"embeddable":true,"href":"https:\/\/droitemoderniste.be\/index.php\/wp-json\/wp\/v2\/comments?post=654"}],"version-history":[{"count":1,"href":"https:\/\/droitemoderniste.be\/index.php\/wp-json\/wp\/v2\/posts\/654\/revisions"}],"predecessor-version":[{"id":656,"href":"https:\/\/droitemoderniste.be\/index.php\/wp-json\/wp\/v2\/posts\/654\/revisions\/656"}],"wp:attachment":[{"href":"https:\/\/droitemoderniste.be\/index.php\/wp-json\/wp\/v2\/media?parent=654"}],"wp:term":[{"taxonomy":"category","embeddable":true,"href":"https:\/\/droitemoderniste.be\/index.php\/wp-json\/wp\/v2\/categories?post=654"},{"taxonomy":"post_tag","embeddable":true,"href":"https:\/\/droitemoderniste.be\/index.php\/wp-json\/wp\/v2\/tags?post=654"}],"curies":[{"name":"wp","href":"https:\/\/api.w.org\/{rel}","templated":true}]}}