{"id":651,"date":"2025-07-29T09:25:33","date_gmt":"2025-07-29T07:25:33","guid":{"rendered":"https:\/\/droitemoderniste.be\/?p=651"},"modified":"2025-07-29T09:25:33","modified_gmt":"2025-07-29T07:25:33","slug":"positionnement-du-mouvement-droite-moderniste-sur-la-securite-et-lintegration","status":"publish","type":"post","link":"https:\/\/droitemoderniste.be\/index.php\/2025\/07\/29\/positionnement-du-mouvement-droite-moderniste-sur-la-securite-et-lintegration\/","title":{"rendered":"Positionnement du \u00ab\u00a0Mouvement Droite Moderniste\u00a0\u00bb sur la s\u00e9curit\u00e9 et l\u2019int\u00e9gration"},"content":{"rendered":"\n<figure class=\"wp-block-image size-full\"><img loading=\"lazy\" decoding=\"async\" width=\"318\" height=\"159\" src=\"https:\/\/droitemoderniste.be\/wp-content\/uploads\/2025\/07\/policiers2.jpg\" alt=\"\" class=\"wp-image-652\" srcset=\"https:\/\/droitemoderniste.be\/wp-content\/uploads\/2025\/07\/policiers2.jpg 318w, https:\/\/droitemoderniste.be\/wp-content\/uploads\/2025\/07\/policiers2-300x150.jpg 300w\" sizes=\"auto, (max-width: 318px) 100vw, 318px\" \/><\/figure>\n\n\n\n<p class=\"wp-block-paragraph\"><strong>S\u00e9curit\u00e9 : un enjeu polarisant et structurant<\/strong><\/p>\n\n\n\n<ul class=\"wp-block-list\">\n<li>Nous savons que les discours sur la s\u00e9curit\u00e9 sont particuli\u00e8rement sensibles et polarisants dans le d\u00e9bat politique, structurant fortement les pr\u00e9f\u00e9rences des \u00e9lecteurs. Les partis de droite et d\u2019extr\u00eame droite sont traditionnellement identifi\u00e9s comme les acteurs les plus engag\u00e9s sur ces th\u00e9matiques, et ils cherchent \u00e0 \u00ab\u00a0activer\u00a0\u00bb l\u2019enjeu s\u00e9curitaire pour renforcer leur cr\u00e9dibilit\u00e9 aupr\u00e8s des \u00e9lecteurs pr\u00e9occup\u00e9s par la d\u00e9linquance, le terrorisme ou la coh\u00e9sion sociale.<\/li>\n\n\n\n<li>Nous savons aussi que la confiance des \u00e9lecteurs va d\u00e9pendre de la capacit\u00e9 du <strong><mark style=\"background-color:rgba(0, 0, 0, 0);color:#ff6900\" class=\"has-inline-color\">MDM<\/mark><\/strong> \u00e0 proposer des solutions per\u00e7ues comme cr\u00e9dibles, \u00e9quilibr\u00e9es et non excessivement partisanes. Si le discours sur la s\u00e9curit\u00e9 est jug\u00e9 trop radical, il peut susciter la m\u00e9fiance, notamment chez les \u00e9lecteurs centristes ou mod\u00e9r\u00e9s. \u00c0 l\u2019inverse, un discours trop timor\u00e9 peut \u00eatre per\u00e7u comme un manque de fermet\u00e9 par l\u2019\u00e9lectorat conservateur.<\/li>\n\n\n\n<li><strong>Nous pr\u00e9conisons un durcissement intelligent de la loi<\/strong> <strong>(c.\u00e0.d. modernisation r\u00e9glementaire et gouvernance agile) <\/strong>pour lutter contre la vision d\u2019une Belgique Orange M\u00e9canique, gangr\u00e9n\u00e9e par l\u2019ins\u00e9curit\u00e9 et la violence.<strong> <mark style=\"background-color:rgba(0, 0, 0, 0);color:#ff6900\" class=\"has-inline-color\">MDM<\/mark><\/strong> est une <strong>formation politique de<\/strong> <strong>reconqu\u00eate civilisationnelle<\/strong>, notamment de la \u00ab\u00a0belgitude\u00a0\u00bb\u00a0: nous ne voulons pas \u00eatre les spectateurs impuissants du naufrage de notre pays.<\/li>\n\n\n\n<li><strong><mark style=\"background-color:rgba(0, 0, 0, 0);color:#ff6900\" class=\"has-inline-color\">MDM<\/mark><\/strong> incarnera\u00a0 une politique s\u00e9curitaire en phase avec les d\u00e9fis du XXIe si\u00e8cle, tourn\u00e9e vers l\u2019innovation, la r\u00e9gulation agile, l\u2019expertise technologique, une coop\u00e9ration \u00e9largie et une r\u00e9elle implication citoyenne, offrant ainsi \u00e0 la Belgique une s\u00e9curit\u00e9 plus efficace et adapt\u00e9e aux enjeux contemporains. (cf. onglets \u00ab\u00a0Programme\u00a0\u00bb\/ \u00ab\u00a0Priorit\u00e9s\u00a0\u00bb\/ \u00ab\u00a0s\u00e9curit\u00e9\u00a0\u00bb\/ \u00ab\u00a0agilit\u00e9\u00a0\u00bb)<\/li>\n<\/ul>\n\n\n\n<p class=\"wp-block-paragraph\"><strong>Int\u00e9gration : \u00e9quilibre entre fermet\u00e9 et ouverture<\/strong><\/p>\n\n\n\n<ul class=\"wp-block-list\">\n<li>Nous savons que les positions sur l\u2019int\u00e9gration sont \u00e9galement d\u00e9terminantes. Les \u00e9lecteurs traditionnels attendent des propositions qui garantissent l\u2019ordre public tout en respectant les principes d\u00e9mocratiques et les droits fondamentaux. Un discours \u00e9quilibr\u00e9, qui combine exigences d\u2019int\u00e9gration et respect de la diversit\u00e9, peut renforcer la confiance. \u00c0 l\u2019inverse, un discours per\u00e7u comme stigmatisant ou simpliste risque de fracturer l\u2019\u00e9lectorat et d\u2019alimenter la d\u00e9fiance.<\/li>\n\n\n\n<li>Nous sommes ravis de la diversit\u00e9, tant qu\u2019elle respecte les lois et coutumes du peuple belge historique.<\/li>\n\n\n\n<li>La seule discrimination que nous faisons est essentiellement administrative\u00a0: nous faisons la diff\u00e9rence entre immigration l\u00e9gale et immigration ill\u00e9gale.<\/li>\n\n\n\n<li>Notre discours est essentiellement rationnel\u00a0: impartial, \u00e9quilibr\u00e9 et coh\u00e9rent. Nous reconnaissons autant les bienfaits que les inconv\u00e9nients de l\u2019immigration et de la diversit\u00e9. Nous tenons compte des enjeux \u00e9conomiques, culturels, identitaires et s\u00e9curitaires de l\u2019immigration\u00a0 pour faire des propositions politiques impartiales et coh\u00e9rentes.<\/li>\n<\/ul>\n\n\n\n<p class=\"wp-block-paragraph\"><strong>Synth\u00e8se<\/strong><\/p>\n\n\n\n<ul class=\"wp-block-list\">\n<li>Nous voulons un durcissement intelligent de la loi, c\u2019est-\u00e0-dire un durcissement mod\u00e9r\u00e9 par la modernisation de la r\u00e8glementation en mati\u00e8re s\u00e9curitaire et en mati\u00e8re d\u2019int\u00e9gration, et une gouvernance plus agile, plus r\u00e9active.<\/li>\n<\/ul>\n","protected":false},"excerpt":{"rendered":"<p>S\u00e9curit\u00e9 : un enjeu polarisant et structurant Int\u00e9gration : \u00e9quilibre entre fermet\u00e9 et ouverture Synth\u00e8se<\/p>\n","protected":false},"author":1,"featured_media":0,"comment_status":"open","ping_status":"open","sticky":false,"template":"","format":"standard","meta":{"_monsterinsights_skip_tracking":false,"_uf_show_specific_survey":0,"_uf_disable_surveys":false,"footnotes":""},"categories":[8],"tags":[],"class_list":["post-651","post","type-post","status-publish","format-standard","hentry","category-positionnement"],"_links":{"self":[{"href":"https:\/\/droitemoderniste.be\/index.php\/wp-json\/wp\/v2\/posts\/651","targetHints":{"allow":["GET"]}}],"collection":[{"href":"https:\/\/droitemoderniste.be\/index.php\/wp-json\/wp\/v2\/posts"}],"about":[{"href":"https:\/\/droitemoderniste.be\/index.php\/wp-json\/wp\/v2\/types\/post"}],"author":[{"embeddable":true,"href":"https:\/\/droitemoderniste.be\/index.php\/wp-json\/wp\/v2\/users\/1"}],"replies":[{"embeddable":true,"href":"https:\/\/droitemoderniste.be\/index.php\/wp-json\/wp\/v2\/comments?post=651"}],"version-history":[{"count":1,"href":"https:\/\/droitemoderniste.be\/index.php\/wp-json\/wp\/v2\/posts\/651\/revisions"}],"predecessor-version":[{"id":653,"href":"https:\/\/droitemoderniste.be\/index.php\/wp-json\/wp\/v2\/posts\/651\/revisions\/653"}],"wp:attachment":[{"href":"https:\/\/droitemoderniste.be\/index.php\/wp-json\/wp\/v2\/media?parent=651"}],"wp:term":[{"taxonomy":"category","embeddable":true,"href":"https:\/\/droitemoderniste.be\/index.php\/wp-json\/wp\/v2\/categories?post=651"},{"taxonomy":"post_tag","embeddable":true,"href":"https:\/\/droitemoderniste.be\/index.php\/wp-json\/wp\/v2\/tags?post=651"}],"curies":[{"name":"wp","href":"https:\/\/api.w.org\/{rel}","templated":true}]}}