{"id":647,"date":"2025-07-28T09:50:22","date_gmt":"2025-07-28T07:50:22","guid":{"rendered":"https:\/\/droitemoderniste.be\/?p=647"},"modified":"2025-07-28T09:50:22","modified_gmt":"2025-07-28T07:50:22","slug":"notre-position-sur-le-spiritualisme-renforce-loriginalite-de-notre-mouvement-droite-moderniste","status":"publish","type":"post","link":"https:\/\/droitemoderniste.be\/index.php\/2025\/07\/28\/notre-position-sur-le-spiritualisme-renforce-loriginalite-de-notre-mouvement-droite-moderniste\/","title":{"rendered":"Notre position sur le spiritualisme renforce l\u2019originalit\u00e9 de notre Mouvement\u00a0 Droite Moderniste"},"content":{"rendered":"\n<figure class=\"wp-block-image size-full\"><img loading=\"lazy\" decoding=\"async\" width=\"275\" height=\"183\" src=\"https:\/\/droitemoderniste.be\/wp-content\/uploads\/2025\/07\/metamorphose1.jpg\" alt=\"\" class=\"wp-image-648\"\/><\/figure>\n\n\n\n<p class=\"wp-block-paragraph\">Pour affirmer l\u2019originalit\u00e9 de notre Mouvement, nous adoptons une position sur le spiritualisme qui s\u2019inscrit \u00e0 la fois dans l\u2019innovation et la r\u00e9flexion critique, tout en se d\u00e9marquant nettement des usages traditionnels ou conservateurs de la spiritualit\u00e9 dans la politique.<\/p>\n\n\n\n<p class=\"wp-block-paragraph\"><strong>1. Nous pr\u00f4nons un \u00ab spiritualisme ind\u00e9pendant \u00bb et critique<\/strong><\/p>\n\n\n\n<p class=\"wp-block-paragraph\">Le spiritualisme, dans son histoire, a \u00e9t\u00e9 porteur d\u2019une r\u00e9flexion autonome sur le politique et la religion, permettant notamment l\u2019\u00e9mergence de pens\u00e9es critiques et l\u2019\u00e9mancipation de groupes traditionnellement exclus du d\u00e9bat public, comme les femmes.<\/p>\n\n\n\n<p class=\"wp-block-paragraph\">&nbsp;En nous inspirant de cette tradition, nous d\u00e9fendons un spiritualisme qui refuse tout dogmatisme, qu\u2019il soit religieux ou mat\u00e9rialiste, et qui encourage la remise en question des normes \u00e9tablies, y compris dans l\u2019ordre social et politique.<\/p>\n\n\n\n<p class=\"wp-block-paragraph\"><strong>2. Nous faisons du spiritualisme un vecteur d\u2019innovation sociale et politique<\/strong><\/p>\n\n\n\n<p class=\"wp-block-paragraph\">Notre originalit\u00e9 r\u00e9side dans la revendication d\u2019un spiritualisme comme moteur d\u2019innovation, non seulement dans la sph\u00e8re religieuse, mais aussi dans l\u2019organisation sociale, la citoyennet\u00e9 et la r\u00e9flexion sur le sens de l\u2019engagement collectif.<\/p>\n\n\n\n<p class=\"wp-block-paragraph\">&nbsp;Cela implique de consid\u00e9rer la spiritualit\u00e9 non comme un h\u00e9ritage fig\u00e9, mais comme une ressource \u00e9volutive, capable d\u2019inspirer des r\u00e9ponses in\u00e9dites aux d\u00e9fis contemporains (\u00e9cologie, justice sociale, \u00e9galit\u00e9, etc.).<\/p>\n\n\n\n<p class=\"wp-block-paragraph\"><strong>3. Nous valorisons l\u2019autonomie de la r\u00e9flexion spirituelle<\/strong><\/p>\n\n\n\n<p class=\"wp-block-paragraph\">Le <mark style=\"background-color:rgba(0, 0, 0, 0);color:#ff6900\" class=\"has-inline-color\">MDM\u00a0<\/mark> d\u00e9fend l\u2019id\u00e9e que la spiritualit\u00e9 doit rester ind\u00e9pendante des institutions religieuses et des pouvoirs politiques, et qu\u2019elle doit encourager chaque citoyen \u00e0 d\u00e9velopper une r\u00e9flexion personnelle sur le sens, la justice et la responsabilit\u00e9 collective.<\/p>\n\n\n\n<p class=\"wp-block-paragraph\">&nbsp;Cette autonomie est un gage de pluralisme et de respect des consciences.<\/p>\n\n\n\n<p class=\"wp-block-paragraph\"><strong>4. Nous promouvons l\u2019\u00e9galit\u00e9 et l\u2019inclusion par le spiritualisme<\/strong><\/p>\n\n\n\n<p class=\"wp-block-paragraph\">Historiquement, le spiritualisme a permis \u00e0 des groupes marginalis\u00e9s, notamment les femmes, de s\u2019exprimer et de revendiquer l\u2019\u00e9galit\u00e9 des droits.<\/p>\n\n\n\n<p class=\"wp-block-paragraph\">En nous appuyant sur cet h\u00e9ritage, nous faisons du spiritualisme un levier pour l\u2019inclusion, l\u2019\u00e9galit\u00e9 et la reconnaissance de la diversit\u00e9 au sein de la soci\u00e9t\u00e9.<\/p>\n\n\n\n<p class=\"wp-block-paragraph\"><strong>5. Nous refusons l\u2019instrumentalisation et le repli identitaire<\/strong><\/p>\n\n\n\n<p class=\"wp-block-paragraph\">Enfin, pour renforcer l\u2019originalit\u00e9 de notre Mouvement, nous affirmons que le spiritualisme ne doit pas servir de pr\u00e9texte \u00e0 l\u2019exclusion, au repli communautaire ou \u00e0 la justification d\u2019une hi\u00e9rarchie sociale, mais qu\u2019il doit au contraire ouvrir \u00e0 la critique, au dialogue et \u00e0 l\u2019innovation collective.<\/p>\n\n\n\n<p class=\"wp-block-paragraph\"><strong>En synth\u00e8se :<\/strong><br>Notre position originale et forte consiste \u00e0 promouvoir un \u00ab spiritualisme ind\u00e9pendant, critique et innovant \u00bb, source d\u2019\u00e9mancipation, d\u2019\u00e9galit\u00e9 et de r\u00e9flexion collective, tout en refusant son instrumentalisation identitaire ou dogmatique. Ce positionnement place la \u00ab droite moderniste \u00bb \u00e0 l\u2019avant-garde d\u2019un renouveau spirituel compatible avec les exigences de la modernit\u00e9, du pluralisme et de la justice sociale.<\/p>\n","protected":false},"excerpt":{"rendered":"<p>Pour affirmer l\u2019originalit\u00e9 de notre Mouvement, nous adoptons une position sur le spiritualisme qui s\u2019inscrit \u00e0 la fois dans l\u2019innovation et la r\u00e9flexion critique, tout en se d\u00e9marquant nettement des usages traditionnels ou conservateurs de la spiritualit\u00e9 dans la politique. 1. Nous pr\u00f4nons un \u00ab spiritualisme ind\u00e9pendant \u00bb et critique Le spiritualisme, dans son histoire, [&hellip;]<\/p>\n","protected":false},"author":1,"featured_media":0,"comment_status":"open","ping_status":"open","sticky":false,"template":"","format":"standard","meta":{"_monsterinsights_skip_tracking":false,"_uf_show_specific_survey":0,"_uf_disable_surveys":false,"footnotes":""},"categories":[9],"tags":[],"class_list":["post-647","post","type-post","status-publish","format-standard","hentry","category-spiritualisme"],"_links":{"self":[{"href":"https:\/\/droitemoderniste.be\/index.php\/wp-json\/wp\/v2\/posts\/647","targetHints":{"allow":["GET"]}}],"collection":[{"href":"https:\/\/droitemoderniste.be\/index.php\/wp-json\/wp\/v2\/posts"}],"about":[{"href":"https:\/\/droitemoderniste.be\/index.php\/wp-json\/wp\/v2\/types\/post"}],"author":[{"embeddable":true,"href":"https:\/\/droitemoderniste.be\/index.php\/wp-json\/wp\/v2\/users\/1"}],"replies":[{"embeddable":true,"href":"https:\/\/droitemoderniste.be\/index.php\/wp-json\/wp\/v2\/comments?post=647"}],"version-history":[{"count":1,"href":"https:\/\/droitemoderniste.be\/index.php\/wp-json\/wp\/v2\/posts\/647\/revisions"}],"predecessor-version":[{"id":649,"href":"https:\/\/droitemoderniste.be\/index.php\/wp-json\/wp\/v2\/posts\/647\/revisions\/649"}],"wp:attachment":[{"href":"https:\/\/droitemoderniste.be\/index.php\/wp-json\/wp\/v2\/media?parent=647"}],"wp:term":[{"taxonomy":"category","embeddable":true,"href":"https:\/\/droitemoderniste.be\/index.php\/wp-json\/wp\/v2\/categories?post=647"},{"taxonomy":"post_tag","embeddable":true,"href":"https:\/\/droitemoderniste.be\/index.php\/wp-json\/wp\/v2\/tags?post=647"}],"curies":[{"name":"wp","href":"https:\/\/api.w.org\/{rel}","templated":true}]}}