{"id":644,"date":"2025-07-27T14:00:18","date_gmt":"2025-07-27T12:00:18","guid":{"rendered":"https:\/\/droitemoderniste.be\/?p=644"},"modified":"2025-07-27T14:00:18","modified_gmt":"2025-07-27T12:00:18","slug":"quel-rapport-a-la-religion-pour-une-droite-moderniste","status":"publish","type":"post","link":"https:\/\/droitemoderniste.be\/index.php\/2025\/07\/27\/quel-rapport-a-la-religion-pour-une-droite-moderniste\/","title":{"rendered":"Quel rapport \u00e0 la religion pour une droite moderniste ?"},"content":{"rendered":"\n<figure class=\"wp-block-image size-full\"><img loading=\"lazy\" decoding=\"async\" width=\"1024\" height=\"576\" src=\"https:\/\/droitemoderniste.be\/wp-content\/uploads\/2025\/07\/jul17-07-526192642-1024x576-1.jpg\" alt=\"\" class=\"wp-image-645\" srcset=\"https:\/\/droitemoderniste.be\/wp-content\/uploads\/2025\/07\/jul17-07-526192642-1024x576-1.jpg 1024w, https:\/\/droitemoderniste.be\/wp-content\/uploads\/2025\/07\/jul17-07-526192642-1024x576-1-300x169.jpg 300w, https:\/\/droitemoderniste.be\/wp-content\/uploads\/2025\/07\/jul17-07-526192642-1024x576-1-768x432.jpg 768w\" sizes=\"auto, (max-width: 1024px) 100vw, 1024px\" \/><\/figure>\n\n\n\n<p class=\"wp-block-paragraph\">Pour qu\u2019un nouveau parti politique instaurant la notion de \u00ab droite moderniste \u00bb se distingue clairement de la droite conservatrice, de la droite radicale et de la droite lib\u00e9rale classique, il doit adopter un rapport \u00e0 la religion r\u00e9solument diff\u00e9rent, \u00e0 la fois ancr\u00e9 dans la modernit\u00e9 et adapt\u00e9 aux enjeux contemporains.<\/p>\n\n\n\n<p class=\"wp-block-paragraph\"><strong>1. Rompre avec l\u2019instrumentalisation traditionnelle de la religion<\/strong><\/p>\n\n\n\n<p class=\"wp-block-paragraph\">Les droites conservatrices et r\u00e9actionnaires en Belgique se sont historiquement appuy\u00e9es sur la religion, notamment le catholicisme, comme socle de l\u00e9gitimit\u00e9, de hi\u00e9rarchie sociale et d\u2019ordre moral.<\/p>\n\n\n\n<p class=\"wp-block-paragraph\">La droite radicale, quant \u00e0 elle, instrumentalise souvent la religion \u00e0 des fins identitaires ou nationalistes. La droite lib\u00e9rale classique, bien qu\u2019ayant \u00e9volu\u00e9 vers une certaine neutralit\u00e9, reste marqu\u00e9e par la d\u00e9fense de valeurs traditionnelles et un rapport ambigu \u00e0 la religion.<\/p>\n\n\n\n<p class=\"wp-block-paragraph\"><strong>2. Affirmer la s\u00e9paration stricte entre sph\u00e8re publique et sph\u00e8re religieuse<\/strong><\/p>\n\n\n\n<p class=\"wp-block-paragraph\">La modernit\u00e9 politique se caract\u00e9rise par la s\u00e9paration entre l\u2019\u00c9tat et la soci\u00e9t\u00e9 civile, entre la sph\u00e8re publique et le domaine priv\u00e9.<\/p>\n\n\n\n<p class=\"wp-block-paragraph\">Une droite moderniste doit donc affirmer clairement que la religion rel\u00e8ve de la sph\u00e8re priv\u00e9e et ne doit pas dicter l\u2019action publique ni servir de fondement \u00e0 la l\u00e9gitimit\u00e9 politique. Cela implique de d\u00e9fendre la neutralit\u00e9 de l\u2019\u00c9tat et de garantir la libert\u00e9 de conscience pour tous, sans privil\u00e8ge ni stigmatisation d\u2019aucune confession.<\/p>\n\n\n\n<p class=\"wp-block-paragraph\"><strong>3. Valoriser la diversit\u00e9 et le pluralisme religieux<\/strong><\/p>\n\n\n\n<p class=\"wp-block-paragraph\">Plut\u00f4t que de promouvoir une religion dominante ou d\u2019opposer la la\u00efcit\u00e9 \u00e0 la diversit\u00e9 des croyances, la droite moderniste&nbsp; reconna\u00eet et valorise le pluralisme religieux comme une richesse de la soci\u00e9t\u00e9 contemporaine. Elle&nbsp; encourage le dialogue interreligieux et la coexistence pacifique, tout en maintenant l\u2019exigence de respect des lois et des principes belgicains.<\/p>\n\n\n\n<p class=\"wp-block-paragraph\"><strong>4. Proposer une \u00e9thique commune fond\u00e9e sur la raison et le d\u00e9bat<\/strong><\/p>\n\n\n\n<p class=\"wp-block-paragraph\">Une droite moderniste s\u2019inspire de la modernit\u00e9 politique pour promouvoir une \u00e9thique commune, fond\u00e9e sur la raison, le d\u00e9bat d\u00e9mocratique et le respect de la dignit\u00e9 humaine, ind\u00e9pendamment des convictions religieuses. La religion n\u2019est ni rejet\u00e9e ni \u00e9rig\u00e9e en norme, mais reconnue comme une source possible d\u2019inspiration individuelle, sans r\u00f4le prescriptif dans la sph\u00e8re publique.<\/p>\n\n\n\n<p class=\"wp-block-paragraph\"><strong>En synth\u00e8se<\/strong><\/p>\n\n\n\n<p class=\"wp-block-paragraph\">Une \u00ab droite moderniste \u00bb se distingue par un rapport \u00e0 la religion fond\u00e9 sur la stricte s\u00e9paration entre sph\u00e8re publique et sph\u00e8re priv\u00e9e, la valorisation du pluralisme religieux, la neutralit\u00e9 de l\u2019\u00c9tat et la promotion d\u2019une \u00e9thique commune ind\u00e9pendante de toute r\u00e9f\u00e9rence religieuse. Ce positionnement rompt avec l\u2019instrumentalisation traditionnelle de la religion par les droites historiques et s\u2019inscrit pleinement dans la modernit\u00e9 politique.<\/p>\n","protected":false},"excerpt":{"rendered":"<p>Pour qu\u2019un nouveau parti politique instaurant la notion de \u00ab droite moderniste \u00bb se distingue clairement de la droite conservatrice, de la droite radicale et de la droite lib\u00e9rale classique, il doit adopter un rapport \u00e0 la religion r\u00e9solument diff\u00e9rent, \u00e0 la fois ancr\u00e9 dans la modernit\u00e9 et adapt\u00e9 aux enjeux contemporains. 1. Rompre avec [&hellip;]<\/p>\n","protected":false},"author":1,"featured_media":0,"comment_status":"open","ping_status":"open","sticky":false,"template":"","format":"standard","meta":{"_monsterinsights_skip_tracking":false,"_uf_show_specific_survey":0,"_uf_disable_surveys":false,"footnotes":""},"categories":[9],"tags":[],"class_list":["post-644","post","type-post","status-publish","format-standard","hentry","category-spiritualisme"],"_links":{"self":[{"href":"https:\/\/droitemoderniste.be\/index.php\/wp-json\/wp\/v2\/posts\/644","targetHints":{"allow":["GET"]}}],"collection":[{"href":"https:\/\/droitemoderniste.be\/index.php\/wp-json\/wp\/v2\/posts"}],"about":[{"href":"https:\/\/droitemoderniste.be\/index.php\/wp-json\/wp\/v2\/types\/post"}],"author":[{"embeddable":true,"href":"https:\/\/droitemoderniste.be\/index.php\/wp-json\/wp\/v2\/users\/1"}],"replies":[{"embeddable":true,"href":"https:\/\/droitemoderniste.be\/index.php\/wp-json\/wp\/v2\/comments?post=644"}],"version-history":[{"count":1,"href":"https:\/\/droitemoderniste.be\/index.php\/wp-json\/wp\/v2\/posts\/644\/revisions"}],"predecessor-version":[{"id":646,"href":"https:\/\/droitemoderniste.be\/index.php\/wp-json\/wp\/v2\/posts\/644\/revisions\/646"}],"wp:attachment":[{"href":"https:\/\/droitemoderniste.be\/index.php\/wp-json\/wp\/v2\/media?parent=644"}],"wp:term":[{"taxonomy":"category","embeddable":true,"href":"https:\/\/droitemoderniste.be\/index.php\/wp-json\/wp\/v2\/categories?post=644"},{"taxonomy":"post_tag","embeddable":true,"href":"https:\/\/droitemoderniste.be\/index.php\/wp-json\/wp\/v2\/tags?post=644"}],"curies":[{"name":"wp","href":"https:\/\/api.w.org\/{rel}","templated":true}]}}