{"id":641,"date":"2025-07-27T09:37:53","date_gmt":"2025-07-27T07:37:53","guid":{"rendered":"https:\/\/droitemoderniste.be\/?p=641"},"modified":"2025-07-27T09:37:53","modified_gmt":"2025-07-27T07:37:53","slug":"jeunesse-on-ta-vole-tes-reves-et-ton-avenir","status":"publish","type":"post","link":"https:\/\/droitemoderniste.be\/index.php\/2025\/07\/27\/jeunesse-on-ta-vole-tes-reves-et-ton-avenir\/","title":{"rendered":"Jeunesse, on t&rsquo;a vol\u00e9 tes r\u00eaves et ton avenir?"},"content":{"rendered":"\n<figure class=\"wp-block-image size-full\"><img loading=\"lazy\" decoding=\"async\" width=\"600\" height=\"300\" src=\"https:\/\/droitemoderniste.be\/wp-content\/uploads\/2025\/07\/the-best-dog-pictures-of-the-year.jpg\" alt=\"\" class=\"wp-image-642\" srcset=\"https:\/\/droitemoderniste.be\/wp-content\/uploads\/2025\/07\/the-best-dog-pictures-of-the-year.jpg 600w, https:\/\/droitemoderniste.be\/wp-content\/uploads\/2025\/07\/the-best-dog-pictures-of-the-year-300x150.jpg 300w\" sizes=\"auto, (max-width: 600px) 100vw, 600px\" \/><\/figure>\n\n\n\n<p class=\"wp-block-paragraph\">Notre colossal endettement public (pr\u00e8s de 524,35 milliards \u20ac en 2024, soit environ 104,7 % du PIB) va t\u2019achever, bien avant la fin du monde que chantent les nouveaux proph\u00e8tes de l\u2019apocalypse.<\/p>\n\n\n\n<p class=\"wp-block-paragraph\">Bienvenue dans l\u2019\u00e8re de la grande peur, celle de l\u2019abyssale dette belge qui va acc\u00e9l\u00e9rer ton d\u00e9clin. Pour toi, la dette publique sera bien plus pr\u00e9gnante que la dette \u00e9cologique.<\/p>\n\n\n\n<p class=\"wp-block-paragraph\">Nos gouvernants (ni gestionnaires efficaces, ni visionnaires, mais seulement m\u00e9diocres) adorent octroyer des subsides \u00a0et subventions, et pour cause\u00a0: \u00ab\u00a0la main qui donne est toujours au-dessus de la main qui re\u00e7oit\u00a0\u00bb. C\u2019est donc \u00a0un syst\u00e8me politique qui cr\u00e9e des \u00ab\u00a0oblig\u00e9s\u00a0\u00bb, des \u00ab\u00a0affid\u00e9s\u00a0\u00bb, des \u00ab\u00a0retours d\u2019ascenseur\u00a0\u00bb\u2026<\/p>\n\n\n\n<p class=\"wp-block-paragraph\">C\u2019est aussi une forme de d\u00e9guisement, tr\u00e8s avenante, d\u2019un \u00e9tatisme plus fort, celui facilitant une collectivisation plus accentu\u00e9e de pans entiers de la vie culturelle, \u00e9conomique et sociale.<\/p>\n\n\n\n<p class=\"wp-block-paragraph\">Nos gouvernants ont de grandes ambitions pour notre petit pays si grandement endett\u00e9. Mais ils naviguent dans le grand brouillard budg\u00e9taire. \u00ab\u00a0<em>Nous allons faire ci, faire \u00e7a, et sans imp\u00f4ts nouveaux. Sans \u00ab\u00a0rage taxatoire\u00a0\u00bb comme nous accusent nos opposants\u00a0<\/em>\u00bb.<\/p>\n\n\n\n<p class=\"wp-block-paragraph\">Certes mais avec une \u00ab&nbsp;fr\u00e9n\u00e9sie endettatoire&nbsp;\u00bb. En effet, pour mener \u00e0 bien leurs ambitions de lutte contre le r\u00e9chauffement climatique et de transition \u00e9nerg\u00e9tique vers une \u00e9conomie d\u00e9carbon\u00e9e le budget n\u00e9cessaire est colossal et il va donc falloir augmenter drastiquement les d\u00e9penses.<\/p>\n\n\n\n<p class=\"wp-block-paragraph\">Puisque nos \u00ab&nbsp;pinocchiesques&nbsp;\u00bb gouvernants r\u00e9gionaux n\u2019annoncent (pour l\u2019instant) pas d\u2019imp\u00f4ts nouveaux, on peut valablement pr\u00e9sumer que les nouvelles d\u00e9penses seront financ\u00e9es par de nouveaux emprunts. Et les emprunts d\u2019aujourd\u2019hui seront les imp\u00f4ts et taxes de demain\u2026<\/p>\n\n\n\n<p class=\"wp-block-paragraph\">Et avec les sid\u00e9rant amateurisme et fi\u00e8vre endettatoire de nos gouvernants (cf. la cacophonie entourant l\u2019estimation de la dette de la F\u00e9d\u00e9ration Wallonie-Bruxelles d\u00e9j\u00e0 disproportionn\u00e9e et hors de contr\u00f4le (elle double tous les sept ans) o\u00f9 l\u2019on ne s\u2019accorde pas sur son volume\u00a0: 12,8 ou 14,2 milliards \u20ac en 2024\u00a0!), au lieu de stimuler l\u2019activit\u00e9 \u00e9conomique, les politiques de d\u00e9penses publiques des ann\u00e9es \u00e0 venir vont entra\u00eener le pays dans un d\u00e9sordre \u00e9conomique sans pr\u00e9c\u00e9dent.<\/p>\n\n\n\n<p class=\"wp-block-paragraph\">Elles conduiront avant longtemps \u00e0 des d\u00e9ficits budg\u00e9taires \u00e0 deux chiffres, \u00e0 un endettement public qui culminera (\u00e0 nouveau, comme dans les ann\u00e9es 1970) \u00e0 119% du PIB d\u2019ici \u00e0 2029, \u00e0 une inflation hors de contr\u00f4le et \u00e0 des d\u00e9valuations successives. \u00c0 partir d&rsquo;un certain seuil, la dynamique financi\u00e8re conduira au fameux effet \u00ab\u00a0boule de neige\u00a0\u00bb, c&rsquo;est-\u00e0-dire l&rsquo;accroissement exponentiel de la dette. Les pouvoirs publics n&rsquo;auront d&rsquo;autre choix que de financer ces d\u00e9ficits budg\u00e9taires par un appel massif \u00e0 l&#8217;emprunt public.<\/p>\n\n\n\n<p class=\"wp-block-paragraph\">Le peuple doit bien comprendre que l\u2019endettement croissant implique l\u2019ing\u00e9rence croissante de l\u2019\u00c9tat (notamment dans le choix des investissements publics \u00e0 effectuer) et impose le dirigisme croissant(face \u00e0 une solvabilit\u00e9 \u00e9branl\u00e9e, il va falloir se montrer fort pour obliger les citoyens \u00e0 se serrer la ceinture et commencer \u00e0 purger l\u2019exc\u00e8s d\u2019endettement\u00a0: cette \u00e8re de vaches maigres c\u2019est ce que nous allons l\u00e9guer \u00e0 nos enfants\u00a0: le fardeau de rembourser (les exc\u00e8s) l\u2019incurie de leurs parents.<\/p>\n\n\n\n<p class=\"wp-block-paragraph\">C\u2019est l\u2019originalit\u00e9 de l\u2019\u00c9tat belge\u00a0: on ach\u00e8te la paix sociale en creusant le d\u00e9ficit budg\u00e9taire, en plombant les finances publiques, en arrosant tout le monde (toutes les corporations\u00a0: syndicats, partis politiques, associations, f\u00e9d\u00e9rations, intercommunales&#8230;). C\u2019est le propre d\u2019une d\u00e9mocratie d\u00e9voy\u00e9e, transform\u00e9e en une d\u00e9mocratie corporative, ou plut\u00f4t en une funeste \u00ab\u00a0particratie\u00a0\u00bb.<\/p>\n\n\n\n<p class=\"wp-block-paragraph\"><\/p>\n","protected":false},"excerpt":{"rendered":"<p>Notre colossal endettement public (pr\u00e8s de 524,35 milliards \u20ac en 2024, soit environ 104,7 % du PIB) va t\u2019achever, bien avant la fin du monde que chantent les nouveaux proph\u00e8tes de l\u2019apocalypse. Bienvenue dans l\u2019\u00e8re de la grande peur, celle de l\u2019abyssale dette belge qui va acc\u00e9l\u00e9rer ton d\u00e9clin. Pour toi, la dette publique sera [&hellip;]<\/p>\n","protected":false},"author":1,"featured_media":0,"comment_status":"open","ping_status":"open","sticky":false,"template":"","format":"standard","meta":{"_monsterinsights_skip_tracking":false,"_uf_show_specific_survey":0,"_uf_disable_surveys":false,"footnotes":""},"categories":[16],"tags":[],"class_list":["post-641","post","type-post","status-publish","format-standard","hentry","category-jeunes"],"_links":{"self":[{"href":"https:\/\/droitemoderniste.be\/index.php\/wp-json\/wp\/v2\/posts\/641","targetHints":{"allow":["GET"]}}],"collection":[{"href":"https:\/\/droitemoderniste.be\/index.php\/wp-json\/wp\/v2\/posts"}],"about":[{"href":"https:\/\/droitemoderniste.be\/index.php\/wp-json\/wp\/v2\/types\/post"}],"author":[{"embeddable":true,"href":"https:\/\/droitemoderniste.be\/index.php\/wp-json\/wp\/v2\/users\/1"}],"replies":[{"embeddable":true,"href":"https:\/\/droitemoderniste.be\/index.php\/wp-json\/wp\/v2\/comments?post=641"}],"version-history":[{"count":1,"href":"https:\/\/droitemoderniste.be\/index.php\/wp-json\/wp\/v2\/posts\/641\/revisions"}],"predecessor-version":[{"id":643,"href":"https:\/\/droitemoderniste.be\/index.php\/wp-json\/wp\/v2\/posts\/641\/revisions\/643"}],"wp:attachment":[{"href":"https:\/\/droitemoderniste.be\/index.php\/wp-json\/wp\/v2\/media?parent=641"}],"wp:term":[{"taxonomy":"category","embeddable":true,"href":"https:\/\/droitemoderniste.be\/index.php\/wp-json\/wp\/v2\/categories?post=641"},{"taxonomy":"post_tag","embeddable":true,"href":"https:\/\/droitemoderniste.be\/index.php\/wp-json\/wp\/v2\/tags?post=641"}],"curies":[{"name":"wp","href":"https:\/\/api.w.org\/{rel}","templated":true}]}}