{"id":627,"date":"2025-07-26T11:22:48","date_gmt":"2025-07-26T09:22:48","guid":{"rendered":"https:\/\/droitemoderniste.be\/?p=627"},"modified":"2025-07-26T11:22:48","modified_gmt":"2025-07-26T09:22:48","slug":"impact-du-positionnement-du-mdm-sur-limmigration-et-leconomie-aupres-des-electeurs-traditionnels","status":"publish","type":"post","link":"https:\/\/droitemoderniste.be\/index.php\/2025\/07\/26\/impact-du-positionnement-du-mdm-sur-limmigration-et-leconomie-aupres-des-electeurs-traditionnels\/","title":{"rendered":"Impact du positionnement du MDM sur l\u2019immigration et l\u2019\u00e9conomie aupr\u00e8s des \u00e9lecteurs traditionnels"},"content":{"rendered":"\n<figure class=\"wp-block-image size-full\"><img loading=\"lazy\" decoding=\"async\" width=\"669\" height=\"240\" src=\"https:\/\/droitemoderniste.be\/wp-content\/uploads\/2025\/07\/XVM77d50a1c-8811-11e7-ad1e-c78c1c2be55c.jpg\" alt=\"\" class=\"wp-image-628\" srcset=\"https:\/\/droitemoderniste.be\/wp-content\/uploads\/2025\/07\/XVM77d50a1c-8811-11e7-ad1e-c78c1c2be55c.jpg 669w, https:\/\/droitemoderniste.be\/wp-content\/uploads\/2025\/07\/XVM77d50a1c-8811-11e7-ad1e-c78c1c2be55c-300x108.jpg 300w\" sizes=\"auto, (max-width: 669px) 100vw, 669px\" \/><\/figure>\n\n\n\n<p class=\"wp-block-paragraph\"><strong>1. Immigration : un sujet hautement sensible<\/strong><\/p>\n\n\n\n<ul class=\"wp-block-list\">\n<li>Les \u00e9lecteurs traditionnels, qu\u2019ils soient de gauche ou de droite, sont particuli\u00e8rement attentifs \u00e0 la position des partis sur l\u2019immigration. Une ligne jug\u00e9e trop restrictive ou stigmatisante peut \u00eatre per\u00e7ue comme un alignement sur les th\u00e8ses populistes ou extr\u00eames, suscitant la m\u00e9fiance des \u00e9lecteurs centristes, chr\u00e9tiens-d\u00e9mocrates ou humanistes. \u00c0 l\u2019inverse, une approche trop ouverte peut heurter l\u2019\u00e9lectorat conservateur ou populaire, qui craint la concurrence sur le march\u00e9 du travail, la pression sur les services publics ou la remise en cause des rep\u00e8res culturels.<\/li>\n\n\n\n<li>Les perceptions populaires sont souvent marqu\u00e9es par la crainte d\u2019une augmentation du ch\u00f4mage, d\u2019une baisse des salaires et d\u2019un alourdissement des d\u00e9ficits publics en lien avec l\u2019immigration, m\u00eame si ces craintes sont souvent exag\u00e9r\u00e9es par rapport \u00e0 la r\u00e9alit\u00e9 statistique.<\/li>\n\n\n\n<li>Le positionnement du <mark style=\"background-color:rgba(0, 0, 0, 0);color:#ff6900\" class=\"has-inline-color\">MDM<\/mark> sur l\u2019immigration influence donc directement son image : il peut \u00eatre accus\u00e9 d\u2019opportunisme s\u2019il tente de m\u00e9nager tous les segments de l\u2019\u00e9lectorat, ou de radicalisme s\u2019il adopte un discours trop tranch\u00e9.<\/li>\n<\/ul>\n\n\n\n<p class=\"wp-block-paragraph\"><strong>2. \u00c9conomie : enjeu de confiance et de cr\u00e9dibilit\u00e9<\/strong><\/p>\n\n\n\n<ul class=\"wp-block-list\">\n<li>Les \u00e9lecteurs traditionnels attendent des positions \u00e9conomiques claires et cr\u00e9dibles. Un discours ax\u00e9 sur la \u00ab\u00a0modernisation\u00a0\u00bb de l\u2019\u00e9conomie peut s\u00e9duire une partie de la droite lib\u00e9rale et des classes moyennes, mais inqui\u00e9ter les \u00e9lecteurs ouvriers ou syndicalistes, qui craignent une remise en cause des acquis sociaux et de la protection collective.<\/li>\n\n\n\n<li>Les p\u00e9riodes de crise \u00e9conomique accentuent la sensibilit\u00e9 \u00e0 ces questions : la peur du d\u00e9classement, la stagnation des salaires et le ch\u00f4mage renforcent la m\u00e9fiance envers les partis per\u00e7us comme favorables \u00e0 la d\u00e9r\u00e9gulation ou \u00e0 l\u2019ouverture sans contreparties.<\/li>\n\n\n\n<li>Si le \u00ab\u00a0<mark style=\"background-color:rgba(0, 0, 0, 0);color:#ff6900\" class=\"has-inline-color\">Mouvement Droite Moderniste<\/mark>\u00a0\u00bb adopte un discours \u00e9conomique trop lib\u00e9ral ou technocratique, il risque d\u2019\u00eatre per\u00e7u comme d\u00e9connect\u00e9 des r\u00e9alit\u00e9s populaires, voire comme un relais des int\u00e9r\u00eats patronaux.<\/li>\n<\/ul>\n\n\n\n<p class=\"wp-block-paragraph\"><strong>3. Synth\u00e8se :<\/strong><\/p>\n\n\n\n<ul class=\"wp-block-list\">\n<li>Notre position sur l\u2019immigration n\u2019est ni trop restrictive ni trop ouverte\u00a0: cf. onglet \u00ab\u00a0Programme\u00a0\u00bb\/\u00a0 \u00ab\u00a0Priorit\u00e9s\u00a0\u00bb \/ \u00ab\u00a0Immigration\u00a0\u00bb<\/li>\n\n\n\n<li>Notre position sur l\u2019\u00e9conomie est claire\u00a0: nous pr\u00f4nons le social-lib\u00e9ralisme\u00a0: un lib\u00e9ralisme pragmatiquement r\u00e9gul\u00e9, modernisateur mais sans remise en cause des principaux acquis sociaux et de la protection collective\u00a0: cf. onglet \u00ab\u00a0Programme\u00a0\u00bb \/ \u00ab\u00a0Priorit\u00e9s\u00a0\u00bb \/ \u00ab\u00a0Economie &amp; Emploi\u00a0\u00bb <\/li>\n\n\n\n<li>Nous promouvons la croissance tout en d\u00e9fendant les int\u00e9r\u00eats \u00e9conomiques et culturels des Belges les plus vuln\u00e9rables.<\/li>\n<\/ul>\n","protected":false},"excerpt":{"rendered":"<p>1. Immigration : un sujet hautement sensible 2. \u00c9conomie : enjeu de confiance et de cr\u00e9dibilit\u00e9 3. Synth\u00e8se :<\/p>\n","protected":false},"author":1,"featured_media":0,"comment_status":"open","ping_status":"open","sticky":false,"template":"","format":"standard","meta":{"_monsterinsights_skip_tracking":false,"_uf_show_specific_survey":0,"_uf_disable_surveys":false,"footnotes":""},"categories":[8],"tags":[],"class_list":["post-627","post","type-post","status-publish","format-standard","hentry","category-positionnement"],"_links":{"self":[{"href":"https:\/\/droitemoderniste.be\/index.php\/wp-json\/wp\/v2\/posts\/627","targetHints":{"allow":["GET"]}}],"collection":[{"href":"https:\/\/droitemoderniste.be\/index.php\/wp-json\/wp\/v2\/posts"}],"about":[{"href":"https:\/\/droitemoderniste.be\/index.php\/wp-json\/wp\/v2\/types\/post"}],"author":[{"embeddable":true,"href":"https:\/\/droitemoderniste.be\/index.php\/wp-json\/wp\/v2\/users\/1"}],"replies":[{"embeddable":true,"href":"https:\/\/droitemoderniste.be\/index.php\/wp-json\/wp\/v2\/comments?post=627"}],"version-history":[{"count":1,"href":"https:\/\/droitemoderniste.be\/index.php\/wp-json\/wp\/v2\/posts\/627\/revisions"}],"predecessor-version":[{"id":629,"href":"https:\/\/droitemoderniste.be\/index.php\/wp-json\/wp\/v2\/posts\/627\/revisions\/629"}],"wp:attachment":[{"href":"https:\/\/droitemoderniste.be\/index.php\/wp-json\/wp\/v2\/media?parent=627"}],"wp:term":[{"taxonomy":"category","embeddable":true,"href":"https:\/\/droitemoderniste.be\/index.php\/wp-json\/wp\/v2\/categories?post=627"},{"taxonomy":"post_tag","embeddable":true,"href":"https:\/\/droitemoderniste.be\/index.php\/wp-json\/wp\/v2\/tags?post=627"}],"curies":[{"name":"wp","href":"https:\/\/api.w.org\/{rel}","templated":true}]}}