{"id":623,"date":"2025-07-26T09:00:37","date_gmt":"2025-07-26T07:00:37","guid":{"rendered":"https:\/\/droitemoderniste.be\/?p=623"},"modified":"2025-07-29T09:21:57","modified_gmt":"2025-07-29T07:21:57","slug":"la-belgique-lotan-et-le-syndrome-de-lhypocondriaque","status":"publish","type":"post","link":"https:\/\/droitemoderniste.be\/index.php\/2025\/07\/26\/la-belgique-lotan-et-le-syndrome-de-lhypocondriaque\/","title":{"rendered":"La Belgique et l&rsquo;OTAN, le syndrome de l&rsquo;hypocondriaque ?"},"content":{"rendered":"\n<figure class=\"wp-block-image size-full\"><img loading=\"lazy\" decoding=\"async\" width=\"620\" height=\"310\" src=\"https:\/\/droitemoderniste.be\/wp-content\/uploads\/2025\/07\/58feeb9acd70812a65a2acbf-1.jpg\" alt=\"\" class=\"wp-image-624\" srcset=\"https:\/\/droitemoderniste.be\/wp-content\/uploads\/2025\/07\/58feeb9acd70812a65a2acbf-1.jpg 620w, https:\/\/droitemoderniste.be\/wp-content\/uploads\/2025\/07\/58feeb9acd70812a65a2acbf-1-300x150.jpg 300w\" sizes=\"auto, (max-width: 620px) 100vw, 620px\" \/><\/figure>\n\n\n\n<p class=\"wp-block-paragraph\">Vouloir, \u00e0 tout prix, faire partie du Trait\u00e9 de l\u2019Atlantique Nord n\u2019est-ce pas, au fond, un trouble anxieux qui caract\u00e9rise une pr\u00e9occupation excessive et une peur intense d\u2019avoir maille \u00e0 partir avec la Russie, m\u00eame en l\u2019absence de toute preuve tangible d\u2019une volont\u00e9 d\u2019envahissement&nbsp;ou de destruction de notre territoire&nbsp;?<\/p>\n\n\n\n<p class=\"wp-block-paragraph\">Notre sublime situation g\u00e9ographique nous prot\u00e8ge d\u00e9j\u00e0 grandement, mais vouloir ajouter une protection suppl\u00e9mentaire marginale en \u00e9tant membre d\u2019une organisation internationale de d\u00e9fense serait comme un comportement compulsif d\u2019\u00e9vitement, on se sur-assure pour apaiser une anxi\u00e9t\u00e9 pathologique.<\/p>\n\n\n\n<p class=\"wp-block-paragraph\">Une cotisation colossale certaine (5 % du PIB) pour une protection militaire somme toute marginale et assez th\u00e9orique (cf. d\u00e9bats actuels sur l\u2019interpr\u00e9tation et l\u2019application effective du fameux article 5 du Trait\u00e9) et pour un risque maximal.<\/p>\n\n\n\n<p class=\"wp-block-paragraph\">En effet, en cas de conflagration mondiale impliquant l\u2019OTAN, notre Royaume, plus que n\u2019importe quel autre pays membre a la garantie de se ramasser une ou plusieurs ogives nucl\u00e9aires. Les probabilit\u00e9s d\u2019\u00eatre le r\u00e9ceptacle de frappes nucl\u00e9aires tactiques ou de dissuasion sont en effet plus grandes pour nous que pour les Portugais, les Lettons ou les Espagnols, puisque nous abritons les quartiers g\u00e9n\u00e9raux de l\u2019OTAN et du SHAPE. Deux cibles hautement embl\u00e9matiques si la Russie devenait notre ennemi existentiel.<\/p>\n\n\n\n<p class=\"wp-block-paragraph\">Et m\u00eame si la d\u00e9fense contre des menaces militaires ext\u00e9rieures \u00e9tait assur\u00e9e, notre appartenance \u00e0 l\u2019OTAN, ne nous mettrait pas \u00e0 l\u2019abri des menaces int\u00e9rieures. Agitation sociale, troubles \u00e0 l\u2019ordre public par une population cliv\u00e9e (bellicistes versus pacifistes), exc\u00e9d\u00e9e par les d\u00e9rives de nos finances publiques (\u00c9tat surendett\u00e9, population surtax\u00e9e\u2026), outr\u00e9e par la fr\u00e9n\u00e9sie endettatoire de gouvernants pinocchiesques.<\/p>\n\n\n\n<p class=\"wp-block-paragraph\">&nbsp;Exploser nos finances publiques pour alimenter une institution internationale, c\u2019est provoquer inutilement la col\u00e8re de la population exasp\u00e9r\u00e9e de voir qu\u2019on sacrifie son mod\u00e8le social. L\u2019argent des contribuables n\u2019irriguant alors plus la redistribution nationale mais \u00e9tant canalis\u00e9 par et pour&nbsp; une coterie d\u2019industriels de guerre (complexe militaro-industriel).<\/p>\n\n\n\n<p class=\"wp-block-paragraph\">Par ailleurs, nos obligations collectives vis-\u00e0-vis de l\u2019OTAN nous poussent \u00e0 faire de mauvais choix strat\u00e9giques pour notre propre d\u00e9fense du territoire belge. Les avions F-35 ne rapportent pas grand-chose \u00e0 la Belgique ni sur le plan \u00e9conomique, ni sur le plan militaire. Cela renforce le chiffre de la force a\u00e9rienne otanienne, mais cela ne consolide pas forc\u00e9ment la d\u00e9fense du territoire belge.<\/p>\n\n\n\n<p class=\"wp-block-paragraph\">En effet, en cas de conflit que pourraient faire nos magnifiques et tr\u00e8s co\u00fbteux F-35 contre des missiles ou des essaims de drones&nbsp;? Ce que nous d\u00e9montre aujourd\u2019hui&nbsp; l\u2019\u00e9volution du conflit en Ukraine et en Isra\u00ebl c\u2019est que pour le m\u00eame prix, nous&nbsp; serions&nbsp; mieux lotis avec des syst\u00e8mes de missiles&nbsp; \u00ab&nbsp;Patriot&nbsp;\u00bb.&nbsp; Ce dont nous avons besoin pour assurer nous-m\u00eames notre propre d\u00e9fense&nbsp; c\u2019est d\u2019un \u00ab&nbsp;d\u00f4me de fer&nbsp;\u00bb.<\/p>\n\n\n\n<p class=\"wp-block-paragraph\">Les inconv\u00e9nients&nbsp; de notre participation \u00e0 l\u2019OTAN ne sont pas, et de loin, compens\u00e9s par les avantages.<strong><\/strong><\/p>\n\n\n\n<p class=\"wp-block-paragraph\">Consacrer 5\u202f% du PIB&nbsp; aux d\u00e9penses de d\u00e9fense, comme l\u2019impose une directive OTAN, constitue un bouleversement budg\u00e9taire majeur et soul\u00e8ve de tr\u00e8s fortes objections \u00e9conomiques dans le cas de la Belgique, notamment en raison de son surendettement et de la pression fiscale d\u00e9j\u00e0 tr\u00e8s \u00e9lev\u00e9e.<\/p>\n\n\n\n<p class=\"wp-block-paragraph\"><strong>La Belgique est d\u00e9j\u00e0 un pays tr\u00e8s endett\u00e9<\/strong> : la dette publique d\u00e9passe 104\u202f% du PIB en 2024 et devrait atteindre pr\u00e8s de 119\u202f% d\u2019ici 2029. Augmenter brusquement les d\u00e9penses militaires de 1,3\u202f% \u00e0 5\u202f% du PIB exigerait un effort colossal d\u2019environ 30 milliards d\u2019euros suppl\u00e9mentaires par an (ce qui correspond \u00e0 peu pr\u00e8s \u00e0 6 000 \u20ac par an par m\u00e9nage, soit une somme importante pr\u00e9lev\u00e9e sur le pouvoir d\u2019achat des familles, projection sur la base d\u2019un PIB 2024 de 614,5 milliards d\u2019euros), aggravant les d\u00e9ficits publics (qui passeraient \u00e0 60 milliards \u20ac d\u2019ici \u00e0 2029) et le co\u00fbt de la dette, et contraignant le gouvernement \u00e0 recourir potentiellement \u00e0 de nouveaux emprunts europ\u00e9ens ou des clauses d\u00e9rogatoires budg\u00e9taires, ce qui alourdirait encore la charge pour les contribuables.<\/p>\n\n\n\n<p class=\"wp-block-paragraph\"><strong>La population belge est d\u00e9j\u00e0 largement surtax\u00e9e<\/strong> et la pression fiscale figure parmi les plus \u00e9lev\u00e9es d\u2019Europe, rendant toute augmentation d\u2019imp\u00f4t politiquement et socialement tr\u00e8s risqu\u00e9e.<\/p>\n\n\n\n<p class=\"wp-block-paragraph\"><strong>Les d\u00e9penses sociales occupent une place centrale<\/strong> dans le mod\u00e8le belge, repr\u00e9sentant pr\u00e8s de 29\u202f% du PIB. Toute allocation nettement accrue \u00e0 la d\u00e9fense impliquerait, sans forte hausse de recettes, de s\u00e9v\u00e8res coupes dans les budgets sociaux ou d\u2019autres services publics essentiels, ce qui affecterait notamment les populations les plus vuln\u00e9rables et entra\u00eenerait de lourdes cons\u00e9quences sociales ainsi qu\u2019un fort m\u00e9contentement politique et public.<\/p>\n\n\n\n<p class=\"wp-block-paragraph\"><strong>Le surendettement des m\u00e9nages belges demeure pr\u00e9occupant<\/strong> : on compte plus de 350 000 personnes en d\u00e9faut de paiement de cr\u00e9dit, avec une croissance soutenue des arri\u00e9r\u00e9s et pr\u00e8s de 3 milliards d\u2019euros de remboursements en souffrance. En 2024, <strong>plus de 2,1 millions de Belges<\/strong> sont expos\u00e9s au risque de pauvret\u00e9 ou d\u2019exclusion sociale, soit environ<strong> 18,6% de la population<\/strong>. Dans ce contexte, alourdir la pression budg\u00e9taire sur l\u2019\u00c9tat pourrait aussi accentuer la pr\u00e9carit\u00e9 de la population d\u00e9j\u00e0 vuln\u00e9rable.<\/p>\n\n\n\n<p class=\"wp-block-paragraph\"><strong>Effets \u00e9conomiques mitig\u00e9s \u00e0 court et moyen terme<\/strong> : Une partie des d\u00e9penses de d\u00e9fense pourrait stimuler certains secteurs industriels domestiques, notamment les armements de haute technologie, ce qui pourrait favoriser une croissance \u00e9conomique mod\u00e9r\u00e9e (estimations allant de 0,5% \u00e0 1,5% de croissance annuelle suppl\u00e9mentaire, selon les sc\u00e9narios). Cependant, l\u2019effet net pourrait \u00eatre limit\u00e9 ou n\u00e9gatif si ces d\u00e9penses d\u00e9tournent des ressources d\u2019autres secteurs \u00e0 plus fort potentiel d\u2019emploi et de croissance, comme l\u2019\u00e9ducation ou les \u00e9nergies renouvelables.<\/p>\n\n\n\n<p class=\"wp-block-paragraph\"><strong>Comparaisons internationales<\/strong> : seuls des pays faisant face \u00e0 des menaces existentielles ou disposant d\u2019un contexte g\u00e9opolitique unique (ex. Isra\u00ebl, Arabie saoudite) consacrent plus de 5\u202f% du PIB \u00e0 la d\u00e9fense. Parmi les membres de l\u2019OTAN, personne n\u2019atteint ce seuil\u202f: les \u00c9tats-Unis sont autour de 3,3\u202f%, la Pologne \u00e0 3\u202f%.<\/p>\n\n\n\n<p class=\"wp-block-paragraph\">Sans oublier les risques politiques importants et multiples :<\/p>\n\n\n\n<p class=\"wp-block-paragraph\"><strong>Instabilit\u00e9 politique<\/strong> : L\u2019augmentation massive des d\u00e9penses militaires exercerait une forte pression sur les programmes sociaux. R\u00e9duire ces d\u00e9penses sociales cl\u00e9s pourrait provoquer un fort m\u00e9contentement populaire et des tensions politiques, en particulier dans un gouvernement de coalition d\u00e9j\u00e0 fragilis\u00e9 par des divisions r\u00e9gionales entre Flandre et Wallonie.<\/p>\n\n\n\n<p class=\"wp-block-paragraph\"><strong>M\u00e9contentement social<\/strong> : La diminution des aides sociales et des services publics essentiels risquerait de d\u00e9clencher des protestations et des troubles sociaux, notamment parmi les populations d\u00e9pendantes de ces services. Cela affecterait la coh\u00e9sion sociale et pourrait d\u00e9stabiliser la paix sociale en Belgique.<\/p>\n\n\n\n<p class=\"wp-block-paragraph\"><strong>Pression sur la coh\u00e9sion gouvernementale<\/strong> : Trouver un \u00e9quilibre entre l\u2019engagement international \u00e0 respecter les objectifs de l\u2019OTAN et les priorit\u00e9s nationales de protection sociale repr\u00e9sente un d\u00e9fi politique majeur. Cela pourrait exacerber les tensions au sein du gouvernement de coalition et fragiliser sa capacit\u00e9 \u00e0 gouverner efficacement.<\/p>\n\n\n\n<p class=\"wp-block-paragraph\"><strong>Risque \u00e9lectoral<\/strong> : La mise en \u0153uvre de telles mesures impopulaires (coupe dans les services sociaux, hausse probable de la fiscalit\u00e9) pourrait entra\u00eener un rejet \u00e9lectoral des partis majoritaires, modifiant l\u2019\u00e9quilibre politique et la stabilit\u00e9 gouvernementale.<\/p>\n\n\n\n<p class=\"wp-block-paragraph\"><strong>Perte de confiance dans les institutions<\/strong> : En cas de forte d\u00e9gradation des conditions sociales et \u00e9conomiques, la confiance des citoyens dans le gouvernement et les institutions publiques pourrait s\u2019\u00e9roder, alimentant le cynisme politique et le d\u00e9sengagement civique.<\/p>\n\n\n\n<p class=\"wp-block-paragraph\">En r\u00e9sum\u00e9, au-del\u00e0 des enjeux \u00e9conomiques, augmenter \u00e0 5% du PIB le budget de la d\u00e9fense en Belgique est une aberration \u00e9conomique qui risque de provoquer une instabilit\u00e9 politique forte via la mont\u00e9e des frustrations sociales, des tensions au sein du gouvernement et un affaiblissement de la confiance. Les seuls avantages directs seraient d\u2019ordre diplomatique ou de politique internationale, mais les co\u00fbts \u00e9conomiques et sociaux seraient extr\u00eamement \u00e9lev\u00e9s et potentiellement insoutenables \u00e0 moyen terme.<\/p>\n","protected":false},"excerpt":{"rendered":"<p>Vouloir, \u00e0 tout prix, faire partie du Trait\u00e9 de l\u2019Atlantique Nord n\u2019est-ce pas, au fond, un trouble anxieux qui caract\u00e9rise une pr\u00e9occupation excessive et une peur intense d\u2019avoir maille \u00e0 partir avec la Russie, m\u00eame en l\u2019absence de toute preuve tangible d\u2019une volont\u00e9 d\u2019envahissement&nbsp;ou de destruction de notre territoire&nbsp;? Notre sublime situation g\u00e9ographique nous prot\u00e8ge [&hellip;]<\/p>\n","protected":false},"author":1,"featured_media":0,"comment_status":"open","ping_status":"open","sticky":false,"template":"","format":"standard","meta":{"_monsterinsights_skip_tracking":false,"_uf_show_specific_survey":0,"_uf_disable_surveys":false,"footnotes":""},"categories":[7],"tags":[],"class_list":["post-623","post","type-post","status-publish","format-standard","hentry","category-defense"],"_links":{"self":[{"href":"https:\/\/droitemoderniste.be\/index.php\/wp-json\/wp\/v2\/posts\/623","targetHints":{"allow":["GET"]}}],"collection":[{"href":"https:\/\/droitemoderniste.be\/index.php\/wp-json\/wp\/v2\/posts"}],"about":[{"href":"https:\/\/droitemoderniste.be\/index.php\/wp-json\/wp\/v2\/types\/post"}],"author":[{"embeddable":true,"href":"https:\/\/droitemoderniste.be\/index.php\/wp-json\/wp\/v2\/users\/1"}],"replies":[{"embeddable":true,"href":"https:\/\/droitemoderniste.be\/index.php\/wp-json\/wp\/v2\/comments?post=623"}],"version-history":[{"count":3,"href":"https:\/\/droitemoderniste.be\/index.php\/wp-json\/wp\/v2\/posts\/623\/revisions"}],"predecessor-version":[{"id":650,"href":"https:\/\/droitemoderniste.be\/index.php\/wp-json\/wp\/v2\/posts\/623\/revisions\/650"}],"wp:attachment":[{"href":"https:\/\/droitemoderniste.be\/index.php\/wp-json\/wp\/v2\/media?parent=623"}],"wp:term":[{"taxonomy":"category","embeddable":true,"href":"https:\/\/droitemoderniste.be\/index.php\/wp-json\/wp\/v2\/categories?post=623"},{"taxonomy":"post_tag","embeddable":true,"href":"https:\/\/droitemoderniste.be\/index.php\/wp-json\/wp\/v2\/tags?post=623"}],"curies":[{"name":"wp","href":"https:\/\/api.w.org\/{rel}","templated":true}]}}