{"id":604,"date":"2025-07-24T08:56:10","date_gmt":"2025-07-24T06:56:10","guid":{"rendered":"https:\/\/droitemoderniste.be\/?p=604"},"modified":"2025-07-24T08:56:10","modified_gmt":"2025-07-24T06:56:10","slug":"supprimons-tous-les-soutiens-publics-aux-energies-renouvelables-un-autre-scandale-dopacite","status":"publish","type":"post","link":"https:\/\/droitemoderniste.be\/index.php\/2025\/07\/24\/supprimons-tous-les-soutiens-publics-aux-energies-renouvelables-un-autre-scandale-dopacite\/","title":{"rendered":"Supprimons tous les soutiens publics aux \u00e9nergies renouvelables, un autre scandale d\u2019opacit\u00e9"},"content":{"rendered":"\n<figure class=\"wp-block-image size-full\"><img loading=\"lazy\" decoding=\"async\" width=\"616\" height=\"347\" src=\"https:\/\/droitemoderniste.be\/wp-content\/uploads\/2025\/07\/cerfs-brume.webp\" alt=\"\" class=\"wp-image-605\" srcset=\"https:\/\/droitemoderniste.be\/wp-content\/uploads\/2025\/07\/cerfs-brume.webp 616w, https:\/\/droitemoderniste.be\/wp-content\/uploads\/2025\/07\/cerfs-brume-300x169.webp 300w\" sizes=\"auto, (max-width: 616px) 100vw, 616px\" \/><\/figure>\n\n\n\n<p class=\"wp-block-paragraph\">Au moins jusqu\u2019\u00e0 ce qu\u2019on dispose d\u2019un cadastre cr\u00e9dible (f\u00e9d\u00e9ral et\/ou r\u00e9gional) des subventions.<\/p>\n\n\n\n<p class=\"wp-block-paragraph\">Le <strong>montant total des subventions publiques pour les \u00e9nergies renouvelables en Belgique en 2024<\/strong> n\u2019est pas publi\u00e9 sous la forme d\u2019un chiffre unique consolid\u00e9, ni par les autorit\u00e9s nationales ni dans les rapports europ\u00e9ens r\u00e9cents. Toutefois, les sources officielles donnent des indications sur l\u2019<strong>ordre de grandeur<\/strong> et la <strong>structure de ce soutien<\/strong> :<\/p>\n\n\n\n<ul class=\"wp-block-list\">\n<li>Selon le <strong>rapport 2024 de la Commission europ\u00e9enne<\/strong> sur les subventions \u00e0 l\u2019\u00e9nergie dans l\u2019UE :\n<ul class=\"wp-block-list\">\n<li>L\u2019\u00e9nergie \u00e9olienne repr\u00e9sente une part importante des subventions aux \u00e9nergies renouvelables en Belgique, par rapport \u00e0 d\u2019autres technologies comme le solaire ou la biomasse, qui dominent dans d\u2019autres pays.<\/li>\n\n\n\n<li>Le rapport indique que, pour l\u2019ensemble des \u00c9tats membres, la majorit\u00e9 du soutien passe par des m\u00e9canismes tels que <strong>tarifs\/primes de rachat<\/strong> ou <strong>contrats d\u2019\u00e9cart compensatoire<\/strong> (60% des subventions europ\u00e9ennes aux renouvelables).<\/li>\n\n\n\n<li>Selon la figure 5 du rapport (source Enerdata, Trinomics), la Belgique figure parmi les \u00c9tats membres o\u00f9 l\u2019\u00e9nergie \u00e9olienne absorbe la majeure partie du soutien public, mais le montant absolu allou\u00e9 par \u00c9tat n\u2019est pas d\u00e9taill\u00e9 dans l\u2019extrait consult\u00e9.<\/li>\n<\/ul>\n<\/li>\n\n\n\n<li>Concernant la Belgique sp\u00e9cifiquement :<ul><li>En 2023, la Belgique a octroy\u00e9 <strong>environ 0,1 milliard d\u2019euros (soit 100 millions d\u2019euros)<\/strong> de subventions publiques \u00e0 l\u2019\u00e9nergie nucl\u00e9aire, ce qui repr\u00e9sente un ordre de grandeur nettement inf\u00e9rieur \u00e0 celui des \u00e9nergies renouvelables dans l\u2019UE, mais le chiffre exact pour les renouvelables en Belgique n\u2019est pas pr\u00e9cis\u00e9 dans le rapport cit\u00e9.<\/li><\/ul><ul><li>Les subventions directes en 2024 concernent encore le syst\u00e8me bruxellois des <strong>certificats verts<\/strong> (valeur minimale l\u00e9gale de 65 \u20ac\/CV, en moyenne 95 \u20ac\/CV ; soutien proportionnel \u00e0 la production renouvelable, principalement solaire et \u00e9olienne) et certains instruments r\u00e9gionaux (pr\u00eats \u00e0 taux z\u00e9ro, aides aux entreprises, TVA \u00e0 6%).<\/li><\/ul>\n<ul class=\"wp-block-list\">\n<li>Il est donc possible d\u2019estimer, sur la base du poids de la Belgique dans la part europ\u00e9enne, que le montant total annuel des subventions publiques directes et indirectes aux \u00e9nergies renouvelables se situe <strong>probablement entre 400 et 600 millions d\u2019euros<\/strong> pour 2024. Cette estimation tient compte : des syst\u00e8mes r\u00e9gionaux de soutien, notamment la prime \u00e9olienne et les certificats verts \u00e0 Bruxelles, des mesures fiscales f\u00e9d\u00e9rales (TVA r\u00e9duite, estim\u00e9e \u00e0 plusieurs dizaines de millions d\u2019euros, et des appels \u00e0 projets et ch\u00e8ques-\u00e9nergie pour entreprises ou collectivit\u00e9s.<\/li>\n<\/ul>\n<\/li>\n<\/ul>\n\n\n\n<p class=\"wp-block-paragraph\"><strong>En r\u00e9sum\u00e9<\/strong> :<\/p>\n\n\n\n<ul class=\"wp-block-list\">\n<li>Le montant total des subventions publiques pour les \u00e9nergies renouvelables en Belgique en 2024 est <strong>estim\u00e9 entre 400 et 600 millions d\u2019euros<\/strong>, toutes technologies confondues.<\/li>\n\n\n\n<li>Le soutien porte principalement sur l\u2019\u00e9olien, suivi par le solaire (certificats verts surtout \u00e0 Bruxelles), la biomasse restant marginale en Belgique.<\/li>\n\n\n\n<li>Ce chiffre reste une estimation, r\u00e9put\u00e9e tr\u00e8s basse, la Belgique ne publiant pas de total agr\u00e9g\u00e9 et consolid\u00e9 par technologie et r\u00e9gion \u00e0 ce jour. <strong>Il est plus que probable que ce chiffre atteigne plut\u00f4t la fourchette des 1 \u00e0 1,5 milliards d\u2019euros\u00a0!<\/strong><\/li>\n<\/ul>\n","protected":false},"excerpt":{"rendered":"<p>Au moins jusqu\u2019\u00e0 ce qu\u2019on dispose d\u2019un cadastre cr\u00e9dible (f\u00e9d\u00e9ral et\/ou r\u00e9gional) des subventions. Le montant total des subventions publiques pour les \u00e9nergies renouvelables en Belgique en 2024 n\u2019est pas publi\u00e9 sous la forme d\u2019un chiffre unique consolid\u00e9, ni par les autorit\u00e9s nationales ni dans les rapports europ\u00e9ens r\u00e9cents. Toutefois, les sources officielles donnent des [&hellip;]<\/p>\n","protected":false},"author":1,"featured_media":0,"comment_status":"open","ping_status":"open","sticky":false,"template":"","format":"standard","meta":{"_monsterinsights_skip_tracking":false,"_uf_show_specific_survey":0,"_uf_disable_surveys":false,"footnotes":""},"categories":[12],"tags":[],"class_list":["post-604","post","type-post","status-publish","format-standard","hentry","category-finances-publiques"],"_links":{"self":[{"href":"https:\/\/droitemoderniste.be\/index.php\/wp-json\/wp\/v2\/posts\/604","targetHints":{"allow":["GET"]}}],"collection":[{"href":"https:\/\/droitemoderniste.be\/index.php\/wp-json\/wp\/v2\/posts"}],"about":[{"href":"https:\/\/droitemoderniste.be\/index.php\/wp-json\/wp\/v2\/types\/post"}],"author":[{"embeddable":true,"href":"https:\/\/droitemoderniste.be\/index.php\/wp-json\/wp\/v2\/users\/1"}],"replies":[{"embeddable":true,"href":"https:\/\/droitemoderniste.be\/index.php\/wp-json\/wp\/v2\/comments?post=604"}],"version-history":[{"count":1,"href":"https:\/\/droitemoderniste.be\/index.php\/wp-json\/wp\/v2\/posts\/604\/revisions"}],"predecessor-version":[{"id":606,"href":"https:\/\/droitemoderniste.be\/index.php\/wp-json\/wp\/v2\/posts\/604\/revisions\/606"}],"wp:attachment":[{"href":"https:\/\/droitemoderniste.be\/index.php\/wp-json\/wp\/v2\/media?parent=604"}],"wp:term":[{"taxonomy":"category","embeddable":true,"href":"https:\/\/droitemoderniste.be\/index.php\/wp-json\/wp\/v2\/categories?post=604"},{"taxonomy":"post_tag","embeddable":true,"href":"https:\/\/droitemoderniste.be\/index.php\/wp-json\/wp\/v2\/tags?post=604"}],"curies":[{"name":"wp","href":"https:\/\/api.w.org\/{rel}","templated":true}]}}