{"id":601,"date":"2025-07-24T08:37:51","date_gmt":"2025-07-24T06:37:51","guid":{"rendered":"https:\/\/droitemoderniste.be\/?p=601"},"modified":"2025-07-24T08:37:51","modified_gmt":"2025-07-24T06:37:51","slug":"nombre-dong-et-dassociations-un-autre-scandale-dopacite","status":"publish","type":"post","link":"https:\/\/droitemoderniste.be\/index.php\/2025\/07\/24\/nombre-dong-et-dassociations-un-autre-scandale-dopacite\/","title":{"rendered":"Nombre d&rsquo;ONG et d&rsquo;associations, un autre scandale d&rsquo;opacit\u00e9"},"content":{"rendered":"\n<figure class=\"wp-block-image size-full\"><img loading=\"lazy\" decoding=\"async\" width=\"265\" height=\"199\" src=\"https:\/\/droitemoderniste.be\/wp-content\/uploads\/2025\/07\/a-stock-market-behemoth-is-looking-to-invest-millions-in-new-startups.jpg\" alt=\"\" class=\"wp-image-602\"\/><\/figure>\n\n\n\n<p class=\"wp-block-paragraph\"><strong>Nombre d&rsquo;ONG et d&rsquo;Associations en Belgique en 2024<\/strong><\/p>\n\n\n\n<p class=\"wp-block-paragraph\"><strong>Associations (ASBL)<\/strong><\/p>\n\n\n\n<ul class=\"wp-block-list\">\n<li>En Belgique, on recense environ <strong>147\u202f000 associations sans but lucratif (ASBL)<\/strong> fin 2023-d\u00e9but 2024. Ce chiffre est stable depuis quelques ann\u00e9es et couvre toutes les r\u00e9gions du pays (Flandre, Wallonie, Bruxelles).<\/li>\n\n\n\n<li>Ces associations couvrent des domaines vari\u00e9s\u202f: jeunesse, social, sport, culture, sant\u00e9, environnement, etc.<\/li>\n<\/ul>\n\n\n\n<p class=\"wp-block-paragraph\"><strong>ONG<\/strong><\/p>\n\n\n\n<ul class=\"wp-block-list\">\n<li>Les ONG belges agr\u00e9\u00e9es, actives principalement dans la coop\u00e9ration au d\u00e9veloppement ou l\u2019aide humanitaire, sont moins nombreuses que les ASBL classiques. La <strong>liste officielle des ONG accr\u00e9dit\u00e9es<\/strong> (OSC = organisations de la soci\u00e9t\u00e9 civile) publi\u00e9e par ACODEV et la Coop\u00e9ration belge compte <strong>environ 80 ONG<\/strong> reconnues nationalement ou internationalement.<\/li>\n\n\n\n<li>Ce chiffre ne compte pas les initiatives plus locales ou les ONG non agr\u00e9\u00e9es par l\u2019\u00c9tat, qui existent \u00e9galement mais ne disposent pas de statistiques nationales consolid\u00e9es.<\/li>\n<\/ul>\n\n\n\n<p class=\"wp-block-paragraph\"><strong>Points cl\u00e9s<\/strong><\/p>\n\n\n\n<ul class=\"wp-block-list\">\n<li>La Belgique dispose d\u2019un <strong>tissu associatif extr\u00eamement dense et diversifi\u00e9<\/strong>, acteur majeur tant social qu\u2019\u00e9conomique.<\/li>\n\n\n\n<li>Le nombre d\u2019associations et d\u2019ONG \u00e9volue l\u00e9g\u00e8rement chaque ann\u00e9e en fonction des agr\u00e9ments, cr\u00e9ations, dissolutions ou fusions.<\/li>\n<\/ul>\n\n\n\n<p class=\"wp-block-paragraph\">Ces chiffres illustrent la vitalit\u00e9 du secteur associatif belge, qui joue un r\u00f4le central dans la soci\u00e9t\u00e9 et l\u2019\u00e9conomie du pays.<\/p>\n\n\n\n<p class=\"wp-block-paragraph\">Le gouvernement f\u00e9d\u00e9ral belge alloue une somme annuelle consid\u00e9rable en subventions. Au moins 66 milliards d\u2019euros en 2023. Pourtant, une revue des d\u00e9penses pr\u00e9sent\u00e9e \u00e0 la Chambre r\u00e9v\u00e8le un manque criant de transparence, de contr\u00f4le et d\u2019efficacit\u00e9. Un scandale d\u2019opacit\u00e9.<\/p>\n\n\n\n<p class=\"wp-block-paragraph\"><\/p>\n","protected":false},"excerpt":{"rendered":"<p>Nombre d&rsquo;ONG et d&rsquo;Associations en Belgique en 2024 Associations (ASBL) ONG Points cl\u00e9s Ces chiffres illustrent la vitalit\u00e9 du secteur associatif belge, qui joue un r\u00f4le central dans la soci\u00e9t\u00e9 et l\u2019\u00e9conomie du pays. Le gouvernement f\u00e9d\u00e9ral belge alloue une somme annuelle consid\u00e9rable en subventions. Au moins 66 milliards d\u2019euros en 2023. Pourtant, une revue [&hellip;]<\/p>\n","protected":false},"author":1,"featured_media":0,"comment_status":"open","ping_status":"open","sticky":false,"template":"","format":"standard","meta":{"_monsterinsights_skip_tracking":false,"_uf_show_specific_survey":0,"_uf_disable_surveys":false,"footnotes":""},"categories":[12],"tags":[],"class_list":["post-601","post","type-post","status-publish","format-standard","hentry","category-finances-publiques"],"_links":{"self":[{"href":"https:\/\/droitemoderniste.be\/index.php\/wp-json\/wp\/v2\/posts\/601","targetHints":{"allow":["GET"]}}],"collection":[{"href":"https:\/\/droitemoderniste.be\/index.php\/wp-json\/wp\/v2\/posts"}],"about":[{"href":"https:\/\/droitemoderniste.be\/index.php\/wp-json\/wp\/v2\/types\/post"}],"author":[{"embeddable":true,"href":"https:\/\/droitemoderniste.be\/index.php\/wp-json\/wp\/v2\/users\/1"}],"replies":[{"embeddable":true,"href":"https:\/\/droitemoderniste.be\/index.php\/wp-json\/wp\/v2\/comments?post=601"}],"version-history":[{"count":1,"href":"https:\/\/droitemoderniste.be\/index.php\/wp-json\/wp\/v2\/posts\/601\/revisions"}],"predecessor-version":[{"id":603,"href":"https:\/\/droitemoderniste.be\/index.php\/wp-json\/wp\/v2\/posts\/601\/revisions\/603"}],"wp:attachment":[{"href":"https:\/\/droitemoderniste.be\/index.php\/wp-json\/wp\/v2\/media?parent=601"}],"wp:term":[{"taxonomy":"category","embeddable":true,"href":"https:\/\/droitemoderniste.be\/index.php\/wp-json\/wp\/v2\/categories?post=601"},{"taxonomy":"post_tag","embeddable":true,"href":"https:\/\/droitemoderniste.be\/index.php\/wp-json\/wp\/v2\/tags?post=601"}],"curies":[{"name":"wp","href":"https:\/\/api.w.org\/{rel}","templated":true}]}}