{"id":549,"date":"2025-07-21T13:57:04","date_gmt":"2025-07-21T11:57:04","guid":{"rendered":"http:\/\/droitemoderniste.be\/?p=549"},"modified":"2025-07-21T13:57:04","modified_gmt":"2025-07-21T11:57:04","slug":"ong-et-associations-en-belgique","status":"publish","type":"post","link":"https:\/\/droitemoderniste.be\/index.php\/2025\/07\/21\/ong-et-associations-en-belgique\/","title":{"rendered":"ONG et Associations en Belgique"},"content":{"rendered":"\n<figure class=\"wp-block-image size-full\"><img loading=\"lazy\" decoding=\"async\" width=\"265\" height=\"199\" src=\"http:\/\/droitemoderniste.be\/wp-content\/uploads\/2025\/07\/10-things-you-need-to-know-before-european-markets-open.png\" alt=\"\" class=\"wp-image-550\"\/><\/figure>\n\n\n\n<p class=\"wp-block-paragraph\"><strong>Financement public des associations humanitaires et sociales en Belgique <\/strong><\/p>\n\n\n\n<p class=\"wp-block-paragraph\"><strong>Montants allou\u00e9s<\/strong><\/p>\n\n\n\n<p class=\"wp-block-paragraph\"><strong>2024<\/strong><\/p>\n\n\n\n<ul class=\"wp-block-list\">\n<li><strong>Aide humanitaire internationale<\/strong><br>Le budget allou\u00e9 par la Belgique \u00e0 l&rsquo;aide humanitaire en 2024 s\u2019\u00e9l\u00e8ve \u00e0 <strong>190 millions d\u2019euros<\/strong>. Ce montant est principalement d\u00e9di\u00e9 \u00e0 des ONG humanitaires et \u00e0 des organisations agissant dans les crises internationales. Environ 60% de cette enveloppe sont vers\u00e9s \u00e0 des fonds d\u2019urgence et aux ressources g\u00e9n\u00e9rales des organisations humanitaires, ce qui donne aux associations une flexibilit\u00e9 pour r\u00e9agir rapidement aux crises.<\/li>\n\n\n\n<li><strong>Aide publique au d\u00e9veloppement<\/strong><br>La Belgique a d\u00e9gag\u00e9 <strong>\u00a03,2 milliards d\u2019euros<\/strong> d\u2019aide publique au d\u00e9veloppement (APD) en 2024. Cette enveloppe inclut \u00e9galement un volet social, dont b\u00e9n\u00e9ficient certaines associations \u0153uvrant \u00e0 la coh\u00e9sion sociale, \u00e0 l\u2019\u00e9ducation et \u00e0 la sant\u00e9.<\/li>\n\n\n\n<li><strong>Fonds additionnels et soutien europ\u00e9en<\/strong><br>Des fonds europ\u00e9ens comme le <strong>Fonds Social Europ\u00e9en Plus (ESF+)<\/strong> apportent \u00e9galement des soutiens importants en Belgique, avec un investissement pr\u00e9vu de <strong>1,3 milliard d\u2019euros<\/strong> sur plusieurs ann\u00e9es pour l\u2019inclusion sociale, l\u2019emploi et la lutte contre la pauvret\u00e9. Cette contribution europ\u00e9enne b\u00e9n\u00e9ficie aussi aux associations sociales locales.<\/li>\n<\/ul>\n\n\n\n<p class=\"wp-block-paragraph\">Les subventions destin\u00e9es aux associations humanitaires et sociales proviennent de diff\u00e9rents niveaux de pouvoir : \u00c9tat f\u00e9d\u00e9ral, entit\u00e9s f\u00e9d\u00e9r\u00e9es (R\u00e9gions, Communaut\u00e9s), provinces et communes.<\/p>\n\n\n\n<p class=\"wp-block-paragraph\">Les priorit\u00e9s d\u2019attribution concernent surtout l\u2019int\u00e9gration sociale, la lutte contre la pauvret\u00e9, la protection des droits humains, la sant\u00e9, l\u2019alimentation et le soutien d\u2019urgence.<\/p>\n\n\n\n<p class=\"wp-block-paragraph\">Ces montants t\u00e9moignent d\u2019un engagement croissant, m\u00eame si la part sp\u00e9cifique allou\u00e9e <em>uniquement<\/em> aux associations actives en Belgique reste difficile \u00e0 isoler, car les budgets sont souvent globaux et englobent l\u2019international et le national.<\/p>\n\n\n\n<p class=\"wp-block-paragraph\"><\/p>\n\n\n\n<p class=\"wp-block-paragraph\"><strong>Financements publics pour les associations culturelles en Belgique <\/strong><\/p>\n\n\n\n<p class=\"wp-block-paragraph\"><strong>2024<\/strong><\/p>\n\n\n\n<ul class=\"wp-block-list\">\n<li><strong>F\u00e9d\u00e9ration Wallonie-Bruxelles<\/strong><\/li>\n<\/ul>\n\n\n\n<p class=\"wp-block-paragraph\">Le budget strictement d\u00e9di\u00e9 \u00e0 la culture s\u2019\u00e9tablit \u00e0 <strong>913.432.438 \u20ac<\/strong>, repr\u00e9sentant 8,3% du budget total de la F\u00e9d\u00e9ration Wallonie-Bruxelles (FWB).<\/p>\n\n\n\n<p class=\"wp-block-paragraph\">Sur ce montant, <strong>506.070.836\u20ac<\/strong> ont \u00e9t\u00e9 octroy\u00e9s sous forme de subventions directes vers\u00e9es \u00e0 <strong>4.495 op\u00e9rateurs<\/strong> culturels, dont la majorit\u00e9 sont des associations.<\/p>\n\n\n\n<p class=\"wp-block-paragraph\">(En 2023, <strong>485 millions d\u2019euros<\/strong> ont \u00e9t\u00e9 consacr\u00e9s en subventions \u00e0 <strong>4.455 acteurs\u00a0culturels<\/strong> pour un total de <strong>12.503 subventions<\/strong> sur l\u2019ensemble de l\u2019exercice.)<\/p>\n\n\n\n<ul class=\"wp-block-list\">\n<li><strong>Autres niveaux de pouvoirs<\/strong><\/li>\n<\/ul>\n\n\n\n<p class=\"wp-block-paragraph\">Si on additionne les financements culturels de tous les autres services publics comp\u00e9tents en FWB (hors Administration g\u00e9n\u00e9rale de la Culture), le total d\u00e9passe <strong>1,2 milliard d\u2019euros<\/strong> pour l\u2019ann\u00e9e 2024.<\/p>\n\n\n\n<p class=\"wp-block-paragraph\"><strong>\u00c0 noter :<\/strong><\/p>\n\n\n\n<ul class=\"wp-block-list\">\n<li>La majorit\u00e9 des b\u00e9n\u00e9ficiaires de ces subventions sont des associations culturelles, mais le chiffres exactement allou\u00e9 exclusivement aux ASBL peut l\u00e9g\u00e8rement varier selon la d\u00e9finition retenue et les calculs internes des administrations.<\/li>\n\n\n\n<li>Ces montants ne prennent pas en compte les apports r\u00e9gionaux, provinciaux et communaux (hors FWB) ni les aides f\u00e9d\u00e9rales dans d&rsquo;autres communaut\u00e9s du pays.<\/li>\n<\/ul>\n\n\n\n<p class=\"wp-block-paragraph\"><strong>Sources principales consult\u00e9es<\/strong><\/p>\n\n\n\n<ul class=\"wp-block-list\">\n<li>Administration g\u00e9n\u00e9rale de la Culture \u2013 Focus Culture 2023 &amp; 2024<\/li>\n\n\n\n<li>Portail de la F\u00e9d\u00e9ration Wallonie-Bruxelles \u2013 Actualit\u00e9s et rapports budg\u00e9taires<\/li>\n\n\n\n<li>M\u00e9dias d\u2019actualit\u00e9 sur le budget culturel en Belgique.<\/li>\n<\/ul>\n\n\n\n<p class=\"wp-block-paragraph\"><\/p>\n\n\n\n<p class=\"wp-block-paragraph\"><strong>Nombre d&rsquo;ONG et d&rsquo;Associations en Belgique en 2024<\/strong><\/p>\n\n\n\n<p class=\"wp-block-paragraph\"><strong>Associations (ASBL)<\/strong><\/p>\n\n\n\n<ul class=\"wp-block-list\">\n<li>En Belgique, on recense environ <strong>147\u202f000 associations sans but lucratif (ASBL)<\/strong> fin 2023-d\u00e9but 2024. Ce chiffre est stable depuis quelques ann\u00e9es et couvre toutes les r\u00e9gions du pays (Flandre, Wallonie, Bruxelles).<\/li>\n\n\n\n<li>Ces associations couvrent des domaines vari\u00e9s\u202f: jeunesse, social, sport, culture, sant\u00e9, environnement, etc.<\/li>\n<\/ul>\n\n\n\n<p class=\"wp-block-paragraph\"><strong>ONG<\/strong><\/p>\n\n\n\n<ul class=\"wp-block-list\">\n<li>Les ONG belges agr\u00e9\u00e9es, actives principalement dans la coop\u00e9ration au d\u00e9veloppement ou l\u2019aide humanitaire, sont moins nombreuses que les ASBL classiques. La <strong>liste officielle des ONG accr\u00e9dit\u00e9es<\/strong> (OSC = organisations de la soci\u00e9t\u00e9 civile) publi\u00e9e par ACODEV et la Coop\u00e9ration belge compte <strong>environ 80 ONG<\/strong> reconnues nationalement ou internationalement.<\/li>\n\n\n\n<li>Ce chiffre ne compte pas les initiatives plus locales ou les ONG non agr\u00e9\u00e9es par l\u2019\u00c9tat, qui existent \u00e9galement mais ne disposent pas de statistiques nationales consolid\u00e9es.<\/li>\n<\/ul>\n\n\n\n<p class=\"wp-block-paragraph\"><strong>Points cl\u00e9s<\/strong><\/p>\n\n\n\n<ul class=\"wp-block-list\">\n<li>La Belgique dispose d\u2019un <strong>tissu associatif extr\u00eamement dense et diversifi\u00e9<\/strong>, acteur majeur tant social qu\u2019\u00e9conomique.<\/li>\n\n\n\n<li>Le nombre d\u2019associations et d\u2019ONG \u00e9volue l\u00e9g\u00e8rement chaque ann\u00e9e en fonction des agr\u00e9ments, cr\u00e9ations, dissolutions ou fusions.<\/li>\n<\/ul>\n\n\n\n<p class=\"wp-block-paragraph\">Ces chiffres illustrent la vitalit\u00e9 du secteur associatif belge, qui joue un r\u00f4le central dans la soci\u00e9t\u00e9 et l\u2019\u00e9conomie du pays.<\/p>\n","protected":false},"excerpt":{"rendered":"<p>Financement public des associations humanitaires et sociales en Belgique Montants allou\u00e9s 2024 Les subventions destin\u00e9es aux associations humanitaires et sociales proviennent de diff\u00e9rents niveaux de pouvoir : \u00c9tat f\u00e9d\u00e9ral, entit\u00e9s f\u00e9d\u00e9r\u00e9es (R\u00e9gions, Communaut\u00e9s), provinces et communes. Les priorit\u00e9s d\u2019attribution concernent surtout l\u2019int\u00e9gration sociale, la lutte contre la pauvret\u00e9, la protection des droits humains, la sant\u00e9, [&hellip;]<\/p>\n","protected":false},"author":1,"featured_media":0,"comment_status":"open","ping_status":"open","sticky":false,"template":"","format":"standard","meta":{"_monsterinsights_skip_tracking":false,"_uf_show_specific_survey":0,"_uf_disable_surveys":false,"footnotes":""},"categories":[12],"tags":[],"class_list":["post-549","post","type-post","status-publish","format-standard","hentry","category-finances-publiques"],"_links":{"self":[{"href":"https:\/\/droitemoderniste.be\/index.php\/wp-json\/wp\/v2\/posts\/549","targetHints":{"allow":["GET"]}}],"collection":[{"href":"https:\/\/droitemoderniste.be\/index.php\/wp-json\/wp\/v2\/posts"}],"about":[{"href":"https:\/\/droitemoderniste.be\/index.php\/wp-json\/wp\/v2\/types\/post"}],"author":[{"embeddable":true,"href":"https:\/\/droitemoderniste.be\/index.php\/wp-json\/wp\/v2\/users\/1"}],"replies":[{"embeddable":true,"href":"https:\/\/droitemoderniste.be\/index.php\/wp-json\/wp\/v2\/comments?post=549"}],"version-history":[{"count":1,"href":"https:\/\/droitemoderniste.be\/index.php\/wp-json\/wp\/v2\/posts\/549\/revisions"}],"predecessor-version":[{"id":551,"href":"https:\/\/droitemoderniste.be\/index.php\/wp-json\/wp\/v2\/posts\/549\/revisions\/551"}],"wp:attachment":[{"href":"https:\/\/droitemoderniste.be\/index.php\/wp-json\/wp\/v2\/media?parent=549"}],"wp:term":[{"taxonomy":"category","embeddable":true,"href":"https:\/\/droitemoderniste.be\/index.php\/wp-json\/wp\/v2\/categories?post=549"},{"taxonomy":"post_tag","embeddable":true,"href":"https:\/\/droitemoderniste.be\/index.php\/wp-json\/wp\/v2\/tags?post=549"}],"curies":[{"name":"wp","href":"https:\/\/api.w.org\/{rel}","templated":true}]}}