{"id":542,"date":"2025-07-21T13:47:48","date_gmt":"2025-07-21T11:47:48","guid":{"rendered":"http:\/\/droitemoderniste.be\/?p=542"},"modified":"2025-07-22T08:27:41","modified_gmt":"2025-07-22T06:27:41","slug":"le-financement-public-des-associations-est-une-aberration","status":"publish","type":"post","link":"https:\/\/droitemoderniste.be\/index.php\/2025\/07\/21\/le-financement-public-des-associations-est-une-aberration\/","title":{"rendered":"Le financement public des associations est une aberration"},"content":{"rendered":"\n<figure class=\"wp-block-image size-full\"><img loading=\"lazy\" decoding=\"async\" width=\"284\" height=\"178\" src=\"http:\/\/droitemoderniste.be\/wp-content\/uploads\/2025\/07\/capitalisme.jpeg\" alt=\"\" class=\"wp-image-553\"\/><\/figure>\n\n\n\n<p class=\"wp-block-paragraph\">Les <strong>financements publics des associations<\/strong> en Belgique (environ 147 000) se r\u00e9partissent suivant la typologie et le domaine d\u2019action, mais il n\u2019existe pas de statistique synth\u00e9tique r\u00e9cente, exhaustive et officielle pr\u00e9cisant la part attribu\u00e9e \u00e0 chaque type\u202f: humanitaires, culturelles ou politis\u00e9es. Des milliards d&rsquo;euros d\u00e9vers\u00e9s (\u00e0 la seule discr\u00e9tion des partis de gouvernement) mais aucun chiffre public consolid\u00e9!<\/p>\n\n\n\n<p class=\"wp-block-paragraph\">Voici toutefois la dynamique observ\u00e9e, en s\u2019appuyant sur les sources r\u00e9centes et la structure g\u00e9n\u00e9rale du secteur associatif\u202f:<\/p>\n\n\n\n<ul class=\"wp-block-list\">\n<li><strong>Associations humanitaires et sociales<\/strong> : Ces associations b\u00e9n\u00e9ficient traditionnellement de la part la plus importante des financements publics, particuli\u00e8rement dans le secteur social, o\u00f9 les ressources publiques peuvent repr\u00e9senter jusqu\u2019\u00e0 <strong>67\u202f% des ressources totales<\/strong> de ces organisations. En revanche, au niveau communal, les associations purement caritatives\/humanitaires per\u00e7oivent une proportion modeste des subventions locales\u202f: en France, seulement <strong>2\u202f% du total des financements communaux<\/strong> leur est attribu\u00e9, mais la part est tr\u00e8s sup\u00e9rieure lorsqu\u2019on englobe le niveau r\u00e9gional et f\u00e9d\u00e9ral (par exemple via les CPAS et aides sociales).<\/li>\n\n\n\n<li><strong>Associations culturelles<\/strong> : Elles disposent de financements sp\u00e9cifiques issus tant de <strong>tous les niveaux de pouvoir<\/strong> (communes, r\u00e9gions, communaut\u00e9s, voire fonds europ\u00e9ens) que de subsides d\u00e9di\u00e9s, souvent structur\u00e9s autour d\u2019appels \u00e0 projets ou d\u2019accords de coop\u00e9ration. La part du public dans leur budget a diminu\u00e9 ces vingt derni\u00e8res ann\u00e9es, for\u00e7ant ces associations \u00e0 \u00ab\u202fhybrider\u202f\u00bb leurs ressources (sponsorings, recettes, m\u00e9c\u00e9nat). Les financements sont fragment\u00e9s et soumis \u00e0 concurrence, et la pression administrative est forte.<\/li>\n\n\n\n<li><strong>Associations politis\u00e9es<\/strong> : Il n\u2019existe pas de cat\u00e9gorie officielle ni de donn\u00e9e chiffr\u00e9e sur les subventions qui iraient directement \u00e0 des associations \u00e0 caract\u00e8re explicitement politique (hors partis politiques). La plupart du temps, celles-ci per\u00e7oivent des fonds via les canaux classiques (jeunesse, \u00e9ducation permanente, diversit\u00e9, \u00e9galit\u00e9), mais l\u2019enveloppe leur \u00e9tant d\u00e9di\u00e9e n\u2019est pas sp\u00e9cifiquement retrac\u00e9e ni reconnue dans les rapports budg\u00e9taires. Leur poids financier reste inf\u00e9rieur aux grands secteurs humanitaire\/social ou culturel, mais il est impossible d\u2019en donner un pourcentage fiable en l\u2019absence de consolidation officielle.<\/li>\n<\/ul>\n\n\n\n<p class=\"wp-block-paragraph\"><strong>R\u00e9sum\u00e9 comparatif des tendances\u202f:<\/strong><\/p>\n\n\n\n<figure class=\"wp-block-table\"><table class=\"has-fixed-layout\"><thead><tr><td><strong>Type d\u2019association<\/strong><\/td><td><strong>Ressources publiques (%)<\/strong><\/td><td><strong>Particularit\u00e9s observ\u00e9es<\/strong><\/td><\/tr><\/thead><tbody><tr><td>Humanitaires\/sociales<\/td><td>Jusqu\u2019\u00e0 67\u202f% (secteur social)<\/td><td>Fortes aides CPAS, sant\u00e9, social<\/td><\/tr><tr><td>Culturelles<\/td><td>Variable, en baisse, fragment\u00e9e<\/td><td>Forte hybridation des ressources<\/td><\/tr><tr><td>Politis\u00e9es<\/td><td>Ind\u00e9termin\u00e9<\/td><td>Pas de chiffre public consolid\u00e9<\/td><\/tr><\/tbody><\/table><\/figure>\n\n\n\n<p class=\"wp-block-paragraph\"><strong>Points cl\u00e9s\u202f:<\/strong><\/p>\n\n\n\n<ul class=\"wp-block-list\">\n<li>Aucun chiffrage pr\u00e9cis ni ventilation officielle pour les associations \u00ab\u202fpolitis\u00e9es\u202f\u00bb en Belgique.<\/li>\n\n\n\n<li>Le social\/humanitaire capte l\u2019essentiel des aides \u00e9tatiques, la culture reste soutenue mais voit ses ressources publiques baisser, et les associations \u00e0 caract\u00e8re politique re\u00e7oivent des subsides dispers\u00e9s, non reconnus officiellement comme tels.<\/li>\n<\/ul>\n","protected":false},"excerpt":{"rendered":"<p>Les financements publics des associations en Belgique (environ 147 000) se r\u00e9partissent suivant la typologie et le domaine d\u2019action, mais il n\u2019existe pas de statistique synth\u00e9tique r\u00e9cente, exhaustive et officielle pr\u00e9cisant la part attribu\u00e9e \u00e0 chaque type\u202f: humanitaires, culturelles ou politis\u00e9es. Des milliards d&rsquo;euros d\u00e9vers\u00e9s (\u00e0 la seule discr\u00e9tion des partis de gouvernement) mais aucun [&hellip;]<\/p>\n","protected":false},"author":1,"featured_media":0,"comment_status":"open","ping_status":"open","sticky":false,"template":"","format":"standard","meta":{"_monsterinsights_skip_tracking":false,"_uf_show_specific_survey":0,"_uf_disable_surveys":false,"footnotes":""},"categories":[12],"tags":[],"class_list":["post-542","post","type-post","status-publish","format-standard","hentry","category-finances-publiques"],"_links":{"self":[{"href":"https:\/\/droitemoderniste.be\/index.php\/wp-json\/wp\/v2\/posts\/542","targetHints":{"allow":["GET"]}}],"collection":[{"href":"https:\/\/droitemoderniste.be\/index.php\/wp-json\/wp\/v2\/posts"}],"about":[{"href":"https:\/\/droitemoderniste.be\/index.php\/wp-json\/wp\/v2\/types\/post"}],"author":[{"embeddable":true,"href":"https:\/\/droitemoderniste.be\/index.php\/wp-json\/wp\/v2\/users\/1"}],"replies":[{"embeddable":true,"href":"https:\/\/droitemoderniste.be\/index.php\/wp-json\/wp\/v2\/comments?post=542"}],"version-history":[{"count":4,"href":"https:\/\/droitemoderniste.be\/index.php\/wp-json\/wp\/v2\/posts\/542\/revisions"}],"predecessor-version":[{"id":554,"href":"https:\/\/droitemoderniste.be\/index.php\/wp-json\/wp\/v2\/posts\/542\/revisions\/554"}],"wp:attachment":[{"href":"https:\/\/droitemoderniste.be\/index.php\/wp-json\/wp\/v2\/media?parent=542"}],"wp:term":[{"taxonomy":"category","embeddable":true,"href":"https:\/\/droitemoderniste.be\/index.php\/wp-json\/wp\/v2\/categories?post=542"},{"taxonomy":"post_tag","embeddable":true,"href":"https:\/\/droitemoderniste.be\/index.php\/wp-json\/wp\/v2\/tags?post=542"}],"curies":[{"name":"wp","href":"https:\/\/api.w.org\/{rel}","templated":true}]}}