{"id":539,"date":"2025-07-21T10:09:22","date_gmt":"2025-07-21T08:09:22","guid":{"rendered":"http:\/\/droitemoderniste.be\/?p=539"},"modified":"2025-07-21T10:09:22","modified_gmt":"2025-07-21T08:09:22","slug":"supprimer-les-subventions-aux-associations-politisees-permettrait-deconomiser-plusieurs-centaines-de-millions-deuros","status":"publish","type":"post","link":"https:\/\/droitemoderniste.be\/index.php\/2025\/07\/21\/supprimer-les-subventions-aux-associations-politisees-permettrait-deconomiser-plusieurs-centaines-de-millions-deuros\/","title":{"rendered":"Supprimer les subventions aux associations politis\u00e9es permettrait d\u2019\u00e9conomiser plusieurs centaines de millions d\u2019euros\u2026"},"content":{"rendered":"\n<figure class=\"wp-block-image size-full\"><img loading=\"lazy\" decoding=\"async\" width=\"299\" height=\"168\" src=\"http:\/\/droitemoderniste.be\/wp-content\/uploads\/2025\/07\/gouffre-financier1.jpg\" alt=\"\" class=\"wp-image-540\"\/><\/figure>\n\n\n\n<p class=\"wp-block-paragraph\">&#8230; au bas mot, 200 millions d&rsquo;euros d&rsquo;\u00e9conomies.<\/p>\n\n\n\n<p class=\"wp-block-paragraph\">Mais pour cela il faut r\u00e9viser de fond en comble nos cadastres de subventions qui sont actuellement une farce de tr\u00e8s mauvais go\u00fbt.<\/p>\n\n\n\n<p class=\"wp-block-paragraph\">La petite Belgique compte 147 000 associations sans but lucratif (un record europ\u00e9en, proportionnellement \u00e0 la taille de la population) mais il n\u2019existe pas de donn\u00e9e facilement accessible ou consolid\u00e9e publiquement qui r\u00e9ponde pr\u00e9cis\u00e9ment au montant total des <strong>subventions publiques allou\u00e9es sp\u00e9cifiquement aux associations politis\u00e9es<\/strong> en Belgique pour 2023 et 2024. Plusieurs \u00e9l\u00e9ments expliquent ce manque de transparence\u202f:<\/p>\n\n\n\n<ul class=\"wp-block-list\">\n<li><strong>Les cadastres de subventions existent mais sont r\u00e9put\u00e9s incomplets et peu clairs<\/strong>, avec des milliers de lignes, et ne permettent pas d\u2019isoler facilement le volet \u00ab\u202fassociations politis\u00e9es\u202f\u00bb.<\/li>\n\n\n\n<li>Les subventions sont attribu\u00e9es \u00e0 diff\u00e9rents niveaux de pouvoir (f\u00e9d\u00e9ral, r\u00e9gional, communautaire, provincial, communal), et aucune base de donn\u00e9es ne permet d\u2019agr\u00e9ger ni de cat\u00e9goriser pr\u00e9cis\u00e9ment celles qui rel\u00e8vent d\u2019une orientation politique.<\/li>\n\n\n\n<li>En Wallonie, le gouvernement a annonc\u00e9 60\u202fmillions d\u2019euros d\u2019\u00e9conomies sur les \u00ab\u202fsubventions facultatives\u202f\u00bb, qui concernent en partie des associations aux orientations militantes ou politiques, mais il n\u2019existe pas de ventilation d\u00e9taill\u00e9e.<\/li>\n\n\n\n<li>\u00c0 l\u2019\u00e9chelle f\u00e9d\u00e9rale, certains appels \u00e0 projets cibl\u00e9s, par exemple pour l\u2019\u00e9galit\u00e9 des genres ou le soutien \u00e0 la soci\u00e9t\u00e9 civile, pr\u00e9voient des montants types (90\u202f000\u202f\u20ac\/an par organisation laur\u00e9ate pour la p\u00e9riode 2024\u20132028 dans le secteur de l\u2019\u00e9galit\u00e9 des genres), mais cela ne couvre qu\u2019une frange de l\u2019ensemble.<\/li>\n\n\n\n<li>Les budgets globaux pour l\u2019ensemble des associations sont connus pour certains secteurs (par exemple\u202f: 35\u202fmillions\u202f\u20ac\/an pour les CPAS en 2023 et 2024, mais cela concerne le secteur social et non le champ politique), mais il n\u2019existe pas de chiffrage officiel recensant les subventions aux seules associations qualifi\u00e9es de \u00ab\u202fpolitis\u00e9es\u202f\u00bb. Par ailleurs, le Conseil sup\u00e9rieur des finances belge, la Cour des comptes et l\u2019Insee (France pour comparaison) soulignent le <strong>manque de contr\u00f4le et d\u2019outil budg\u00e9taire annuel synth\u00e9tique recensant l\u2019ensemble des financements publics aux associations<\/strong>, et l\u2019absence de d\u00e9tail sur la part r\u00e9serv\u00e9e \u00e0 telle ou telle sensibilit\u00e9.<\/li>\n<\/ul>\n\n\n\n<p class=\"wp-block-paragraph\">En r\u00e9sum\u00e9\u202f: <strong>aucun chiffre public, consolid\u00e9 et pr\u00e9cis n\u2019existe \u00e0 ce jour sur le montant total allou\u00e9 en Belgique aux associations \u00ab politis\u00e9es \u00bb en 2023 et 2024<\/strong>. Toute estimation n\u00e9cessiterait une analyse exhaustive des cadastres de subventions \u00e0 travers tous les niveaux de pouvoir, ce qui reste, \u00e0 ce jour, inaccessible au public et aux analystes budg\u00e9taires.<\/p>\n\n\n\n<p class=\"wp-block-paragraph\">Si vous cherchez une approximation pour l\u2019ensemble des subventions publiques aux associations (toutes cat\u00e9gories confondues), il faut se r\u00e9f\u00e9rer aux budgets globaux, qui sont eux de plusieurs milliards d\u2019euros par an mais englobent toutes les ASBL, pas uniquement celles \u00e0 caract\u00e8re politique.<\/p>\n\n\n\n<p class=\"wp-block-paragraph\">Dans notre surr\u00e9aliste \u00ab&nbsp;subsidistan&nbsp;\u00bb, nous battons des records en mati\u00e8re de nombre et de montants de subventions et subsides, ainsi qu\u2019en nombre d\u2019ASBL et d\u2019ONG, mais nous sommes un v\u00e9ritable d\u00e9sert statistique&nbsp;: dans notre Royaume, il n\u2019existe pas de statistique synth\u00e9tique r\u00e9cente, exhaustive et officielle pr\u00e9cisant la part attribu\u00e9e \u00e0 chaque type\u202f: humanitaires, culturelles ou politis\u00e9es.<\/p>\n\n\n\n<p class=\"wp-block-paragraph\">Le <strong><mark style=\"background-color:rgba(0, 0, 0, 0);color:#ff6900\" class=\"has-inline-color\">Mouvement Droite Moderniste <\/mark><\/strong>compte y rem\u00e9dier en faisant de la r\u00e9novation des cadastres des subventions une de ses priorit\u00e9s.<\/p>\n","protected":false},"excerpt":{"rendered":"<p>&#8230; au bas mot, 200 millions d&rsquo;euros d&rsquo;\u00e9conomies. Mais pour cela il faut r\u00e9viser de fond en comble nos cadastres de subventions qui sont actuellement une farce de tr\u00e8s mauvais go\u00fbt. La petite Belgique compte 147 000 associations sans but lucratif (un record europ\u00e9en, proportionnellement \u00e0 la taille de la population) mais il n\u2019existe pas [&hellip;]<\/p>\n","protected":false},"author":1,"featured_media":0,"comment_status":"open","ping_status":"open","sticky":false,"template":"","format":"standard","meta":{"_monsterinsights_skip_tracking":false,"_uf_show_specific_survey":0,"_uf_disable_surveys":false,"footnotes":""},"categories":[12],"tags":[],"class_list":["post-539","post","type-post","status-publish","format-standard","hentry","category-finances-publiques"],"_links":{"self":[{"href":"https:\/\/droitemoderniste.be\/index.php\/wp-json\/wp\/v2\/posts\/539","targetHints":{"allow":["GET"]}}],"collection":[{"href":"https:\/\/droitemoderniste.be\/index.php\/wp-json\/wp\/v2\/posts"}],"about":[{"href":"https:\/\/droitemoderniste.be\/index.php\/wp-json\/wp\/v2\/types\/post"}],"author":[{"embeddable":true,"href":"https:\/\/droitemoderniste.be\/index.php\/wp-json\/wp\/v2\/users\/1"}],"replies":[{"embeddable":true,"href":"https:\/\/droitemoderniste.be\/index.php\/wp-json\/wp\/v2\/comments?post=539"}],"version-history":[{"count":1,"href":"https:\/\/droitemoderniste.be\/index.php\/wp-json\/wp\/v2\/posts\/539\/revisions"}],"predecessor-version":[{"id":541,"href":"https:\/\/droitemoderniste.be\/index.php\/wp-json\/wp\/v2\/posts\/539\/revisions\/541"}],"wp:attachment":[{"href":"https:\/\/droitemoderniste.be\/index.php\/wp-json\/wp\/v2\/media?parent=539"}],"wp:term":[{"taxonomy":"category","embeddable":true,"href":"https:\/\/droitemoderniste.be\/index.php\/wp-json\/wp\/v2\/categories?post=539"},{"taxonomy":"post_tag","embeddable":true,"href":"https:\/\/droitemoderniste.be\/index.php\/wp-json\/wp\/v2\/tags?post=539"}],"curies":[{"name":"wp","href":"https:\/\/api.w.org\/{rel}","templated":true}]}}