{"id":522,"date":"2025-07-20T08:40:24","date_gmt":"2025-07-20T06:40:24","guid":{"rendered":"http:\/\/droitemoderniste.be\/?p=522"},"modified":"2025-07-20T08:40:24","modified_gmt":"2025-07-20T06:40:24","slug":"les-pratiques-religieuses-en-banlieue-refletent-plusieurs-mutations-sociales-et-culturelles-majeures","status":"publish","type":"post","link":"https:\/\/droitemoderniste.be\/index.php\/2025\/07\/20\/les-pratiques-religieuses-en-banlieue-refletent-plusieurs-mutations-sociales-et-culturelles-majeures\/","title":{"rendered":"Les pratiques religieuses en banlieue refl\u00e8tent plusieurs mutations sociales et culturelles majeures\u202f"},"content":{"rendered":"\n<figure class=\"wp-block-image size-full\"><img loading=\"lazy\" decoding=\"async\" width=\"296\" height=\"197\" src=\"http:\/\/droitemoderniste.be\/wp-content\/uploads\/2025\/07\/CROP-The-Explosion-1357337884.jpg\" alt=\"\" class=\"wp-image-524\"\/><\/figure>\n\n\n\n<ul class=\"wp-block-list\">\n<li><strong>Diversification des affiliations religieuses<\/strong>\u202f: Les banlieues sont devenues, depuis l\u2019apr\u00e8s-guerre, des terrains d\u2019accueil pour des populations issues de diff\u00e9rentes vagues migratoires. On y observe une pr\u00e9sence significative de l\u2019islam, du juda\u00efsme, du bouddhisme, mais aussi des formes renouvel\u00e9es du catholicisme et du protestantisme. Cette diversit\u00e9 d\u00e9coule de l\u2019histoire migratoire et des trajectoires sociales des quartiers, qui font des banlieues un laboratoire du fait religieux et de la pluralit\u00e9 des appartenances.<\/li>\n\n\n\n<li><strong>Renforcement ou adaptation des pratiques<\/strong>\u202f: Contrairement \u00e0 l\u2019id\u00e9e d\u2019un effacement de la religion dans la modernit\u00e9 urbaine, certains groupes renforcent leurs pratiques, soit comme strat\u00e9gie d\u2019int\u00e9gration lorsqu\u2019il s\u2019agit de la religion majoritaire, soit au nom du maintien de l\u2019identit\u00e9 d\u2019origine pour les minorit\u00e9s. Les pratiques religieuses sont ainsi souvent mobilis\u00e9es comme ressources identitaires ou communautaires, facilitant l\u2019insertion ou la solidarit\u00e9 locales.<\/li>\n\n\n\n<li><strong>R\u00f4le des espaces et des liens communautaires<\/strong>\u202f: L\u2019implantation des religions dans les banlieues est favoris\u00e9e par l\u2019existence d\u2019espaces sp\u00e9cifiques (lieux de culte, centres communautaires) et la capacit\u00e9 \u00e0 entretenir des r\u00e9seaux de m\u00e9moire et de solidarit\u00e9. Les quartiers ouvriers historiques et les grands ensembles jouent un r\u00f4le-cl\u00e9 dans cette dynamique.<\/li>\n\n\n\n<li><strong>Transformation des identit\u00e9s et des relations sociales<\/strong>\u202f: Les pratiques religieuses participent \u00e0 la red\u00e9finition des identit\u00e9s dans un contexte de pluralisation et peuvent servir \u00e0 la fois de vecteur de construction positive d\u2019identit\u00e9 ou, parfois, de facteur de fragmentation sociale selon les dynamiques locales et la perception dans l\u2019espace public.<\/li>\n<\/ul>\n\n\n\n<p class=\"wp-block-paragraph\">Ainsi, les pratiques religieuses en banlieue mat\u00e9rialisent \u00e0 la fois l\u2019adaptation \u00e0 la modernit\u00e9 urbaine, la recherche de continuit\u00e9 identitaire, et la capacit\u00e9 \u00e0 fa\u00e7onner de nouvelles formes d\u2019organisation et de solidarit\u00e9 dans des espaces sociaux en mutation.<\/p>\n","protected":false},"excerpt":{"rendered":"<p>Ainsi, les pratiques religieuses en banlieue mat\u00e9rialisent \u00e0 la fois l\u2019adaptation \u00e0 la modernit\u00e9 urbaine, la recherche de continuit\u00e9 identitaire, et la capacit\u00e9 \u00e0 fa\u00e7onner de nouvelles formes d\u2019organisation et de solidarit\u00e9 dans des espaces sociaux en mutation.<\/p>\n","protected":false},"author":1,"featured_media":0,"comment_status":"open","ping_status":"open","sticky":false,"template":"","format":"standard","meta":{"_monsterinsights_skip_tracking":false,"_uf_show_specific_survey":0,"_uf_disable_surveys":false,"footnotes":""},"categories":[9],"tags":[],"class_list":["post-522","post","type-post","status-publish","format-standard","hentry","category-spiritualisme"],"_links":{"self":[{"href":"https:\/\/droitemoderniste.be\/index.php\/wp-json\/wp\/v2\/posts\/522","targetHints":{"allow":["GET"]}}],"collection":[{"href":"https:\/\/droitemoderniste.be\/index.php\/wp-json\/wp\/v2\/posts"}],"about":[{"href":"https:\/\/droitemoderniste.be\/index.php\/wp-json\/wp\/v2\/types\/post"}],"author":[{"embeddable":true,"href":"https:\/\/droitemoderniste.be\/index.php\/wp-json\/wp\/v2\/users\/1"}],"replies":[{"embeddable":true,"href":"https:\/\/droitemoderniste.be\/index.php\/wp-json\/wp\/v2\/comments?post=522"}],"version-history":[{"count":1,"href":"https:\/\/droitemoderniste.be\/index.php\/wp-json\/wp\/v2\/posts\/522\/revisions"}],"predecessor-version":[{"id":525,"href":"https:\/\/droitemoderniste.be\/index.php\/wp-json\/wp\/v2\/posts\/522\/revisions\/525"}],"wp:attachment":[{"href":"https:\/\/droitemoderniste.be\/index.php\/wp-json\/wp\/v2\/media?parent=522"}],"wp:term":[{"taxonomy":"category","embeddable":true,"href":"https:\/\/droitemoderniste.be\/index.php\/wp-json\/wp\/v2\/categories?post=522"},{"taxonomy":"post_tag","embeddable":true,"href":"https:\/\/droitemoderniste.be\/index.php\/wp-json\/wp\/v2\/tags?post=522"}],"curies":[{"name":"wp","href":"https:\/\/api.w.org\/{rel}","templated":true}]}}