{"id":507,"date":"2025-07-19T10:33:55","date_gmt":"2025-07-19T08:33:55","guid":{"rendered":"http:\/\/droitemoderniste.be\/?p=507"},"modified":"2025-07-19T10:33:55","modified_gmt":"2025-07-19T08:33:55","slug":"privatiser-laudiovisuel-public-ca-rapporte-combien","status":"publish","type":"post","link":"https:\/\/droitemoderniste.be\/index.php\/2025\/07\/19\/privatiser-laudiovisuel-public-ca-rapporte-combien\/","title":{"rendered":"Privatiser l&rsquo;audiovisuel public : \u00e7a rapporte combien?"},"content":{"rendered":"\n<figure class=\"wp-block-image size-full\"><img loading=\"lazy\" decoding=\"async\" width=\"300\" height=\"168\" src=\"http:\/\/droitemoderniste.be\/wp-content\/uploads\/2025\/07\/rtbf.jpeg\" alt=\"\" class=\"wp-image-508\"\/><\/figure>\n\n\n\n<p class=\"wp-block-paragraph\">En Belgique, il n\u2019existe pas d\u2019estimation publique pr\u00e9cise et r\u00e9cente concernant l\u2019ordre de grandeur des \u00e9conomies budg\u00e9taires qu&rsquo;une privatisation totale de l\u2019audiovisuel public permettrait aux finances publiques. Toutefois, il est possible d\u2019extrapoler une estimation \u00e0 partir des cas et des chiffrages publi\u00e9s pour la France, dont le mod\u00e8le d\u2019audiovisuel public et les ordres de grandeur budg\u00e9taires sont comparables, tout en \u00e9tant de taille moindre.<\/p>\n\n\n\n<p class=\"wp-block-paragraph\"><strong>Ordre de grandeur en France<\/strong><\/p>\n\n\n\n<p class=\"wp-block-paragraph\">Les analyses r\u00e9centes du secteur fran\u00e7ais montrent\u202f:<\/p>\n\n\n\n<ul class=\"wp-block-list\">\n<li><strong>D\u00e9penses publiques annuelles pour l\u2019audiovisuel public<\/strong>\u202f: environ <strong>3,6 \u00e0 4 milliards d\u2019euros<\/strong> par an (hors certains secteurs conserv\u00e9s comme France M\u00e9dias Monde).<\/li>\n\n\n\n<li>Les \u00e9tudes sugg\u00e8rent qu\u2019une privatisation pourrait th\u00e9oriquement permettre d\u2019\u00e9conomiser <strong>environ 2 milliards d\u2019euros par an<\/strong> sur le budget de l\u2019\u00c9tat, en supposant qu\u2019il serait r\u00e9aliste de supprimer purement et simplement la dotation publique \u00e0 l\u2019ensemble des grands acteurs (France T\u00e9l\u00e9visions, Radio France, etc.).<\/li>\n<\/ul>\n\n\n\n<p class=\"wp-block-paragraph\">Ce chiffrage tient compte de nombreux facteurs att\u00e9nuants :<\/p>\n\n\n\n<ul class=\"wp-block-list\">\n<li>Il n\u2019est r\u00e9alisable qu\u2019\u00e0 moyen ou long terme (3 \u00e0 5 ans) du fait des proc\u00e9dures et de la r\u00e9organisation sectorielle n\u00e9cessaires.<\/li>\n\n\n\n<li>Le p\u00e9rim\u00e8tre r\u00e9ellement privatisable pourrait \u00eatre plus r\u00e9duit que le sc\u00e9nario th\u00e9orique, et l\u2019\u00c9tat pourrait devoir financer une partie du \u00ab\u202fretrait\u202f\u00bb (plans sociaux, reprises d\u2019obligations, etc.), limitant donc les \u00e9conomies nettes.\u00a0<\/li>\n\n\n\n<li>Cet ordre de grandeur <strong>ne tient pas compte des retomb\u00e9es \u00e9conomiques n\u00e9gatives<\/strong> attendues sur les secteurs de production audiovisuelle nationaux et r\u00e9gionaux, ni de la perte d\u2019objectifs de service public.<\/li>\n<\/ul>\n\n\n\n<p class=\"wp-block-paragraph\"><strong>Transposition \u00e0 la Belgique<\/strong><\/p>\n\n\n\n<ul class=\"wp-block-list\">\n<li>La taille de l\u2019audiovisuel public belge (RTBF pour la F\u00e9d\u00e9ration Wallonie-Bruxelles, VRT c\u00f4t\u00e9 flamand, BRF c\u00f4t\u00e9 germanophone) est inf\u00e9rieure \u00e0 celle du secteur fran\u00e7ais\u202f: le budget annuel cumul\u00e9 se situe autour de <strong>350 \u00e0 500 millions d\u2019euros<\/strong> selon les exercices et les entit\u00e9s.<\/li>\n\n\n\n<li>En appliquant une r\u00e8gle de trois tr\u00e8s simplifi\u00e9e, l\u2019<strong>ordre de grandeur des \u00e9conomies annuelles potentielles pour les finances publiques belges<\/strong> dans l\u2019hypoth\u00e8se d\u2019une privatisation totale <strong>serait donc de l\u2019ordre de quelques centaines de millions d\u2019euros par an<\/strong> (probablement entre 300 et 400 millions d\u2019euros, \u00e0 ajuster en fonction des p\u00e9rim\u00e8tres et obligations). Ce chiffre reste tr\u00e8s th\u00e9orique, car il suppose la disparition totale des financements publics sans co\u00fbts de transition ni maintien d\u2019obligations r\u00e9siduelles, ce qui est peu probable en pratique.<\/li>\n\n\n\n<li>Ces \u00e9conomies seraient <strong>neutralis\u00e9es en partie<\/strong> par la n\u00e9cessit\u00e9 de continuer \u00e0 financer certains services non-marchands, obligations de service public ou plans sociaux pour le secteur, qui resteraient \u00e0 la charge de l\u2019\u00c9tat, comme c\u2019est d\u00e9battu en France.<\/li>\n<\/ul>\n\n\n\n<p class=\"wp-block-paragraph\"><strong>\u00c0 retenir<\/strong><\/p>\n\n\n\n<ul class=\"wp-block-list\">\n<li><strong>\u00c9conomie maximale th\u00e9orique\u202f: quelques centaines de millions d\u2019euros par an pour la Belgique (sur la base de 300\u2013400 M\u20ac).<\/strong><\/li>\n\n\n\n<li><strong>\u00c9conomie r\u00e9elle plus faible<\/strong>, surtout si des missions de service public devaient \u00eatre maintenues ou des mesures d\u2019accompagnement social financ\u00e9es.<\/li>\n\n\n\n<li>Les effets macro\u00e9conomiques sur la fili\u00e8re de production audiovisuelle et la coh\u00e9sion r\u00e9gionale seraient importants, au-del\u00e0 du seul aspect budg\u00e9taire.<\/li>\n<\/ul>\n\n\n\n<p class=\"wp-block-paragraph\">En r\u00e9sum\u00e9, la privatisation totale de l\u2019audiovisuel public en Belgique pourrait d\u00e9gager, dans le sc\u00e9nario le plus large et \u00e0 moyen terme, <strong>une \u00e9conomie th\u00e9orique de l\u2019ordre de plusieurs centaines de millions d\u2019euros par an<\/strong> pour les finances publiques, mais le montant effectif serait tr\u00e8s inf\u00e9rieur apr\u00e8s prise en compte des co\u00fbts de transition et des obligations r\u00e9siduelles, comme le montrent les exemples fran\u00e7ais.<\/p>\n\n\n\n<p class=\"wp-block-paragraph\">Plusieurs risques et co\u00fbts suppl\u00e9mentaires pourraient accompagner une privatisation partielle ou totale de l\u2019audiovisuel public belge :<\/p>\n\n\n\n<p class=\"wp-block-paragraph\"><strong>1. Co\u00fbts de transition et indemnit\u00e9s<\/strong><\/p>\n\n\n\n<ul class=\"wp-block-list\">\n<li>La privatisation impliquerait des co\u00fbts de restructuration importants, notamment en mati\u00e8re de gestion des effectifs (plans sociaux, indemnit\u00e9s de d\u00e9part, reclassement), qui seraient en grande partie \u00e0 la charge de l\u2019\u00c9tat. Les grandes structures publiques, souvent surdimensionn\u00e9es pour le secteur priv\u00e9, n\u00e9cessiteraient des ajustements co\u00fbteux.<\/li>\n<\/ul>\n\n\n\n<p class=\"wp-block-paragraph\"><strong>2. Difficult\u00e9s et incertitudes sur la valeur de cession<\/strong><\/p>\n\n\n\n<ul class=\"wp-block-list\">\n<li>Il n\u2019est pas garanti que les actifs audiovisuels publics attirent beaucoup d\u2019acheteurs, ou qu\u2019ils soient valoris\u00e9s \u00e0 un niveau suffisamment \u00e9lev\u00e9 pour couvrir tout ou partie des co\u00fbts de transition. La demande pour ces structures complexes pourrait \u00eatre inf\u00e9rieure aux attentes, ce qui risquerait de limiter significativement les recettes issues des privatisations.<\/li>\n<\/ul>\n\n\n\n<p class=\"wp-block-paragraph\"><strong>3. effets sur le march\u00e9 publicitaire et les m\u00e9dias priv\u00e9s<\/strong><\/p>\n\n\n\n<ul class=\"wp-block-list\">\n<li>Une privatisation augmenterait la concurrence sur le march\u00e9 publicitaire, d\u00e9j\u00e0 satur\u00e9, risquant de fragiliser l\u2019ensemble du secteur m\u00e9dia, y compris les acteurs priv\u00e9s existants.<\/li>\n<\/ul>\n\n\n\n<p class=\"wp-block-paragraph\"><strong>4. Fragilisation de la cr\u00e9ation locale et de la production nationale<\/strong><\/p>\n\n\n\n<ul class=\"wp-block-list\">\n<li>La privatisation risque de r\u00e9duire le soutien financier aux productions belges, notamment r\u00e9gionales, traditionnellement assur\u00e9 par le service public audiovisuel dans le cadre de sa mission de soutien \u00e0 la cr\u00e9ation locale et nationale. Cela mettrait en danger l\u2019\u00e9cosyst\u00e8me de la production audiovisuelle en Belgique et pourrait entra\u00eener la disparition de nombreuses \u0153uvres ou diffuseurs locaux.<\/li>\n<\/ul>\n\n\n\n<p class=\"wp-block-paragraph\"><strong>5. Risques de d\u00e9sertification de l\u2019information r\u00e9gionale<\/strong><\/p>\n\n\n\n<ul class=\"wp-block-list\">\n<li>En France comme en Belgique, l\u2019audiovisuel public joue un r\u00f4le cl\u00e9 dans la couverture des territoires et l\u2019offre d\u2019information r\u00e9gionale. Sa privatisation pourrait entra\u00eener la disparition ou la r\u00e9duction de m\u00e9dias r\u00e9gionaux, au d\u00e9triment de la diversit\u00e9 de l\u2019information et de la coh\u00e9sion territoriale.<\/li>\n<\/ul>\n\n\n\n<p class=\"wp-block-paragraph\"><strong>6. Perte de ma\u00eetrise sur des missions d\u2019int\u00e9r\u00eat g\u00e9n\u00e9ral<\/strong><\/p>\n\n\n\n<ul class=\"wp-block-list\">\n<li>Certaines missions, souvent peu rentables mais consid\u00e9r\u00e9es comme essentielles (accessibilit\u00e9, diversit\u00e9, \u00e9ducation aux m\u00e9dias, neutralit\u00e9, soutien aux minorit\u00e9s linguistiques), pourraient \u00eatre abandonn\u00e9es ou n\u00e9cessiter un financement public compensatoire pour \u00eatre maintenues, ce qui r\u00e9duirait l\u2019\u00e9conomie attendue.<\/li>\n<\/ul>\n\n\n\n<p class=\"wp-block-paragraph\"><strong>7. Risques juridiques et r\u00e9glementaires<\/strong><\/p>\n\n\n\n<ul class=\"wp-block-list\">\n<li>La privatisation devrait respecter des proc\u00e9dures europ\u00e9ennes (march\u00e9 int\u00e9rieur, aides d\u2019\u00c9tat, protection des minorit\u00e9s), potentiellement longues et complexes, pouvant g\u00e9n\u00e9rer des co\u00fbts impr\u00e9vus et retarder les \u00e9conomies escompt\u00e9es.<\/li>\n<\/ul>\n\n\n\n<p class=\"wp-block-paragraph\">En r\u00e9sum\u00e9, au-del\u00e0 de l\u2019\u00e9conomie potentielle, une privatisation de l\u2019audiovisuel public belge entra\u00eenerait des co\u00fbts de transition, des risques pour l\u2019emploi, la production audiovisuelle nationale et r\u00e9gionale, l&rsquo;information locale, la coh\u00e9sion sociale, et exigerait un traitement juridique et r\u00e9glementaire complexe, limitant fortement les b\u00e9n\u00e9fices nets attendus.<\/p>\n","protected":false},"excerpt":{"rendered":"<p>En Belgique, il n\u2019existe pas d\u2019estimation publique pr\u00e9cise et r\u00e9cente concernant l\u2019ordre de grandeur des \u00e9conomies budg\u00e9taires qu&rsquo;une privatisation totale de l\u2019audiovisuel public permettrait aux finances publiques. Toutefois, il est possible d\u2019extrapoler une estimation \u00e0 partir des cas et des chiffrages publi\u00e9s pour la France, dont le mod\u00e8le d\u2019audiovisuel public et les ordres de grandeur [&hellip;]<\/p>\n","protected":false},"author":1,"featured_media":0,"comment_status":"open","ping_status":"open","sticky":false,"template":"","format":"standard","meta":{"_monsterinsights_skip_tracking":false,"_uf_show_specific_survey":0,"_uf_disable_surveys":false,"footnotes":""},"categories":[11],"tags":[],"class_list":["post-507","post","type-post","status-publish","format-standard","hentry","category-audiovisuel"],"_links":{"self":[{"href":"https:\/\/droitemoderniste.be\/index.php\/wp-json\/wp\/v2\/posts\/507","targetHints":{"allow":["GET"]}}],"collection":[{"href":"https:\/\/droitemoderniste.be\/index.php\/wp-json\/wp\/v2\/posts"}],"about":[{"href":"https:\/\/droitemoderniste.be\/index.php\/wp-json\/wp\/v2\/types\/post"}],"author":[{"embeddable":true,"href":"https:\/\/droitemoderniste.be\/index.php\/wp-json\/wp\/v2\/users\/1"}],"replies":[{"embeddable":true,"href":"https:\/\/droitemoderniste.be\/index.php\/wp-json\/wp\/v2\/comments?post=507"}],"version-history":[{"count":1,"href":"https:\/\/droitemoderniste.be\/index.php\/wp-json\/wp\/v2\/posts\/507\/revisions"}],"predecessor-version":[{"id":509,"href":"https:\/\/droitemoderniste.be\/index.php\/wp-json\/wp\/v2\/posts\/507\/revisions\/509"}],"wp:attachment":[{"href":"https:\/\/droitemoderniste.be\/index.php\/wp-json\/wp\/v2\/media?parent=507"}],"wp:term":[{"taxonomy":"category","embeddable":true,"href":"https:\/\/droitemoderniste.be\/index.php\/wp-json\/wp\/v2\/categories?post=507"},{"taxonomy":"post_tag","embeddable":true,"href":"https:\/\/droitemoderniste.be\/index.php\/wp-json\/wp\/v2\/tags?post=507"}],"curies":[{"name":"wp","href":"https:\/\/api.w.org\/{rel}","templated":true}]}}